{"id":15655,"date":"2017-11-13T00:00:00","date_gmt":"2017-11-13T00:00:00","guid":{"rendered":"https:\/\/www.adra.sk\/adra-vecer-albansko-ocami-dobrovolnicky\/"},"modified":"2017-11-13T00:00:00","modified_gmt":"2017-11-13T00:00:00","slug":"adra-vecer-albansko-ocami-dobrovolnicky","status":"publish","type":"post","link":"https:\/\/www.adra.sk\/en\/adra-vecer-albansko-ocami-dobrovolnicky\/","title":{"rendered":"ADRA EVENING - Albania through the eyes of a volunteer"},"content":{"rendered":"<p>Are you interested in the work of volunteers or how life is in Albania?<br \/>\nCome to the ADRA EVENING in Bratislava or Ko\u0161ice and join us in the country where we have been helping for several years. The evening will also include a competitive quiz for interesting prizes! <span class=\"_5mfr _47e3\"><img decoding=\"async\" class=\"img\" role=\"presentation\" src=\"https:\/\/www.adra.sk\/wp-content\/uploads\/2020\/11\/1f609.png\" alt=\"\" width=\"16\" height=\"16\" \/><\/span><\/p>\n<p><strong><a href=\"https:\/\/www.facebook.com\/events\/1164166287047457\/\" target=\"_blank\" rel=\"noopener noreferrer\">Bratislava<\/a> - 29 November 2017 at 6 p.m. - UNIK Community Centre, Ferien\u010d\u00edkova 5, 1st floor<\/strong><\/p>\n<p><strong><a href=\"https:\/\/www.facebook.com\/events\/1499839970064448\/\" target=\"_blank\" rel=\"noopener noreferrer\">Ko\u0161ice<\/a> - 9 December 2017 at 5.30 p.m. - Hlavn\u00e1 68, 1st floor<\/strong><\/p>\n<p>\u00a0<\/p>\n<p><img fetchpriority=\"high\" decoding=\"async\" class=\"alignnone wp-image-18767\" src=\"https:\/\/www.adra.sk\/wp-content\/uploads\/2020\/11\/image003.jpeg\" alt=\"\" width=\"320\" height=\"400\" \/><\/p>\n<p>Janka Fintov\u00e1 spent 2 years in Tirana, Albania as a volunteer with ADRA Slovakia with the support of the SlovakAid programme for sending volunteers to developing countries. During one year in this country she collected funds for people in need of help. She helped in schools and went to hard to reach areas of the Albanian mountains, where she brought Christmas packages to families.<\/p>\n<p><strong>- What does volunteering involve?<\/strong><br \/>\n<strong> - How difficult is it to do development projects in Albania?<\/strong><br \/>\n<strong> - What is life like there?<\/strong><br \/>\n<strong> - Do you know what the typical Albanian tea \u201eMali\u201c tastes like?<\/strong><\/p>\n<p>\u00a0<\/p>\n<p><img decoding=\"async\" class=\"alignnone wp-image-18766\" src=\"https:\/\/www.adra.sk\/wp-content\/uploads\/2020\/11\/image002.jpeg\" alt=\"\" width=\"400\" height=\"320\" \/><\/p>\n<p>You will also learn about the new opportunity to send expert volunteers abroad through the <strong>EU Aid Volunteers<\/strong>, which we are preparing for you thanks to the initiative <strong>Humanitarian Volunteering Management<\/strong>.<span class=\"apple-converted-space\">\u00a0<\/span>The evening will also include a quiz about Albania and the winners will receive interesting prizes. We look forward to seeing you!<\/p>\n<p>Find out more about how and why we help in developing countries and in Slovakia at <a href=\"https:\/\/www.adra.sk\/en\/\" target=\"_blank\" rel=\"noopener noreferrer\"><strong>www.adra.sk<\/strong><\/a>.<\/p>\n<p>\u00a0<\/p>\n<p><img loading=\"lazy\" decoding=\"async\" class=\"alignnone wp-image-18300 size-medium\" src=\"https:\/\/www.adra.sk\/wp-content\/uploads\/2020\/11\/Eu-aid-volunteers-logo.png\" alt=\"\" width=\"300\" height=\"150\" \/><img loading=\"lazy\" decoding=\"async\" class=\"alignnone wp-image-18301\" src=\"https:\/\/www.adra.sk\/wp-content\/uploads\/2020\/11\/LOGO-HVM.jpg\" alt=\"\" width=\"200\" height=\"130\" \/><\/p>\n<p>\u00a0<\/p>","protected":false},"excerpt":{"rendered":"<p>Zauj\u00edma \u0165a pr\u00e1ca dobrovo\u013en\u00edkov \u010di to, ako sa \u017eije v Alb\u00e1nsku? Pr\u00ed\u010f na ADRA VE\u010cER v Bratislave alebo Ko\u0161iciach a prenes sa na chv\u00ed\u013eu s nami do krajiny, v ktorej pom\u00e1hame u\u017e nieko\u013eko rokov.\u00a0S\u00fa\u010das\u0165ou ve\u010dera bude aj s\u00fa\u0165a\u017en\u00fd kv\u00edz o zauj\u00edmav\u00e9 ceny! Bratislava &#8211; 29. novembra 2017 o 18,00 hod. &#8211; Komunitn\u00e9 centrum UNIK, Ferien\u010d\u00edkova [&hellip;]<\/p>\n","protected":false},"author":11,"featured_media":15656,"comment_status":"open","ping_status":"open","sticky":false,"template":"","format":"standard","meta":{"_acf_changed":false,"ngg_post_thumbnail":0,"footnotes":""},"categories":[293,1],"tags":[],"class_list":["post-15655","post","type-post","status-publish","format-standard","has-post-thumbnail","hentry","category-novinky","category-uncategorized"],"acf":[],"_links":{"self":[{"href":"https:\/\/www.adra.sk\/en\/wp-json\/wp\/v2\/posts\/15655","targetHints":{"allow":["GET"]}}],"collection":[{"href":"https:\/\/www.adra.sk\/en\/wp-json\/wp\/v2\/posts"}],"about":[{"href":"https:\/\/www.adra.sk\/en\/wp-json\/wp\/v2\/types\/post"}],"author":[{"embeddable":true,"href":"https:\/\/www.adra.sk\/en\/wp-json\/wp\/v2\/users\/11"}],"replies":[{"embeddable":true,"href":"https:\/\/www.adra.sk\/en\/wp-json\/wp\/v2\/comments?post=15655"}],"version-history":[{"count":0,"href":"https:\/\/www.adra.sk\/en\/wp-json\/wp\/v2\/posts\/15655\/revisions"}],"wp:featuredmedia":[{"embeddable":true,"href":"https:\/\/www.adra.sk\/en\/wp-json\/wp\/v2\/media\/15656"}],"wp:attachment":[{"href":"https:\/\/www.adra.sk\/en\/wp-json\/wp\/v2\/media?parent=15655"}],"wp:term":[{"taxonomy":"category","embeddable":true,"href":"https:\/\/www.adra.sk\/en\/wp-json\/wp\/v2\/categories?post=15655"},{"taxonomy":"post_tag","embeddable":true,"href":"https:\/\/www.adra.sk\/en\/wp-json\/wp\/v2\/tags?post=15655"}],"curies":[{"name":"wp","href":"https:\/\/api.w.org\/{rel}","templated":true}]}}