{"id":15686,"date":"2018-02-13T00:00:00","date_gmt":"2018-02-13T00:00:00","guid":{"rendered":"https:\/\/www.adra.sk\/adra-slovensko-oslavi-tento-rok-25-vyrocie\/"},"modified":"2018-02-13T00:00:00","modified_gmt":"2018-02-13T00:00:00","slug":"adra-slovensko-oslavi-tento-rok-25-vyrocie","status":"publish","type":"post","link":"https:\/\/www.adra.sk\/en\/adra-slovensko-oslavi-tento-rok-25-vyrocie\/","title":{"rendered":"25 years helping with us"},"content":{"rendered":"<p>ADRA Slovakia will celebrate its 25th anniversary this year. For 25 years you have been helping people in need with us! We cordially invite you to a special program on this occasion, which will take place on Saturday\u00a0<strong>16 June 2018 from 10.00 a.m. in Bratislava, Cablkova 3<\/strong>. We look forward to seeing you.<\/p>\n<p>#25yearsADRA<\/p>\n<p>\u00a0<\/p>\n<p><strong>Live online streaming<\/strong> You can watch a recording of the event here:\u00a0<strong><a href=\"https:\/\/www.youtube.com\/watch?v=HusieQOerVk\" target=\"_blank\" rel=\"noopener noreferrer\">25th anniversary of ADRA Slovakia, 16 June, 10.00 a.m.<\/a><\/strong><\/p>\n<p>\u00a0<\/p>\n<blockquote class=\"wp-embedded-content\" data-secret=\"1J8mYqD0Bz\"><p><a href=\"https:\/\/www.adra.sk\/en\/vyrocna-sprava-2017-nasa-pomoc-ma-zmysel\/\">Annual Report 2017 - Our Aid Makes a Difference<\/a><\/p><\/blockquote>\n<p><iframe class=\"wp-embedded-content\" sandbox=\"allow-scripts\" security=\"restricted\" style=\"position: absolute; clip: rect(1px, 1px, 1px, 1px);\" title=\"\u201cAnnual Report 2017 - Our Help Makes Sense\u201d - ADRA Slovakia\" src=\"https:\/\/www.adra.sk\/vyrocna-sprava-2017-nasa-pomoc-ma-zmysel\/embed\/#?secret=1J8mYqD0Bz\" data-secret=\"1J8mYqD0Bz\" width=\"600\" height=\"338\" frameborder=\"0\" marginwidth=\"0\" marginheight=\"0\" scrolling=\"no\"><\/iframe><\/p>\n<p>\u00a0<\/p>\n<p>\u00a0<\/p>","protected":false},"excerpt":{"rendered":"<p>ADRA Slovensko osl\u00e1vi tento rok 25. v\u00fdro\u010die svojho vzniku. U\u017e 25 rokov pom\u00e1hate \u013eu\u010fom v n\u00fadzi s nami! Srde\u010dne v\u00e1s poz\u00fdvame na \u0161peci\u00e1lny program pri tejto pr\u00edle\u017eitosti, ktor\u00fd sa bude kona\u0165 v sobotu\u00a016. j\u00fana 2018 od 10,00 hod. v Bratislave na Cablkovej 3. Te\u0161\u00edme sa na v\u00e1s. #25rokovADRA \u00a0 \u017div\u00fd online prenos \u010di z\u00e1znam z [&hellip;]<\/p>\n","protected":false},"author":11,"featured_media":15687,"comment_status":"open","ping_status":"open","sticky":false,"template":"","format":"standard","meta":{"_acf_changed":false,"ngg_post_thumbnail":0,"footnotes":""},"categories":[293,1],"tags":[],"class_list":["post-15686","post","type-post","status-publish","format-standard","has-post-thumbnail","hentry","category-novinky","category-uncategorized"],"acf":[],"_links":{"self":[{"href":"https:\/\/www.adra.sk\/en\/wp-json\/wp\/v2\/posts\/15686","targetHints":{"allow":["GET"]}}],"collection":[{"href":"https:\/\/www.adra.sk\/en\/wp-json\/wp\/v2\/posts"}],"about":[{"href":"https:\/\/www.adra.sk\/en\/wp-json\/wp\/v2\/types\/post"}],"author":[{"embeddable":true,"href":"https:\/\/www.adra.sk\/en\/wp-json\/wp\/v2\/users\/11"}],"replies":[{"embeddable":true,"href":"https:\/\/www.adra.sk\/en\/wp-json\/wp\/v2\/comments?post=15686"}],"version-history":[{"count":0,"href":"https:\/\/www.adra.sk\/en\/wp-json\/wp\/v2\/posts\/15686\/revisions"}],"wp:featuredmedia":[{"embeddable":true,"href":"https:\/\/www.adra.sk\/en\/wp-json\/wp\/v2\/media\/15687"}],"wp:attachment":[{"href":"https:\/\/www.adra.sk\/en\/wp-json\/wp\/v2\/media?parent=15686"}],"wp:term":[{"taxonomy":"category","embeddable":true,"href":"https:\/\/www.adra.sk\/en\/wp-json\/wp\/v2\/categories?post=15686"},{"taxonomy":"post_tag","embeddable":true,"href":"https:\/\/www.adra.sk\/en\/wp-json\/wp\/v2\/tags?post=15686"}],"curies":[{"name":"wp","href":"https:\/\/api.w.org\/{rel}","templated":true}]}}