{"id":15700,"date":"2018-04-10T00:00:00","date_gmt":"2018-04-10T00:00:00","guid":{"rendered":"https:\/\/www.adra.sk\/darujeme-25-eko-taska\/"},"modified":"2018-04-10T00:00:00","modified_gmt":"2018-04-10T00:00:00","slug":"darujeme-25-eko-taska","status":"publish","type":"post","link":"https:\/\/www.adra.sk\/en\/darujeme-25-eko-taska\/","title":{"rendered":"You donate 25 Euros, we give you an eco bag"},"content":{"rendered":"<p>OSLAVUJEME TO\u013dKO ROKOV, \u010cO SLOVENSKO! DARUJTE TERAZ 25 EUR<\/p>\n<p><strong>U\u017e 25 rokov pom\u00e1hate s nami.<\/strong> Pom\u00f4\u017ete teraz \u013eu\u010fom v n\u00fadzi na Slovensku \u013eubovo\u013enou sumou alebo darujte 25 Eur a viac a automaticky z\u00edskate kr\u00e1snu eko ta\u0161ku s n\u00e1pisom &#8222;M\u00e1m to \u0165a\u017ek\u00e9, ale ke\u010f m\u00f4\u017eem, pom\u00f4\u017eem&#8220;. Nebudeme \u017erebova\u0165, <strong>origin\u00e1lnu eko\u00a0ta\u0161ku automaticky z\u00edska ka\u017ed\u00fd, kto podpor\u00ed na\u0161e projekty min. sumou 25 Eur<\/strong> a osl\u00e1vi tak s nami 25 rokov pom\u00e1hania na Slovensku &#8211; <a href=\"https:\/\/www.adra.sk\/en\/adra-slovensko-oslavi-tento-rok-25-vyrocie\/\" target=\"_blank\" rel=\"noopener noreferrer\">25. v\u00fdro\u010die ADRA Slovensko<\/a>.<\/p>\n<p>\u00a0<\/p>\n<p><strong>Daruj teraz online 25 Eur (alebo viac) na pomoc \u013eu\u010fom v n\u00fadzi na Slovensku:<\/strong><\/p>\n<h2><span style=\"color: #ff0000\"><strong><a style=\"color: #ff0000\" href=\"https:\/\/adra.darujme.sk\/1393\/\" target=\"_blank\" rel=\"nofollow noopener noreferrer\" data-lynx-mode=\"origin\" data-lynx-uri=\"https:\/\/l.facebook.com\/l.php?u=https%3A%2F%2Fadra.darujme.sk%2F1393%2F&amp;h=ATMUThD2d2nmarn3j5S2Ao9OAdjDLgKBxtZmUHKud5z4lSOdHQd7is2DzJqlSF_SFgWEudov8_xq4n9K-wgzOQD_TVoYVSSYVd7a0TsYklnFCnIvGLFThTD5VCMKhGXozQgU-560CV2FPg\">&gt;&gt;DAROVA\u0164 TERAZ&lt;&lt;<\/a><\/strong><\/span><\/h2>\n<p>\u00a0<\/p>\n<p><strong>a my ti na opl\u00e1tku po\u0161leme kvalitn\u00fa a \u0161ikovn\u00fa eko ta\u0161ku<\/strong>. Ponuka plat\u00ed do konca augusta 2018, kontaktova\u0165 \u0165a budeme e-mailom. Viac o tom, ako a pre\u010do pom\u00e1hame, zist\u00ed\u0161 na <a href=\"https:\/\/www.adra.sk\/en\/\" target=\"_blank\" rel=\"noopener noreferrer\">www.adra.sk<\/a>.<\/p>\n<p><strong>Thank you for helping with us. For 25 years.<\/strong><\/p>\n<p>#25yearsADRA<\/p>\n<p>\u00a0<\/p>\n<p><img fetchpriority=\"high\" decoding=\"async\" class=\"alignnone wp-image-19126\" src=\"https:\/\/www.adra.sk\/wp-content\/uploads\/2020\/11\/IMG_2859-scaled.jpg\" alt=\"\" width=\"300\" height=\"375\" \/><\/p>\n<p>\u00a0<\/p>\n<blockquote class=\"wp-embedded-content\" data-secret=\"VtATCBsrLo\"><p><a href=\"https:\/\/www.adra.sk\/en\/25rokov\/\">You have been helping with us for 25 years. Thank you<\/a><\/p><\/blockquote>\n<p><iframe class=\"wp-embedded-content\" sandbox=\"allow-scripts\" security=\"restricted\" style=\"position: absolute; clip: rect(1px, 1px, 1px, 1px);\" title=\"&#8220;U\u017e 25 rokov pom\u00e1hate s nami. \u010eakujeme&#8221; &#8212; ADRA Slovensko\" src=\"https:\/\/www.adra.sk\/25rokov\/embed\/#?secret=VtATCBsrLo\" data-secret=\"VtATCBsrLo\" width=\"600\" height=\"338\" frameborder=\"0\" marginwidth=\"0\" marginheight=\"0\" scrolling=\"no\"><\/iframe><\/p>\n<p>\u00a0<\/p>\n<blockquote class=\"wp-embedded-content\" data-secret=\"PSZJ9uGF1l\"><p><a href=\"https:\/\/www.adra.sk\/en\/vyrocna-sprava-2017-nasa-pomoc-ma-zmysel\/\">Annual Report 2017 - Our Aid Makes a Difference<\/a><\/p><\/blockquote>\n<p><iframe class=\"wp-embedded-content\" sandbox=\"allow-scripts\" security=\"restricted\" style=\"position: absolute; clip: rect(1px, 1px, 1px, 1px);\" title=\"\u201cAnnual Report 2017 - Our Help Makes Sense\u201d - ADRA Slovakia\" src=\"https:\/\/www.adra.sk\/vyrocna-sprava-2017-nasa-pomoc-ma-zmysel\/embed\/#?secret=PSZJ9uGF1l\" data-secret=\"PSZJ9uGF1l\" width=\"600\" height=\"338\" frameborder=\"0\" marginwidth=\"0\" marginheight=\"0\" scrolling=\"no\"><\/iframe><\/p>\n<p>\u00a0<\/p>","protected":false},"excerpt":{"rendered":"<p>OSLAVUJEME TO\u013dKO ROKOV, \u010cO SLOVENSKO! DARUJTE TERAZ 25 EUR U\u017e 25 rokov pom\u00e1hate s nami. Pom\u00f4\u017ete teraz \u013eu\u010fom v n\u00fadzi na Slovensku \u013eubovo\u013enou sumou alebo darujte 25 Eur a viac a automaticky z\u00edskate kr\u00e1snu eko ta\u0161ku s n\u00e1pisom &#8222;M\u00e1m to \u0165a\u017ek\u00e9, ale ke\u010f m\u00f4\u017eem, pom\u00f4\u017eem&#8220;. Nebudeme \u017erebova\u0165, origin\u00e1lnu eko\u00a0ta\u0161ku automaticky z\u00edska ka\u017ed\u00fd, kto podpor\u00ed na\u0161e [&hellip;]<\/p>\n","protected":false},"author":11,"featured_media":15701,"comment_status":"open","ping_status":"open","sticky":false,"template":"","format":"standard","meta":{"_acf_changed":false,"ngg_post_thumbnail":0,"footnotes":""},"categories":[293,1],"tags":[],"class_list":["post-15700","post","type-post","status-publish","format-standard","has-post-thumbnail","hentry","category-novinky","category-uncategorized"],"acf":[],"_links":{"self":[{"href":"https:\/\/www.adra.sk\/en\/wp-json\/wp\/v2\/posts\/15700","targetHints":{"allow":["GET"]}}],"collection":[{"href":"https:\/\/www.adra.sk\/en\/wp-json\/wp\/v2\/posts"}],"about":[{"href":"https:\/\/www.adra.sk\/en\/wp-json\/wp\/v2\/types\/post"}],"author":[{"embeddable":true,"href":"https:\/\/www.adra.sk\/en\/wp-json\/wp\/v2\/users\/11"}],"replies":[{"embeddable":true,"href":"https:\/\/www.adra.sk\/en\/wp-json\/wp\/v2\/comments?post=15700"}],"version-history":[{"count":0,"href":"https:\/\/www.adra.sk\/en\/wp-json\/wp\/v2\/posts\/15700\/revisions"}],"wp:featuredmedia":[{"embeddable":true,"href":"https:\/\/www.adra.sk\/en\/wp-json\/wp\/v2\/media\/15701"}],"wp:attachment":[{"href":"https:\/\/www.adra.sk\/en\/wp-json\/wp\/v2\/media?parent=15700"}],"wp:term":[{"taxonomy":"category","embeddable":true,"href":"https:\/\/www.adra.sk\/en\/wp-json\/wp\/v2\/categories?post=15700"},{"taxonomy":"post_tag","embeddable":true,"href":"https:\/\/www.adra.sk\/en\/wp-json\/wp\/v2\/tags?post=15700"}],"curies":[{"name":"wp","href":"https:\/\/api.w.org\/{rel}","templated":true}]}}