{"id":15762,"date":"2018-08-27T00:00:00","date_gmt":"2018-08-27T00:00:00","guid":{"rendered":"https:\/\/www.adra.sk\/adra-vecer-za-oponou-raja\/"},"modified":"2018-08-27T00:00:00","modified_gmt":"2018-08-27T00:00:00","slug":"adra-vecer-za-oponou-raja","status":"publish","type":"post","link":"https:\/\/www.adra.sk\/en\/adra-vecer-za-oponou-raja\/","title":{"rendered":"Behind the curtain of paradise - Philippines, ADRA Evening in Bratislava and Ko\u0161ice"},"content":{"rendered":"<p>We cordially invite you to the 10th. ADRA discussion evening with development and humanitarian topics:<\/p>\n<h3><strong>&gt;&gt;Behind the curtain of paradise - Philippines with Barbora \u0160i\u0161kov\u00e1&lt;&lt;&lt;<\/strong><\/h3>\n<p>\u00a0<\/p>\n<p><a href=\"https:\/\/www.facebook.com\/events\/1779074938828339\/\" target=\"_blank\" rel=\"noopener noreferrer\"><strong>Bratislava: 13 September 2018 at 6 p.m., Community Centre \u00danik, Ferien\u010d\u00edkova 5<\/strong><\/a>\u00a0-\u00a0<a href=\"https:\/\/drive.google.com\/file\/d\/1A16B4YrMBnhgZmTjHHu9ITgoU6u8BPcu\/view?usp=sharing\" target=\"_blank\" rel=\"noopener noreferrer\">print poster<\/a><\/p>\n<p><strong><a href=\"https:\/\/www.facebook.com\/events\/270891610303023\/\" target=\"_blank\" rel=\"noopener noreferrer\">Ko\u0161ice: 15 September 2018 at 5.30 p.m., Hlavn\u00e1 68, 1st floor (room 101)<\/a>\u00a0<\/strong>- <a href=\"https:\/\/drive.google.com\/file\/d\/18mj8ur2A5eztdPBj1wtqukpOKvTcEm_W\/view?usp=sharing\" target=\"_blank\" rel=\"noopener noreferrer\">print poster<\/a><\/p>\n<p>\u00a0<\/p>\n<p>Barbora \u0160i\u0161kov\u00e1 went on her mission to the Philippines at the end of last year under the auspices of ADRA Slovakia and with the financial support of SlovakAid. Our volunteer will tell you what she experienced, how development aid works and what are the biggest thorns of the tropics in the first half of September.<\/p>\n<p>You can also look forward to <strong>mini quiz<\/strong>, the winners will not leave without a prize!<\/p>\n<p>You can also find out more about volunteering opportunities through SlovakAid and EU Aid Volunteers.<\/p>\n<p>The project was financially secured by: <strong>SlovakAid<\/strong><br \/>\nSending organisation: <strong>ADRA Slovakia<\/strong><\/p>\n<p>\u00a0<\/p>\n<p><img fetchpriority=\"high\" decoding=\"async\" class=\"alignnone wp-image-19756\" src=\"https:\/\/www.adra.sk\/wp-content\/uploads\/2020\/11\/IMG_2189-scaled.jpg\" alt=\"\" width=\"400\" height=\"300\" \/><img decoding=\"async\" class=\"alignnone wp-image-19762\" src=\"https:\/\/www.adra.sk\/wp-content\/uploads\/2020\/11\/2-scaled.jpg\" alt=\"\" width=\"400\" height=\"300\" \/><img decoding=\"async\" class=\"alignnone wp-image-19763\" src=\"https:\/\/www.adra.sk\/wp-content\/uploads\/2020\/11\/IMG_1089-scaled.jpg\" alt=\"\" width=\"400\" height=\"300\" \/><img loading=\"lazy\" decoding=\"async\" class=\"alignnone wp-image-19534\" src=\"https:\/\/www.adra.sk\/wp-content\/uploads\/2020\/11\/27835962_10213528659643610_236720060_o-scaled.jpeg\" alt=\"\" width=\"400\" height=\"300\" \/><\/p>\n<p>\u00a0<\/p>\n<p><img loading=\"lazy\" decoding=\"async\" class=\"alignnone wp-image-17100 size-full\" src=\"https:\/\/www.adra.sk\/wp-content\/uploads\/2020\/11\/slovakaid_color.png\" alt=\"\" width=\"220\" height=\"120\" \/><img loading=\"lazy\" decoding=\"async\" class=\"alignnone wp-image-18300 size-medium\" src=\"https:\/\/www.adra.sk\/wp-content\/uploads\/2020\/11\/Eu-aid-volunteers-logo.png\" alt=\"\" width=\"300\" height=\"150\" \/><\/p>","protected":false},"excerpt":{"rendered":"<p>Srde\u010dne \u0165a poz\u00fdvame na 10. ADRA diskusn\u00fd ve\u010der s rozvojovou a humanit\u00e1rnou tematikou: &gt;&gt;Za oponou raja \u2013 Filip\u00edny s\u00a0Barborou \u0160i\u0161kovou&lt;&lt; \u00a0 Bratislava: 13. 9. 2018 o 18,00 hod., Komunitn\u00e9 centrum \u00danik, Ferien\u010d\u00edkova 5\u00a0&#8211;\u00a0vytla\u010di\u0165 plag\u00e1t Ko\u0161ice: 15. 9. 2018 o 17,30 hod., Hlavn\u00e1 68, 1. poschodie (miestnos\u0165 \u010d. 101)\u00a0&#8211; vytla\u010di\u0165 plag\u00e1t \u00a0 Barbora \u0160i\u0161kov\u00e1 sa vydala [&hellip;]<\/p>\n","protected":false},"author":11,"featured_media":15763,"comment_status":"open","ping_status":"open","sticky":false,"template":"","format":"standard","meta":{"_acf_changed":false,"ngg_post_thumbnail":0,"footnotes":""},"categories":[293,1],"tags":[],"class_list":["post-15762","post","type-post","status-publish","format-standard","has-post-thumbnail","hentry","category-novinky","category-uncategorized"],"acf":[],"_links":{"self":[{"href":"https:\/\/www.adra.sk\/en\/wp-json\/wp\/v2\/posts\/15762","targetHints":{"allow":["GET"]}}],"collection":[{"href":"https:\/\/www.adra.sk\/en\/wp-json\/wp\/v2\/posts"}],"about":[{"href":"https:\/\/www.adra.sk\/en\/wp-json\/wp\/v2\/types\/post"}],"author":[{"embeddable":true,"href":"https:\/\/www.adra.sk\/en\/wp-json\/wp\/v2\/users\/11"}],"replies":[{"embeddable":true,"href":"https:\/\/www.adra.sk\/en\/wp-json\/wp\/v2\/comments?post=15762"}],"version-history":[{"count":0,"href":"https:\/\/www.adra.sk\/en\/wp-json\/wp\/v2\/posts\/15762\/revisions"}],"wp:featuredmedia":[{"embeddable":true,"href":"https:\/\/www.adra.sk\/en\/wp-json\/wp\/v2\/media\/15763"}],"wp:attachment":[{"href":"https:\/\/www.adra.sk\/en\/wp-json\/wp\/v2\/media?parent=15762"}],"wp:term":[{"taxonomy":"category","embeddable":true,"href":"https:\/\/www.adra.sk\/en\/wp-json\/wp\/v2\/categories?post=15762"},{"taxonomy":"post_tag","embeddable":true,"href":"https:\/\/www.adra.sk\/en\/wp-json\/wp\/v2\/tags?post=15762"}],"curies":[{"name":"wp","href":"https:\/\/api.w.org\/{rel}","templated":true}]}}