{"id":15799,"date":"2018-11-26T00:00:00","date_gmt":"2018-11-26T00:00:00","guid":{"rendered":"https:\/\/www.adra.sk\/podporte-adra-kit-giving-tuesday\/"},"modified":"2018-11-26T00:00:00","modified_gmt":"2018-11-26T00:00:00","slug":"podporte-adra-kit-giving-tuesday","status":"publish","type":"post","link":"https:\/\/www.adra.sk\/en\/podporte-adra-kit-giving-tuesday\/","title":{"rendered":"Support our ADRA KIT in the Giving Tuesday campaign"},"content":{"rendered":"<p>Global charity campaign will take place in Slovakia again this year <strong><a class=\"_58cn\" href=\"https:\/\/adra.darujme.sk\/1393\/\" target=\"_blank\" rel=\"noopener noreferrer\"><span class=\"_5afx\"><span class=\"_58cl _5afz\" aria-label=\"hashtag\">#<\/span><span class=\"_58cm\">GivingTuesday<\/span><\/span><\/a><\/strong>! On Tuesday (27 November), people in more than 100 countries around the world will once again do good deeds and be generous. Join the more than two billion people who are thinking of others on this day a little more than ever and help. <strong>Our ADRA KIT and the victims of violence we effectively help really need it.<\/strong><\/p>\n<p><img fetchpriority=\"high\" decoding=\"async\" class=\"aligncenter wp-image-20092 size-medium\" src=\"https:\/\/www.adra.sk\/wp-content\/uploads\/2020\/11\/1FBpost_KIT_adragivingtuesday.png\" alt=\"\" width=\"300\" height=\"300\" \/><\/p>\n<p>The rising statistics of reported cases of domestic and sexual violence in recent years have forced us to act - we at ADRA Slovakia have decided that we will not stay silent and we will speak out about violence. <strong>A year ago we set up KIT (Crisis Intervention Team),<\/strong> which provides comprehensive psycho-social and legal assistance to victims of violence. In order for KIT to be able to continue functioning, <strong>we need to cover costs<\/strong> for transport for crisis intervention in the field and remuneration for the work done by three female experts.<\/p>\n<p>Financially support our campaign for a new life with dignity for victims of violence and together let's say NO to violence. <strong>If you donate online by midnight on 27.11. <\/strong>to help people in need with at least 25 Euros on our donation page:<\/p>\n<p><strong><a href=\"https:\/\/adra.darujme.sk\/2415\/\" target=\"_blank\" rel=\"nofollow noopener noreferrer\" data-lynx-mode=\"origin\"><span style=\"color: #ff0000\">&gt;&gt;adra.darujme.sk&lt;&lt;<\/span><\/a><\/strong>,<\/p>\n<p><strong>you will be entered into a prize draw to win an original ADRA Travel Kit.<\/strong><\/p>\n<p>Donate to <a href=\"https:\/\/adra.darujme.sk\/2415\/\" target=\"_blank\" rel=\"noopener noreferrer\">Now<\/a> any amount or help in any other way:\u00a0<a href=\"https:\/\/www.givingtuesday.sk\/neziskovky\/adra-slovensko-1\/www.adra.sk\/www.adra.sk\/\" target=\"_blank\" rel=\"noopener noreferrer\">in this ADRA account.<\/a> Every help counts.<\/p>\n<p><a class=\"_58cn\" href=\"https:\/\/www.facebook.com\/hashtag\/mozempomozem?source=feed_text&amp;story_id=1704232529629410\"><span class=\"_5afx\"><span class=\"_58cl _5afz\" aria-label=\"hashtag\">#<\/span><span class=\"_58cm\">mozemHelp, #GivingTuesday, #adraKIT #ADRA<\/span><\/span><\/a><\/p>\n<p><img decoding=\"async\" class=\"aligncenter wp-image-20093 size-medium\" src=\"https:\/\/www.adra.sk\/wp-content\/uploads\/2020\/11\/ADRA-KIT-kampan.jpg\" alt=\"\" width=\"300\" height=\"169\" \/><\/p>\n<p>Find out more about why and how we help people in need in Slovakia and in much poorer countries at <a href=\"https:\/\/www.adra.sk\/en\/\" target=\"_blank\" rel=\"noopener noreferrer\">www.adra.sk<\/a>. Thank you for helping with us.<\/p>\n<p>\u00a0<\/p>","protected":false},"excerpt":{"rendered":"<p>I tento rok sa na Slovensku uskuto\u010dn\u00ed glob\u00e1lna charitat\u00edvna kampa\u0148 #GivingTuesday! V utorok (27. novembra) \u013eudia vo vy\u0161e 100 krajin\u00e1ch sveta bud\u00fa op\u00e4\u0165 robi\u0165 dobr\u00e9 skutky a bud\u00fa \u0161tedr\u00ed. Pridajte sa k vy\u0161e dvom miliard\u00e1m \u013eud\u00ed, ktor\u00ed v tento de\u0148 myslia na druh\u00fdch o nie\u010do viac ako inokedy a pom\u00f4\u017ete. N\u00e1\u0161 ADRA KIT a obete [&hellip;]<\/p>\n","protected":false},"author":11,"featured_media":15797,"comment_status":"open","ping_status":"open","sticky":false,"template":"","format":"standard","meta":{"_acf_changed":false,"ngg_post_thumbnail":0,"footnotes":""},"categories":[293,1],"tags":[],"class_list":["post-15799","post","type-post","status-publish","format-standard","has-post-thumbnail","hentry","category-novinky","category-uncategorized"],"acf":[],"_links":{"self":[{"href":"https:\/\/www.adra.sk\/en\/wp-json\/wp\/v2\/posts\/15799","targetHints":{"allow":["GET"]}}],"collection":[{"href":"https:\/\/www.adra.sk\/en\/wp-json\/wp\/v2\/posts"}],"about":[{"href":"https:\/\/www.adra.sk\/en\/wp-json\/wp\/v2\/types\/post"}],"author":[{"embeddable":true,"href":"https:\/\/www.adra.sk\/en\/wp-json\/wp\/v2\/users\/11"}],"replies":[{"embeddable":true,"href":"https:\/\/www.adra.sk\/en\/wp-json\/wp\/v2\/comments?post=15799"}],"version-history":[{"count":0,"href":"https:\/\/www.adra.sk\/en\/wp-json\/wp\/v2\/posts\/15799\/revisions"}],"wp:featuredmedia":[{"embeddable":true,"href":"https:\/\/www.adra.sk\/en\/wp-json\/wp\/v2\/media\/15797"}],"wp:attachment":[{"href":"https:\/\/www.adra.sk\/en\/wp-json\/wp\/v2\/media?parent=15799"}],"wp:term":[{"taxonomy":"category","embeddable":true,"href":"https:\/\/www.adra.sk\/en\/wp-json\/wp\/v2\/categories?post=15799"},{"taxonomy":"post_tag","embeddable":true,"href":"https:\/\/www.adra.sk\/en\/wp-json\/wp\/v2\/tags?post=15799"}],"curies":[{"name":"wp","href":"https:\/\/api.w.org\/{rel}","templated":true}]}}