{"id":15805,"date":"2018-12-05T00:00:00","date_gmt":"2018-12-05T00:00:00","guid":{"rendered":"https:\/\/www.adra.sk\/sobota-s-adrou-2018\/"},"modified":"2018-12-05T00:00:00","modified_gmt":"2018-12-05T00:00:00","slug":"sobota-s-adrou-2018","status":"publish","type":"post","link":"https:\/\/www.adra.sk\/en\/sobota-s-adrou-2018\/","title":{"rendered":"Saturday with \u201eadra\u201c this year on the theme: relationships and violence"},"content":{"rendered":"<p>This year we are celebrating 25 years of our humanitarian and development organization ADRA Slovakia. During the summer anniversary celebration you had the opportunity to learn more or less formally - how we help in the poorest regions of the world, but also at home in Slovakia. Also this year, during <strong>Saturdays with \u201eadra\u201c (8 December)<\/strong> we will give you an overview of our work and how you can get involved with us.<\/p>\n<p>Thematically, during the Saturday with \u201eadra\u201c we will focus on <strong>the work of our KIT<\/strong> (Crisis Intervention Team) and its important \u201cLiving with Dignity\u201d campaign. The main slogan is: \u201eI am what I may!?\u201c <strong>with the subtitle: relationships and violence<\/strong>. The KIT experts will try to explain to the attendees how this relates to values such as love and justice, and whether psychology and law can help us in this. We will also look at a specific example of a client where a case of domestic violence was dealt with. Although it is not a cheerful topic, it can be presented to the elderly and children in an engaging, sensitive and informative way.<\/p>\n<p><img fetchpriority=\"high\" decoding=\"async\" class=\"aligncenter wp-image-20231 size-medium\" src=\"https:\/\/www.adra.sk\/wp-content\/uploads\/2020\/11\/PLAGAT-KIT-sobota-s-adrou.jpg\" alt=\"\" width=\"212\" height=\"300\" \/><\/p>\n<p>We are looking forward to meeting you and your questions - in the morning during the presentation and discussion with the guests live in Bratislava (as part of <a href=\"https:\/\/www.youtube.com\/watch?v=jJM1HNcPLHE\" target=\"_blank\" rel=\"noopener noreferrer\">live video transmission<\/a> also in other branches in the Slovak Republic).<\/p>\n<p><strong>When?<\/strong> 8 December 2018 from 11:00<\/p>\n<p><strong>Where?<\/strong> V <a href=\"http:\/\/www.casd.sk\/nase-zbory\/\" target=\"_blank\" rel=\"noopener noreferrer\">choirs<\/a> CASD in Slovakia<\/p>\n<p>\u00a0<\/p>","protected":false},"excerpt":{"rendered":"<p>Cel\u00fd tento rok oslavujeme 25 rokov existencie na\u0161ej humanit\u00e1rnej a rozvojovej organiz\u00e1cie ADRA Slovensko. Po\u010das letnej oslavy v\u00fdro\u010dia ste sa mali mo\u017enos\u0165 viac \u010di menej form\u00e1lne dozvedie\u0165 \u2013 ako pom\u00e1hame v najchudobnej\u0161\u00edch regi\u00f3noch sveta, ale aj doma na Slovensku. Aj tento rok v\u00e1m po\u010das Soboty s &#8222;adrou&#8220; (8. decembra) pribl\u00ed\u017eime na\u0161u pr\u00e1cu a mo\u017enosti, ako [&hellip;]<\/p>\n","protected":false},"author":11,"featured_media":15806,"comment_status":"open","ping_status":"open","sticky":false,"template":"","format":"standard","meta":{"_acf_changed":false,"ngg_post_thumbnail":0,"footnotes":""},"categories":[293,1],"tags":[],"class_list":["post-15805","post","type-post","status-publish","format-standard","has-post-thumbnail","hentry","category-novinky","category-uncategorized"],"acf":[],"_links":{"self":[{"href":"https:\/\/www.adra.sk\/en\/wp-json\/wp\/v2\/posts\/15805","targetHints":{"allow":["GET"]}}],"collection":[{"href":"https:\/\/www.adra.sk\/en\/wp-json\/wp\/v2\/posts"}],"about":[{"href":"https:\/\/www.adra.sk\/en\/wp-json\/wp\/v2\/types\/post"}],"author":[{"embeddable":true,"href":"https:\/\/www.adra.sk\/en\/wp-json\/wp\/v2\/users\/11"}],"replies":[{"embeddable":true,"href":"https:\/\/www.adra.sk\/en\/wp-json\/wp\/v2\/comments?post=15805"}],"version-history":[{"count":0,"href":"https:\/\/www.adra.sk\/en\/wp-json\/wp\/v2\/posts\/15805\/revisions"}],"wp:featuredmedia":[{"embeddable":true,"href":"https:\/\/www.adra.sk\/en\/wp-json\/wp\/v2\/media\/15806"}],"wp:attachment":[{"href":"https:\/\/www.adra.sk\/en\/wp-json\/wp\/v2\/media?parent=15805"}],"wp:term":[{"taxonomy":"category","embeddable":true,"href":"https:\/\/www.adra.sk\/en\/wp-json\/wp\/v2\/categories?post=15805"},{"taxonomy":"post_tag","embeddable":true,"href":"https:\/\/www.adra.sk\/en\/wp-json\/wp\/v2\/tags?post=15805"}],"curies":[{"name":"wp","href":"https:\/\/api.w.org\/{rel}","templated":true}]}}