{"id":15814,"date":"2018-11-25T00:00:00","date_gmt":"2018-11-25T00:00:00","guid":{"rendered":"https:\/\/www.adra.sk\/16-dni-aktivizmu-proti-nasiliu\/"},"modified":"2018-11-25T00:00:00","modified_gmt":"2018-11-25T00:00:00","slug":"16-dni-aktivizmu-proti-nasiliu","status":"publish","type":"post","link":"https:\/\/www.adra.sk\/en\/16-dni-aktivizmu-proti-nasiliu\/","title":{"rendered":"16 days of activism against violence against women with the subtitle: #HearMeToo"},"content":{"rendered":"<p>Start at <strong>Global campaign \u201816 Days of Activism<\/strong> Against Violence Against Women\u2019 falls annually on 25. November - International Day for the Elimination of Violence against Women. This year, NGOs, initiatives and individuals are also participating in the campaign in Slovakia. <strong>Including ADRA Slovakia and our KIT<\/strong> (Crisis Intervention Team).<\/p>\n<p>In the last two years, violence in our country has been <strong>thirteen women murdered<\/strong>. All were murdered by their husbands or partners. Most of them died because they wanted to leave or divorce from a relationship in which they were experiencing violence. Children also witnessed the murders.<\/p>\n<p>As the Fenestra organisation in Ko\u0161ice, which organises the \u201816 Days of Activism Against Violence Against Women\u2019 campaign in the Slovak Republic, points out, \u201cFemicide is the most serious consequence of violence against women. They are <strong>a memento of the failure of the entire society<\/strong> in protecting women and their children from violence and respecting women's rights. All women have the right to life, and they also have the right to freedom and self-determination. These rights are inviolable.\u201d<\/p>\n<p><span lang=\"SK\">The lawyer, Daniela Borzov\u00e1, in a statement by KIT on the campaign, says: \u201e<\/span>Each of us has the right to live in dignity, free from violence and without being constrained by the action of another subject in a violent way. Each of us has <strong>the right to choose<\/strong> (and thus free to decide) how to deal with his life. And no one may prevent him from doing so.\u201c<\/p>\n<p><strong>The right to life<\/strong> is a fundamental human right. But it is not only the right to life that is associated with the victim's experience of violence. However, the KIT experts point out <span lang=\"SK\">the reality when \u201evictims must literally <strong>assert your rights<\/strong> the very institutions that are supposed to guarantee their implementation in practice. Suspicions of reported violence are often minimised and downplayed, and even victims are discouraged from reporting, few listen and try to understand...<\/span>myths and prejudices appear in the final assessments of victims' actions and behaviour, all of which can lead decision-makers and the helping professions to misjudge the facts experienced by the victim and thus to mischaracterise the violence (whether in a criminal or civil law context).<span lang=\"SK\">\u201c<br \/>\n<\/span><\/p>\n<p>All these topics will be addressed at the event \u2018<strong>Saturday with ADRAU\u2018 in Bratislava<\/strong>, where the activities of our Crisis Intervention Team (KIT) and sub-topic will be presented to the attendees on 8 December: <strong>relationships and violence<\/strong>.<\/p>\n<p>Fenestra representatives say that \u201cWe need good prevention programmes in schools to prevent violence against women, but we also need accessible and <strong>quality help and support<\/strong>, based on the needs of women and their children.\u201d This is exactly what our KIT is trying to do in Western Slovakia, in the form of Crisis Intervention; Social Rehabilitation and Adaptation; Advocacy; and Prevention.<\/p>\n<p>Our three experts from KIT lead the general Slovak public through education and media outputs to not tolerate violence and to <strong>spoke out about violence<\/strong>. This includes all forms of violence - not only against women, but also against children and male victims - consisting of psychological, physical, economic, social or sexual violence. For these can not only have fatal consequences (as the culmination of the violent behaviour of the perpetrator towards the victim), but also have a subsequent profound traumatic impact on the victim's very life and social functioning. This is why a few months ago we launched <strong>\u2018Living with Dignity\u2019 campaign\u2019<\/strong>, to provide victims of domestic and sexual violence with a new life of dignity. With your help.<\/p>\n<p>Violence against women and women's human rights are spoken about loudly and widely in the international community. But it is not always <strong>the voices of abused women themselves are heard<\/strong>. However, listening to their experience of violence is very important. That's why this year's global campaign \u201816 Days of Activism Against Violence Against Women\u2019 and UN Women's \u2018Orange the world\u2019 campaign this year <strong>Subtitle: #HearMeToo<\/strong> (\u2018Hear me too\u2019 \/ \u2018Hear my voice\u2019).<\/p>\n<p><span lang=\"SK\">At the end of KIT's statement on the \u201916 Days of Activism\u2018, the lawyer, Daniela Borzov\u00e1, urges: \u201eLet's learn <strong>the victim is first questioned<\/strong> and understand its experience. Only then will we be able to make the right decision and legal assessment of the perpetrator's actions, thereby truly helping the victim and not exposing them to secondary victimisation. <\/span><span lang=\"SK\">Only by listening to the victim and understanding her actions will we truly know what she has been through and therefore be able to help her so that she can live her life with dignity.\u201c\u00a0<\/span><\/p>\n<p>Learn more about the global Orange the World campaign <a href=\"http:\/\/www.unwomen.org\/en\/what-we-do\/ending-violence-against-women\/take-action\/16-days-of-activism\" target=\"_blank\" rel=\"noopener noreferrer\">here<\/a>.<br \/>\nMore information about the Slovak 16 Days of Activism campaign on Fenestra's website <a href=\"http:\/\/www.fenestra.sk\/16-dni-aktivizmu\" target=\"_blank\" rel=\"noopener noreferrer\">here<\/a>.<br \/>\nMore about KIT's activities and the Decent Life Campaign <a href=\"https:\/\/www.adra.sk\/en\/dostojnyzivot\/\" target=\"_blank\" rel=\"noopener noreferrer\">here<\/a>.<br \/>\nMore about ADRA KIT's presence at the Saturday with ADRA event <a href=\"https:\/\/www.adra.sk\/en\/sobota-s-adrou-2018\/\" target=\"_blank\" rel=\"noopener noreferrer\">here<\/a>.<\/p>","protected":false},"excerpt":{"rendered":"<p>Za\u010diatok celosvetovej kampane \u201816 dn\u00ed aktivizmu proti n\u00e1siliu na \u017een\u00e1ch\u2019 ka\u017edoro\u010dne pripad\u00e1 na 25. November \u2013 Medzin\u00e1rodn\u00fd de\u0148 boja proti n\u00e1siliu p\u00e1chan\u00e9mu na \u017een\u00e1ch. Aj tento rok sa do kampane na Slovensku zap\u00e1jaj\u00fa mimovl\u00e1dne organiz\u00e1cie, iniciat\u00edvy, ale aj individu\u00e1lni \u013eudia. Vr\u00e1tane ADRA Slovensko a n\u00e1\u0161ho KIT-u (Kr\u00edzov\u00e9ho interven\u010dn\u00e9ho t\u00edmu). Za posledn\u00e9 dva roky bolo v [&hellip;]<\/p>\n","protected":false},"author":11,"featured_media":15815,"comment_status":"open","ping_status":"open","sticky":false,"template":"","format":"standard","meta":{"_acf_changed":false,"ngg_post_thumbnail":0,"footnotes":""},"categories":[292,293,1],"tags":[],"class_list":["post-15814","post","type-post","status-publish","format-standard","has-post-thumbnail","hentry","category-blog","category-novinky","category-uncategorized"],"acf":[],"_links":{"self":[{"href":"https:\/\/www.adra.sk\/en\/wp-json\/wp\/v2\/posts\/15814","targetHints":{"allow":["GET"]}}],"collection":[{"href":"https:\/\/www.adra.sk\/en\/wp-json\/wp\/v2\/posts"}],"about":[{"href":"https:\/\/www.adra.sk\/en\/wp-json\/wp\/v2\/types\/post"}],"author":[{"embeddable":true,"href":"https:\/\/www.adra.sk\/en\/wp-json\/wp\/v2\/users\/11"}],"replies":[{"embeddable":true,"href":"https:\/\/www.adra.sk\/en\/wp-json\/wp\/v2\/comments?post=15814"}],"version-history":[{"count":0,"href":"https:\/\/www.adra.sk\/en\/wp-json\/wp\/v2\/posts\/15814\/revisions"}],"wp:featuredmedia":[{"embeddable":true,"href":"https:\/\/www.adra.sk\/en\/wp-json\/wp\/v2\/media\/15815"}],"wp:attachment":[{"href":"https:\/\/www.adra.sk\/en\/wp-json\/wp\/v2\/media?parent=15814"}],"wp:term":[{"taxonomy":"category","embeddable":true,"href":"https:\/\/www.adra.sk\/en\/wp-json\/wp\/v2\/categories?post=15814"},{"taxonomy":"post_tag","embeddable":true,"href":"https:\/\/www.adra.sk\/en\/wp-json\/wp\/v2\/tags?post=15814"}],"curies":[{"name":"wp","href":"https:\/\/api.w.org\/{rel}","templated":true}]}}