{"id":15978,"date":"2020-01-31T00:00:00","date_gmt":"2020-01-31T00:00:00","guid":{"rendered":"https:\/\/www.adra.sk\/afrika1\/"},"modified":"2021-01-31T15:43:12","modified_gmt":"2021-01-31T15:43:12","slug":"afrika1","status":"publish","type":"post","link":"https:\/\/www.adra.sk\/en\/afrika1\/","title":{"rendered":"ADRA Slovakia joined the Itibo project"},"content":{"rendered":"<p>In 2019, ADRA CZ and ADRA SZ joined forces and agreed to cooperate on some projects. One of them is Itibo hospital.<\/p>\n<p>When we asked Ales what worries him the most at the moment, it came out - electricity. The local grid is so unstable that several times a day we are left without a source of electricity. And as a law of providence, this happens just when we have a patient on the table, or someone is in the ICU (intensive care unit) dependent on the machines. This is really a problem.<\/p>\n<p>It didn't take long before we made the decision to try to solve the problem. Expert consultations followed, looking for sponsors, contacting suppliers in Africa... And today we are in Itibo as a team of 5 technicians and electricians to make the dream come true. Working with local experts, we bought and imported a large generator, solar panels, batteries and endless cables, all sorts of controllers, converters and other things.<\/p>\n<p>We are working to ensure that the hospital has a source of electricity from solar panels to help cover short-term power outages for the machines, while also ensuring that the hospital has light. For longer outages, a large diesel generator will automatically kick in to keep the hospital running.<\/p>\n<p>We are happy that we can now work with the team of doctors and medics from CZ to make a good thing happen. Thank you friends for your kindness and support. Together, we really can help better.<\/p>\n<p>Follow us on Facebook ADRA Slovakia. See also our video on <a href=\"https:\/\/youtu.be\/ZxGs1Y6N0a0\" target=\"_blank\" rel=\"noopener noreferrer\">https:\/\/youtu.be\/ZxGs1Y6N0a0<\/a><\/p>\n<p>.<\/p>","protected":false},"excerpt":{"rendered":"<p>V\u00a0r. 2019 sme v ADRA CZ a\u00a0ADRA SZ spojili sily a\u00a0dohodli sme sa na spolupr\u00e1ci pri niektor\u00fdch projektoch. Jedn\u00fdm z\u00a0nich je Itibo hospital. Ke\u010f sme sa Ale\u0161a p\u00fdtali, \u010do ho najviac v\u00a0s\u00fa\u010dasnosti tr\u00e1pi, vypadlo z\u00a0neho \u2013 elektrika. Miestna sie\u0165 je nato\u013eko nestabiln\u00e1, \u017ee aj nieko\u013eko kr\u00e1t za de\u0148 ostaneme bez zdroja elektriky. A\u00a0ako z\u00e1kon schv\u00e1lnosti [&hellip;]<\/p>\n","protected":false},"author":11,"featured_media":15979,"comment_status":"open","ping_status":"open","sticky":false,"template":"","format":"standard","meta":{"_acf_changed":false,"ngg_post_thumbnail":0,"footnotes":""},"categories":[313,289],"tags":[],"class_list":["post-15978","post","type-post","status-publish","format-standard","has-post-thumbnail","hentry","category-itibo","category-vo-svete"],"acf":[],"_links":{"self":[{"href":"https:\/\/www.adra.sk\/en\/wp-json\/wp\/v2\/posts\/15978","targetHints":{"allow":["GET"]}}],"collection":[{"href":"https:\/\/www.adra.sk\/en\/wp-json\/wp\/v2\/posts"}],"about":[{"href":"https:\/\/www.adra.sk\/en\/wp-json\/wp\/v2\/types\/post"}],"author":[{"embeddable":true,"href":"https:\/\/www.adra.sk\/en\/wp-json\/wp\/v2\/users\/11"}],"replies":[{"embeddable":true,"href":"https:\/\/www.adra.sk\/en\/wp-json\/wp\/v2\/comments?post=15978"}],"version-history":[{"count":1,"href":"https:\/\/www.adra.sk\/en\/wp-json\/wp\/v2\/posts\/15978\/revisions"}],"predecessor-version":[{"id":18000,"href":"https:\/\/www.adra.sk\/en\/wp-json\/wp\/v2\/posts\/15978\/revisions\/18000"}],"wp:featuredmedia":[{"embeddable":true,"href":"https:\/\/www.adra.sk\/en\/wp-json\/wp\/v2\/media\/15979"}],"wp:attachment":[{"href":"https:\/\/www.adra.sk\/en\/wp-json\/wp\/v2\/media?parent=15978"}],"wp:term":[{"taxonomy":"category","embeddable":true,"href":"https:\/\/www.adra.sk\/en\/wp-json\/wp\/v2\/categories?post=15978"},{"taxonomy":"post_tag","embeddable":true,"href":"https:\/\/www.adra.sk\/en\/wp-json\/wp\/v2\/tags?post=15978"}],"curies":[{"name":"wp","href":"https:\/\/api.w.org\/{rel}","templated":true}]}}