{"id":15991,"date":"2020-02-25T00:00:00","date_gmt":"2020-02-25T00:00:00","guid":{"rendered":"https:\/\/www.adra.sk\/presov-dakujeme\/"},"modified":"2021-01-20T11:06:36","modified_gmt":"2021-01-20T11:06:36","slug":"presov-dakujeme","status":"publish","type":"post","link":"https:\/\/www.adra.sk\/en\/presov-dakujeme\/","title":{"rendered":"Thanks for the help to Pre\u0161ov citizens"},"content":{"rendered":"<p>Dear friends of charity.<\/p>\n<p>We would like to express our great admiration and gratitude for the extraordinary dedication and generosity you have shown with your contributions to the public collection organized by ADRA in support of the people affected by the tragic explosion and fire of the apartment building in Pre\u0161ov. We have closed the public collection as of 31.1.2020. The total proceeds of this public collection in ADRA's account are <strong>14 853,92 \u20ac<\/strong>. Thank you.<\/p>\n<p>The funds from this public collection will be donated by ADRA in full in the form of donation contracts directly to the personal accounts of five specific affected families\/individuals whose stories we know intimately. They include single pensioners, a mother with a child, a cancer patient, people who do not have loved ones to help them... For obvious reasons we do not want to publish their names.<\/p>\n<p>The funds are intended to cover their costs associated with the provision of alternative housing and basic living needs.<\/p>\n<p>We would also like to convey our sincere thanks from the donors. It belongs to all of you who contributed to the public collection and helped to alleviate their difficult situation.<\/p>\n<p>Stanislav Bielik<\/p>","protected":false},"excerpt":{"rendered":"<p>Mil\u00ed priatelia dobro\u010dinnosti. Chceme v\u00e1m vyjadri\u0165 ve\u013ek\u00fd obdiv a\u00a0po\u010fakovanie za mimoriadnu obetavos\u0165 a\u00a0\u0161tedros\u0165, ktor\u00fa ste prejavili svojimi pr\u00edspevkami do verejnej zbierky, ktor\u00fa organizovala ADRA na podporu \u013eud\u00ed postihnut\u00fdch tragickou expl\u00f3ziou a\u00a0po\u017eiarom bytovky v\u00a0Pre\u0161ove. Verejn\u00fa zbierku sme ukon\u010dili k\u00a031.1.2020. Celkov\u00fd v\u00fdnos tejto verejnej zbierky na \u00fa\u010dte organiz\u00e1cie ADRA je 14 853,92 \u20ac. \u010eakujeme. Prostriedky z\u00a0tejto verejnej [&hellip;]<\/p>\n","protected":false},"author":11,"featured_media":15969,"comment_status":"open","ping_status":"open","sticky":false,"template":"","format":"standard","meta":{"_acf_changed":false,"ngg_post_thumbnail":0,"footnotes":""},"categories":[288,1,309],"tags":[],"class_list":["post-15991","post","type-post","status-publish","format-standard","has-post-thumbnail","hentry","category-na-slovensku","category-uncategorized","category-ohrozeni"],"acf":[],"_links":{"self":[{"href":"https:\/\/www.adra.sk\/en\/wp-json\/wp\/v2\/posts\/15991","targetHints":{"allow":["GET"]}}],"collection":[{"href":"https:\/\/www.adra.sk\/en\/wp-json\/wp\/v2\/posts"}],"about":[{"href":"https:\/\/www.adra.sk\/en\/wp-json\/wp\/v2\/types\/post"}],"author":[{"embeddable":true,"href":"https:\/\/www.adra.sk\/en\/wp-json\/wp\/v2\/users\/11"}],"replies":[{"embeddable":true,"href":"https:\/\/www.adra.sk\/en\/wp-json\/wp\/v2\/comments?post=15991"}],"version-history":[{"count":1,"href":"https:\/\/www.adra.sk\/en\/wp-json\/wp\/v2\/posts\/15991\/revisions"}],"predecessor-version":[{"id":17998,"href":"https:\/\/www.adra.sk\/en\/wp-json\/wp\/v2\/posts\/15991\/revisions\/17998"}],"wp:featuredmedia":[{"embeddable":true,"href":"https:\/\/www.adra.sk\/en\/wp-json\/wp\/v2\/media\/15969"}],"wp:attachment":[{"href":"https:\/\/www.adra.sk\/en\/wp-json\/wp\/v2\/media?parent=15991"}],"wp:term":[{"taxonomy":"category","embeddable":true,"href":"https:\/\/www.adra.sk\/en\/wp-json\/wp\/v2\/categories?post=15991"},{"taxonomy":"post_tag","embeddable":true,"href":"https:\/\/www.adra.sk\/en\/wp-json\/wp\/v2\/tags?post=15991"}],"curies":[{"name":"wp","href":"https:\/\/api.w.org\/{rel}","templated":true}]}}