{"id":16007,"date":"2020-05-31T00:00:00","date_gmt":"2020-05-31T00:00:00","guid":{"rendered":"https:\/\/www.adra.sk\/adra-distribuuje-vitaminy-na-podporu-imunity-pre-seniorov\/"},"modified":"2021-04-12T08:59:15","modified_gmt":"2021-04-12T08:59:15","slug":"adra-distribuuje-vitaminy-na-podporu-imunity-pre-seniorov","status":"publish","type":"post","link":"https:\/\/www.adra.sk\/en\/adra-distribuuje-vitaminy-na-podporu-imunity-pre-seniorov\/","title":{"rendered":"ADRA distributes immunity-boosting vitamins for the elderly"},"content":{"rendered":"<p>Seniori s\u00fa najviac ohrozen\u00ed koronav\u00edrusom COVID-19. Preto sme sa rozhodli svoju pomoc s\u00fastredi\u0165 aj na t\u00fato vekov\u00fa skupinu. V&nbsp;kr\u00edzovom \u0161t\u00e1be sme s&nbsp;obavami sledovali ako r\u00fdchlo sa v\u00edrus dok\u00e1\u017ee roz\u0161\u00edri\u0165 v&nbsp;domovoch pre seniorov. Sme radi, \u017ee v\u010faka disciplinovan\u00e9mu dodr\u017eiavaniu karant\u00e9nnych opatren\u00ed boli uchr\u00e1nen\u00ed pred mas\u00edvnym \u0161\u00edren\u00edm v\u00edrusu. Av\u0161ak t\u00fd\u017edne izol\u00e1cie, obmedzenie pohybu a&nbsp;soci\u00e1lnych v\u00e4zieb s&nbsp;rodinami nijako nepomohli imunite seniorov.<\/p>\n<p>V\u00fd\u017eivov\u00e9 doplnky s&nbsp;vitam\u00ednmi, miner\u00e1lmi a&nbsp;stopov\u00fdmi prvkami CENTRUM, ktor\u00e9 venovala pre Slovensko farmaceutick\u00e1 spolo\u010dnos\u0165 GSK, im pom\u00f4\u017eu posilni\u0165 imunitu. ADRA Slovensko prevzala zodpovednos\u0165 distribuova\u0165 15 300 balen\u00ed, pre seniorov na Slovensku. Nedok\u00e1\u017eeme pom\u00f4c\u0165 v\u0161etk\u00fdm, (na Slovensku \u017eije viac ako 1 mil. seniorov), ale sna\u017e\u00edme sa by\u0165 u\u017eito\u010dn\u00ed aspo\u0148 tam, kde c\u00edtime, \u017ee potreba je najv\u00e4\u010d\u0161ia. Preto sme neobi\u0161li ani mal\u00e9 zariadenia na od\u013eahl\u00fdch dedin\u00e1ch a&nbsp;v&nbsp;mal\u00fdch mest\u00e1ch, kde sa o&nbsp;na\u0161ich stark\u00fdch obetavo staraj\u00fa, \u010dasto vo ve\u013emi zlo\u017eit\u00fdch podmienkach a&nbsp;nemaj\u00fa dostatok in\u0161titucion\u00e1lnej podpory. V&nbsp;prvej f\u00e1ze sme podporu distribuovali do 85 zariaden\u00ed pre seniorov.<\/p>\n<p>Dobrovo\u013en\u00edci ADRA v&nbsp;Bratislave venovali po\u010das zatvorenia \u0161k\u00f4l svoj \u010das triedeniu a&nbsp;baleniu z\u00e1sielok, pre jednotliv\u00e9 \u00fastavy. \u0160tudentka Janka uviedla: <em>\u201eJe to pr\u00edjemn\u00e1 zmena v&nbsp;\u010dase ke\u010f nefunguj\u00fa \u0161koly. Stretli sme sa pri pr\u00e1ci skvel\u00e1 partia. Triedili a&nbsp;balili sme vitam\u00edny do dar\u010dekov\u00fdch ta\u0161ti\u010diek, in\u00fa kombin\u00e1ciu vitam\u00ednov a&nbsp;miner\u00e1lov pre mu\u017eov a&nbsp;in\u00fa pre \u017eeny. Kone\u010dne sme urobili nie\u010do, \u010do m\u00e1 naozaj zmysel.\u201c <\/em><\/p>\n<p>Aj ke\u010f kostoly s\u00fa po\u010das pand\u00e9mie zatvoren\u00e9, cirkev Adventistov v&nbsp;Bratislave n\u00e1m poskytla priestory modlitebne ako do\u010dasn\u00fd sklad a&nbsp;distribu\u010dn\u00e9 centrum humanit\u00e1rnej pomoci. Sme radi, \u017ee sme mohli k&nbsp;z\u00e1sielke prida\u0165 aj dezinfek\u010dn\u00e9 prostriedky a&nbsp;r\u00fa\u0161ka, ktor\u00e9 u\u0161ili dobrovo\u013en\u00edci z&nbsp;Bratislavsk\u00e9ho dobrovo\u013en\u00edckeho centra. Distrib\u00facia sa rozbehla pod\u013ea jednotliv\u00fdch krajov a&nbsp;\u017elt\u00e1 ADRA dod\u00e1vka (ktor\u00fa n\u00e1m pre COVID aktivity poskytla <strong><a href=\"https:\/\/www.spp-distribucia.sk\/\">SPP distrib\u00facia<\/a><\/strong>), teraz br\u00e1zdi cesty po celom \u00fazem\u00ed Slovenska.<\/p>\n<p>Vzh\u013eadom na karant\u00e9nne opatrenia nem\u00f4\u017eeme vitam\u00edny odovzda\u0165 priamo do r\u00fak seniorom. To za n\u00e1s robia osobne obetav\u00ed zamestnanci a&nbsp;opatrovate\u013eky. A&nbsp;odmena? Jeden ve\u013ek\u00fd \u00fasmev, ktor\u00fd naozaj stoj\u00ed za to! Pote\u0161ilo aj mno\u017estvo osobn\u00fdch po\u010fakovan\u00ed, \u010fakovn\u00fdch listov a&nbsp;mailov od jednotlivcov, riadite\u013eov domovov pre seniorov, dokonca aj od predstavite\u013eov samospr\u00e1vnych krajov.<\/p>\n<p>P. Milan Majersk\u00fd \u2013 predseda Pre\u0161ovsk\u00e9ho samospr\u00e1vneho kraja n\u00e1m nap\u00edsal:<br \/>\n<em>\u201e&#8230;S\u00fa\u010dasn\u00e9 obdobie je ne\u013eahk\u00e9 pre n\u00e1s v\u0161etk\u00fdch. Nik z&nbsp;n\u00e1s na\u0148 nebol pripraven\u00fd a&nbsp;netu\u0161il ak\u00e9 rozmery nadobudne. Prinieslo v\u0161ak so sebou jednu ve\u013emi pozit\u00edvnu vec. Dosved\u010dilo, \u017ee ochota pom\u00e1ha\u0165 a&nbsp;ochra\u0148ova\u0165 t\u00fdch najzranite\u013enej\u0161\u00edch v&nbsp;n\u00e1s st\u00e1le s\u00fa. Pripomenulo n\u00e1m, \u017ee zdravie a&nbsp;\u017eivot s\u00fa t\u00fdm najcennej\u0161\u00edm, \u010do m\u00e1me. A&nbsp;nau\u010dilo n\u00e1s nazera\u0165 na svet z&nbsp;inej perspekt\u00edvy a&nbsp;by\u0165 jeden vo\u010di druh\u00e9mu lep\u0161\u00edm a&nbsp;\u00fastretovej\u0161\u00edm. <\/em><\/p>\n<p><em>V\u00e1\u017eim si, \u017ee ste sa k&nbsp;v\u00fdzve nezi\u0161tne pom\u00f4c\u0165 pripojili tie\u017e Vy a&nbsp;uk\u00e1zali tak ve\u013ek\u00fa mieru solidarity a&nbsp;spolupatri\u010dnosti. A&nbsp;tie\u017e to, \u017ee dobr\u00fdch \u013eud\u00ed je v&nbsp;na\u0161ej spolo\u010dnosti st\u00e1le dostatok a&nbsp;\u013eudsk\u00fdm pr\u00edstupom a&nbsp;hlavne otvoren\u00fdm srdcom vo\u010di druh\u00fdm m\u00f4\u017eeme prekona\u0165 aj to najn\u00e1ro\u010dnej\u0161ie obdobie. E\u0161te raz \u010fakujem&#8230;\u201c <\/em><\/p>\n<p>Priatelia, znovu sme sa presved\u010dili, \u017ee \u201espolu to vl\u00e1dneme\u201c.<\/p>\n<p>\u010eakujeme v\u0161etk\u00fdm donorom, sponzorom aj jednotliv\u00fdm darcom, v\u010faka ktor\u00fdm m\u00f4\u017eeme realizova\u0165 pomoc na podporu imunity seniorov. Pripoji\u0165 sa m\u00f4\u017eete aj vy prostredn\u00edctvom slu\u017eby <a href=\"https:\/\/adra.darujme.sk\/1393\/\" target=\"_blank\" rel=\"noopener noreferrer\">darujme.sk<\/a><br \/>\n<img fetchpriority=\"high\" decoding=\"async\" class=\"alignnone size-medium wp-image-21477\" src=\"https:\/\/www.adra.sk\/wp-content\/uploads\/2020\/11\/ADRA-QR-kod-zbierka-2.jpg\" alt=\"\" width=\"300\" height=\"298\"><\/p>\n<p>[youtube_video] https:\/\/www.youtube.com\/v\/dj70PB0cDzE [\/youtube_video]<\/p>\nngg_shortcode_0_placeholder\n","protected":false},"excerpt":{"rendered":"<p>Seniori s\u00fa najviac ohrozen\u00ed koronav\u00edrusom COVID-19. Preto sme sa rozhodli svoju pomoc s\u00fastredi\u0165 aj na t\u00fato vekov\u00fa skupinu. V&nbsp;kr\u00edzovom \u0161t\u00e1be sme s&nbsp;obavami sledovali ako r\u00fdchlo sa v\u00edrus dok\u00e1\u017ee roz\u0161\u00edri\u0165 v&nbsp;domovoch pre seniorov. Sme radi, \u017ee v\u010faka disciplinovan\u00e9mu dodr\u017eiavaniu karant\u00e9nnych opatren\u00ed boli uchr\u00e1nen\u00ed pred mas\u00edvnym \u0161\u00edren\u00edm v\u00edrusu. Av\u0161ak t\u00fd\u017edne izol\u00e1cie, obmedzenie pohybu a&nbsp;soci\u00e1lnych v\u00e4zieb s&nbsp;rodinami nijako [&hellip;]<\/p>\n","protected":false},"author":11,"featured_media":16008,"comment_status":"open","ping_status":"open","sticky":false,"template":"","format":"standard","meta":{"_acf_changed":false,"ngg_post_thumbnail":0,"footnotes":""},"categories":[288],"tags":[],"class_list":["post-16007","post","type-post","status-publish","format-standard","has-post-thumbnail","hentry","category-na-slovensku"],"acf":[],"_links":{"self":[{"href":"https:\/\/www.adra.sk\/en\/wp-json\/wp\/v2\/posts\/16007","targetHints":{"allow":["GET"]}}],"collection":[{"href":"https:\/\/www.adra.sk\/en\/wp-json\/wp\/v2\/posts"}],"about":[{"href":"https:\/\/www.adra.sk\/en\/wp-json\/wp\/v2\/types\/post"}],"author":[{"embeddable":true,"href":"https:\/\/www.adra.sk\/en\/wp-json\/wp\/v2\/users\/11"}],"replies":[{"embeddable":true,"href":"https:\/\/www.adra.sk\/en\/wp-json\/wp\/v2\/comments?post=16007"}],"version-history":[{"count":2,"href":"https:\/\/www.adra.sk\/en\/wp-json\/wp\/v2\/posts\/16007\/revisions"}],"predecessor-version":[{"id":20634,"href":"https:\/\/www.adra.sk\/en\/wp-json\/wp\/v2\/posts\/16007\/revisions\/20634"}],"wp:featuredmedia":[{"embeddable":true,"href":"https:\/\/www.adra.sk\/en\/wp-json\/wp\/v2\/media\/16008"}],"wp:attachment":[{"href":"https:\/\/www.adra.sk\/en\/wp-json\/wp\/v2\/media?parent=16007"}],"wp:term":[{"taxonomy":"category","embeddable":true,"href":"https:\/\/www.adra.sk\/en\/wp-json\/wp\/v2\/categories?post=16007"},{"taxonomy":"post_tag","embeddable":true,"href":"https:\/\/www.adra.sk\/en\/wp-json\/wp\/v2\/tags?post=16007"}],"curies":[{"name":"wp","href":"https:\/\/api.w.org\/{rel}","templated":true}]}}