{"id":16009,"date":"2020-05-15T00:00:00","date_gmt":"2020-05-15T00:00:00","guid":{"rendered":"https:\/\/www.adra.sk\/adra-pomaha-oddelit-filtrami-biele-a-cervene-zony-v-nemocniciach\/"},"modified":"2021-02-06T20:37:13","modified_gmt":"2021-02-06T20:37:13","slug":"adra-pomaha-oddelit-filtrami-biele-a-cervene-zony-v-nemocniciach","status":"publish","type":"post","link":"https:\/\/www.adra.sk\/en\/adra-pomaha-oddelit-filtrami-biele-a-cervene-zony-v-nemocniciach\/","title":{"rendered":"ADRA helps to separate white and red zones in hospitals with filters"},"content":{"rendered":"<p>Pacientov s\u00a0diagn\u00f3zou COVID-19 prib\u00fada. Preto na oddeleniach nemocn\u00edc vznikaj\u00fa \u201e\u010derven\u00e9 z\u00f3ny\u201c, kde platia pr\u00edsne epidemiologick\u00e9 opatrenia. Katastrof\u00e1lna situ\u00e1cia v\u00a0Taliansku, \u0160panielsku, Anglicku, USA&#8230; uk\u00e1zala, ak\u00e9 d\u00f4le\u017eit\u00e9 je uchr\u00e1ni\u0165 nemocnice. Ak sa nakazia zdravotn\u00edci, kto n\u00e1s bude lie\u010di\u0165? Ak sa do karant\u00e9ny dostan\u00fa cel\u00e9 oddelenia, kde d\u00e1me pacientov? <\/p>\n<p>ADRA dostala \u00falohu r\u00fdchlo vybudova\u0165 \u013eahk\u00e9 deliace prie\u010dky (filtre) z\u00a0lexanu, ktor\u00e9 odde\u013euj\u00fa \u010derven\u00e9 z\u00f3ny a\u00a0chr\u00e1nia pacientov i\u00a0person\u00e1l nemocnice.  <\/p>\n<p>V\u010dasn\u00fdmi a\u00a0pr\u00edsnymi karant\u00e9nnymi opatreniami sme si na Slovensku \u201ek\u00fapili \u010das\u201c, aby sme pripravili zdravotn\u00edkov aj nemocnice na n\u00e1val pacientov s\u00a0koronav\u00edrusom. <\/p>\n<p>Prvotn\u00fd z\u00e1mer \u2013 izolova\u0165 jedno cel\u00e9 oddelenie pre pacientov s\u00a0covidom-19 bol dobr\u00fd a\u017e do chv\u00edle, ke\u010f sa objavila rodi\u010dka s\u00a0koronav\u00edrusom. Hne\u010f sme museli rie\u0161i\u0165 z\u00f3ny na gynekol\u00f3gii. Postupne vznikali \u010derven\u00e9 z\u00f3ny na chirurgii, centr\u00e1lnych pr\u00edjmoch, internom, jednotk\u00e1ch intenz\u00edvnej starostlivosti, na psychiatrii&#8230; V\u0161ade, kde sa objavili pozit\u00edvne testovan\u00ed. <\/p>\n<p>Na\u0161e nemocnice \u2013 podobne ako nemocnice v\u0161ade na svete \u2013 nie s\u00fa stavan\u00e9 tak aby na ka\u017edom oddelen\u00ed mali infek\u010dn\u00e9 z\u00f3ny. Zdravotn\u00edci tu teraz musia pracova\u0165 cel\u00e9 hodiny v\u00a0skafandroch.  <\/p>\n<p>Stavba do\u010dasn\u00fdch filtrov mus\u00ed by\u0165 v\u00a0s\u00falade s\u00a0epidemiologick\u00fdmi i\u00a0protipo\u017eiarn\u00fdmi normami. Preto sk\u00f4r ako sme sa pustili do pr\u00e1ce, sme spolo\u010dne s\u00a0pracovn\u00edkmi kr\u00edzov\u00e9ho \u0161t\u00e1bu, hasi\u010dmi a\u00a0hygienikmi h\u013eadali optim\u00e1lne rie\u0161enia a\u00a0vhodn\u00e9 materi\u00e1ly. <\/p>\n<p>ADRA pripravila rie\u0161enie, nemocnice vytvorili podmienky, sponzori poskytli peniaze a\u00a0mohli sme za\u010da\u0165. Na niektor\u00fdch oddeleniach to bolo jednoduch\u00e9, lebo sme stihli z\u00f3ny pripravi\u0165 sk\u00f4r ako pri\u0161li covid pacienti. Inde sme museli vystihn\u00fa\u0165 \u010das, kedy je oddelenie \u201e\u010dist\u00e9\u201c a\u00a0zrovna tam nikto v\u00a0karant\u00e9ne nele\u017e\u00ed. <\/p>\n<p>Najzlo\u017eitej\u0161ie bolo realizova\u0165 presklen\u00fa bari\u00e9ru pre centr\u00e1lny pult na Jednotke intenz\u00edvnej starostlivosti (JIS) Infektologickej kliniky v\u00a0Bratislave na Kram\u00e1roch, kde le\u017eia pacienti s\u00a0diagnostikovan\u00fdm Covid-19, napojen\u00ed na pr\u00edstrojoch s\u00a0umelou ventil\u00e1ciou. Museli sme pracova\u0165 za plnej prev\u00e1dzky, tak\u017ee sme si vysk\u00fa\u0161ali ako sa \u010dlovek zapot\u00ed v\u00a0skafandri a\u00a0ak\u00fd pozor si mus\u00ed d\u00e1va\u0165 na ka\u017ed\u00fd pohyb&#8230; Koordin\u00e1cia s\u00a0person\u00e1lom oddelen\u00ed bola super. N\u00e1ro\u010dn\u00e1 \u00faloha sa podarila a\u00a0na \u201e\u010dervenom oddelen\u00ed\u201c sme vytvorili \u201ebielu z\u00f3nu\u201c pre lek\u00e1rov a\u00a0zdravotn\u00edkov. Teraz u\u017e m\u00f4\u017eu sledova\u0165 svojich pacientov aj spoza skla a\u00a0do overalov sa musia oblieka\u0165 len ke\u010f id\u00fa do priameho kontaktu s\u00a0pacientami pri vy\u0161etreniach a\u00a0proced\u00farach.<\/p>\n<p>D\u00f4le\u017eit\u00e9 boli aj opatrenia na centr\u00e1lnych pr\u00edjmoch nemocn\u00edc, kde je nutn\u00e9 popri urgentnej starostlivosti najprv oddeli\u0165 pacientov s\u00a0podozren\u00edm na covid-19 a\u00a0chr\u00e1ni\u0165 ostatn\u00fdch i\u00a0person\u00e1l.<\/p>\n<p>Boli to n\u00e1ro\u010dn\u00e9 dni a\u00a0noci pre zdravotn\u00edkov i\u00a0pre n\u00e1\u0161 t\u00edm ADRA. Ale sme \u0161\u0165astn\u00ed, \u017ee v\u00fdvoj na Slovensku n\u00e1m potvrdil, \u017ee to nebola zbyto\u010dn\u00e1 snaha. Spolo\u010dne sme uchr\u00e1nili zdravotn\u00edkov, nemocnice a\u00a0hlavne pacientov. Pomohli sme oddeli\u0165 z\u00f3ny nemocniciam v\u00a0Bratislave na Kram\u00e1roch, v\u00a0Ru\u017einove i\u00a0Petr\u017ealke a\u00a0sk\u00fasenosti sme posunuli \u010falej&#8230; <\/p>\n<p>Ak si niekto dnes \u2013 s\u00a0odstupom \u010dasu \u2013 dovo\u013euje tvrdi\u0165, \u017ee to bol zbyto\u010dn\u00fd rozruch pre p\u00e1r pacientov a\u00a0pod. ur\u010dite nikdy nepracoval v\u00a0nemocnici v\u00a0\u010dase karant\u00e9ny, oble\u010den\u00fd v\u00a0skafandri. A\u00a0okrem toho to pova\u017eujem za zneva\u017eovanie pr\u00e1ce zdravotn\u00edkov i\u00a0dobrovo\u013en\u00edkov, ktor\u00ed pre Slovensko vybojovali pozit\u00edvne \u010d\u00edsla. Hrdinovia t\u00fdchto dn\u00ed si zasl\u00fa\u017eia na\u0161e ocenenie. <\/p>\n<p>V\u0161etko toto sa podarilo aj v\u010faka finan\u010dnej podpore nad\u00e1cie EPH a\u00a0mno\u017estva drobn\u00fdch donorov. <\/p>\n<p>\u010eakujeme priatelia, \u017ee n\u00e1m pom\u00e1hate pom\u00e1ha\u0165.<\/p>\n<p>Pripoji\u0165 sa m\u00f4\u017eete aj vy prostredn\u00edctvom slu\u017eby <a href=\"https:\/\/adra.darujme.sk\/1393\/\" target=\"_blank\" rel=\"noopener noreferrer\">darujme.sk<\/a><br \/>\n<img fetchpriority=\"high\" decoding=\"async\" src=\"https:\/\/www.adra.sk\/wp-content\/uploads\/2020\/11\/ADRA-QR-kod-zbierka-2.jpg\" alt=\"\" width=\"300\" height=\"298\" class=\"alignnone size-medium wp-image-21477\" \/><\/p>\n<p>[youtube_video] https:\/\/www.youtube.com\/v\/TD0RqoquaMA [\/youtube_video]<\/p>\nngg_shortcode_0_placeholder\n","protected":false},"excerpt":{"rendered":"<p>Pacientov s\u00a0diagn\u00f3zou COVID-19 prib\u00fada. Preto na oddeleniach nemocn\u00edc vznikaj\u00fa \u201e\u010derven\u00e9 z\u00f3ny\u201c, kde platia pr\u00edsne epidemiologick\u00e9 opatrenia. Katastrof\u00e1lna situ\u00e1cia v\u00a0Taliansku, \u0160panielsku, Anglicku, USA&#8230; uk\u00e1zala, ak\u00e9 d\u00f4le\u017eit\u00e9 je uchr\u00e1ni\u0165 nemocnice. Ak sa nakazia zdravotn\u00edci, kto n\u00e1s bude lie\u010di\u0165? Ak sa do karant\u00e9ny dostan\u00fa cel\u00e9 oddelenia, kde d\u00e1me pacientov? ADRA dostala \u00falohu r\u00fdchlo vybudova\u0165 \u013eahk\u00e9 deliace prie\u010dky (filtre) [&hellip;]<\/p>\n","protected":false},"author":11,"featured_media":16010,"comment_status":"open","ping_status":"open","sticky":false,"template":"","format":"standard","meta":{"_acf_changed":false,"ngg_post_thumbnail":0,"footnotes":""},"categories":[288],"tags":[321],"class_list":["post-16009","post","type-post","status-publish","format-standard","has-post-thumbnail","hentry","category-na-slovensku","tag-nemocnice"],"acf":[],"_links":{"self":[{"href":"https:\/\/www.adra.sk\/en\/wp-json\/wp\/v2\/posts\/16009","targetHints":{"allow":["GET"]}}],"collection":[{"href":"https:\/\/www.adra.sk\/en\/wp-json\/wp\/v2\/posts"}],"about":[{"href":"https:\/\/www.adra.sk\/en\/wp-json\/wp\/v2\/types\/post"}],"author":[{"embeddable":true,"href":"https:\/\/www.adra.sk\/en\/wp-json\/wp\/v2\/users\/11"}],"replies":[{"embeddable":true,"href":"https:\/\/www.adra.sk\/en\/wp-json\/wp\/v2\/comments?post=16009"}],"version-history":[{"count":1,"href":"https:\/\/www.adra.sk\/en\/wp-json\/wp\/v2\/posts\/16009\/revisions"}],"predecessor-version":[{"id":16062,"href":"https:\/\/www.adra.sk\/en\/wp-json\/wp\/v2\/posts\/16009\/revisions\/16062"}],"wp:featuredmedia":[{"embeddable":true,"href":"https:\/\/www.adra.sk\/en\/wp-json\/wp\/v2\/media\/16010"}],"wp:attachment":[{"href":"https:\/\/www.adra.sk\/en\/wp-json\/wp\/v2\/media?parent=16009"}],"wp:term":[{"taxonomy":"category","embeddable":true,"href":"https:\/\/www.adra.sk\/en\/wp-json\/wp\/v2\/categories?post=16009"},{"taxonomy":"post_tag","embeddable":true,"href":"https:\/\/www.adra.sk\/en\/wp-json\/wp\/v2\/tags?post=16009"}],"curies":[{"name":"wp","href":"https:\/\/api.w.org\/{rel}","templated":true}]}}