{"id":20046,"date":"2021-02-20T20:34:29","date_gmt":"2021-02-20T20:34:29","guid":{"rendered":"https:\/\/www.adra.sk\/?p=20046"},"modified":"2021-02-20T21:24:36","modified_gmt":"2021-02-20T21:24:36","slug":"help-bus","status":"publish","type":"post","link":"https:\/\/www.adra.sk\/en\/help-bus\/","title":{"rendered":"Unusually large gift"},"content":{"rendered":"<p>ADRA has received an unusually large humanitarian donation in recent days. It is 12 m long and weighs 18 tons! We received a bus as a donation. It was donated to us by Slovensk\u00e1 autobusov\u00e1 doprava Zvolen.<\/p>\n<p>What's he gonna do for us?<\/p>\n<p><!--more--><\/p>\n<p>For the last few months we have been struggling in Slovakia with solutions for mobile collection points and vaccination. The bus will serve as a mobile laboratory for crisis intervention teams. We will transport doctors and health workers and create the facilities of a mobile ambulance and laboratory on the ground, especially in areas where accessibility is more difficult.<\/p>\n<p>We are now intensively preparing the rebuilding so that the bus can serve its full mission as soon as possible. We have removed most of the seats, separated the clean zone for transporting the team from the red zone for collections, we are building facilities for the staff... This will create a special vehicle to help the medics during the pandemic.<\/p>\n<p>We would like to express our thanks and appreciation to our donor who decided to support a good cause.<\/p>\nngg_shortcode_0_placeholder","protected":false},"excerpt":{"rendered":"<p>ADRA v&nbsp;posledn\u00fdch d\u0148och obdr\u017eala nev\u0161edne ve\u013ek\u00fd humanit\u00e1rny dar. Je 12 m dlh\u00fd a&nbsp;v\u00e1\u017ei 18 ton! Dostali sme do daru autobus. Venovala n\u00e1m ho Slovensk\u00e1 autobusov\u00e1 doprava Zvolen. Na\u010do n\u00e1m bude?<\/p>","protected":false},"author":11,"featured_media":20059,"comment_status":"open","ping_status":"open","sticky":false,"template":"","format":"standard","meta":{"_acf_changed":false,"ngg_post_thumbnail":0,"footnotes":""},"categories":[288],"tags":[323],"class_list":["post-20046","post","type-post","status-publish","format-standard","has-post-thumbnail","hentry","category-na-slovensku","tag-covid"],"acf":[],"_links":{"self":[{"href":"https:\/\/www.adra.sk\/en\/wp-json\/wp\/v2\/posts\/20046","targetHints":{"allow":["GET"]}}],"collection":[{"href":"https:\/\/www.adra.sk\/en\/wp-json\/wp\/v2\/posts"}],"about":[{"href":"https:\/\/www.adra.sk\/en\/wp-json\/wp\/v2\/types\/post"}],"author":[{"embeddable":true,"href":"https:\/\/www.adra.sk\/en\/wp-json\/wp\/v2\/users\/11"}],"replies":[{"embeddable":true,"href":"https:\/\/www.adra.sk\/en\/wp-json\/wp\/v2\/comments?post=20046"}],"version-history":[{"count":4,"href":"https:\/\/www.adra.sk\/en\/wp-json\/wp\/v2\/posts\/20046\/revisions"}],"predecessor-version":[{"id":20150,"href":"https:\/\/www.adra.sk\/en\/wp-json\/wp\/v2\/posts\/20046\/revisions\/20150"}],"wp:featuredmedia":[{"embeddable":true,"href":"https:\/\/www.adra.sk\/en\/wp-json\/wp\/v2\/media\/20059"}],"wp:attachment":[{"href":"https:\/\/www.adra.sk\/en\/wp-json\/wp\/v2\/media?parent=20046"}],"wp:term":[{"taxonomy":"category","embeddable":true,"href":"https:\/\/www.adra.sk\/en\/wp-json\/wp\/v2\/categories?post=20046"},{"taxonomy":"post_tag","embeddable":true,"href":"https:\/\/www.adra.sk\/en\/wp-json\/wp\/v2\/tags?post=20046"}],"curies":[{"name":"wp","href":"https:\/\/api.w.org\/{rel}","templated":true}]}}