{"id":24914,"date":"2022-07-05T19:10:08","date_gmt":"2022-07-05T19:10:08","guid":{"rendered":"https:\/\/www.adra.sk\/?p=24914"},"modified":"2023-03-07T08:02:47","modified_gmt":"2023-03-07T08:02:47","slug":"pomoc-pre-nemocnicu-na-ukrajine","status":"publish","type":"post","link":"https:\/\/www.adra.sk\/en\/pomoc-pre-nemocnicu-na-ukrajine\/","title":{"rendered":"Help for a hospital in Ukraine"},"content":{"rendered":"\n<h1 class=\"has-vivid-green-cyan-color has-text-color wp-block-heading\"><\/h1>\n\n\n<p class=\"perex\"><strong>Do multidisciplin\u00e1rnej nemocnice v meste Talne v \u010cerkaskej oblasti sme prepravili 33 paliet zdravotn\u00edckych potrieb.<\/strong><\/p>\n<p><!--more--><\/p>\n<div class=\"cxmmr5t8 oygrvhab hcukyx3x c1et5uql o9v6fnle\">\n<div class=\"cxmmr5t8 oygrvhab hcukyx3x c1et5uql o9v6fnle ii04i59q\">\n<div dir=\"auto\">\n<div class=\"cxmmr5t8 oygrvhab hcukyx3x c1et5uql o9v6fnle ii04i59q\">\n<div dir=\"auto\">\n<div class=\"cxmmr5t8 oygrvhab hcukyx3x c1et5uql o9v6fnle ii04i59q\">\n<div dir=\"auto\">\n<div class=\"cxmmr5t8 oygrvhab hcukyx3x c1et5uql o9v6fnle ii04i59q\">\n<div dir=\"auto\">\n<div class=\"cxmmr5t8 oygrvhab hcukyx3x c1et5uql o9v6fnle ii04i59q\">\n<div dir=\"auto\" style=\"text-align: left;\">\n<div class=\"cxmmr5t8 oygrvhab hcukyx3x c1et5uql o9v6fnle ii04i59q\">\n<div dir=\"auto\">\n<div class=\"cxmmr5t8 oygrvhab hcukyx3x c1et5uql o9v6fnle ii04i59q\">\n<div dir=\"auto\">\n<div class=\"article-body-img\">\n<div class=\"cxmmr5t8 oygrvhab hcukyx3x c1et5uql o9v6fnle ii04i59q\">\n<div class=\"cxmmr5t8 oygrvhab hcukyx3x c1et5uql o9v6fnle ii04i59q\">\n<div dir=\"auto\">Ved\u00faci lek\u00e1r Oleh Solodko vo svojom rozhovore pre miestne m\u00e9di\u00e1 poznamenal, \u017ee je to prv\u00fdkr\u00e1t, \u010do nemocnica dostala tak\u00e9 ve\u013ek\u00e9 mno\u017estvo pomoci. V\u00e4\u010d\u0161ina potrieb je ur\u010den\u00e1 pre nemocni\u010dn\u00fdch pacientov, no \u010das\u0165 pomoci bude venovan\u00e1 dobrovo\u013en\u00edckym centr\u00e1m a odboru soci\u00e1lnopr\u00e1vnej ochrany.<\/div>\n<\/div>\n<\/div>\n<\/div>\n<div class=\"article-body-img\">\n<div class=\"cxmmr5t8 oygrvhab hcukyx3x c1et5uql o9v6fnle ii04i59q\">\n<div class=\"cxmmr5t8 oygrvhab hcukyx3x c1et5uql o9v6fnle ii04i59q\">\n<div dir=\"auto\">&nbsp;<\/div>\n<div dir=\"auto\">Humanit\u00e1rna pomoc, ktor\u00e1 zah\u0155\u0148a obv\u00e4zy, ort\u00e9zy, inf\u00fazne sady, antiseptik\u00e1, pl\u00e1\u0161te, chirurgick\u00e9 masky a respir\u00e1tory, rukavice, plienky pre dospel\u00fdch, a periodick\u00fa hygienu, bude pou\u017eit\u00e1 pre potreby ute\u010dencov, ktor\u00ed sa nach\u00e1dzaj\u00fa v hospostoch, ako aj obyvate\u013eov komunity v meste Talne.<\/div>\n<\/div>\n<div class=\"cxmmr5t8 oygrvhab hcukyx3x c1et5uql o9v6fnle ii04i59q\">\n<div dir=\"auto\">&nbsp;<\/div>\n<div dir=\"auto\">Person\u00e1l nemocnice vyjadrili \u00faprimn\u00fa v\u010faku charitat\u00edvnej organiz\u00e1cii ADRA, ako aj v\u0161etk\u00fdm dobrovo\u013en\u00edkom, ktor\u00ed sa zapojili do pomoci.<\/div>\n<\/div>\n<div class=\"cxmmr5t8 oygrvhab hcukyx3x c1et5uql o9v6fnle ii04i59q\">\n<div dir=\"auto\">&nbsp;<\/div>\n<div dir=\"auto\">Ve\u013ek\u00e1 v\u010faka patr\u00ed <span style=\"color: #3366ff;\"><a style=\"color: #3366ff;\" href=\"https:\/\/www.facebook.com\/ProtecCivilefr\/?__cft__[0]=AZXWK9wQLB2Db2zOK-vDgB6LC5j8ceM2vHn5vS_5wbPebLUG17oxqp7t9pQIO0Okom2gwEaZdlz64Wp4nFV8G9nnLgRPzlYdWaFLFKlB9RjbZPiB7HFKKL8MKn2NU4ly5YZRHUYVDGv0FOUma6ZgSrUzRkS4Wkam-RM7fhusV806SJBJVxMgHbDsPVgJmpTS_EPTrVdvSz8-Gp9-Z8ERpax2&amp;__tn__=kK-R\">Franc\u00fazskej civilnej ochrane<\/a><\/span>, ako aj na\u0161im kolegom z <span style=\"color: #3366ff;\"><a class=\"oajrlxb2 g5ia77u1 qu0x051f esr5mh6w e9989ue4 r7d6kgcz rq0escxv nhd2j8a9 nc684nl6 p7hjln8o kvgmc6g5 cxmmr5t8 oygrvhab hcukyx3x jb3vyjys rz4wbd8a qt6c0cv9 a8nywdso i1ao9s8h esuyzwwr f1sip0of lzcic4wl gpro0wi8 q66pz984 b1v8xokw\" style=\"color: #3366ff;\" tabindex=\"0\" role=\"link\" href=\"https:\/\/www.facebook.com\/adrafrance.fr?__cft__[0]=AZXWK9wQLB2Db2zOK-vDgB6LC5j8ceM2vHn5vS_5wbPebLUG17oxqp7t9pQIO0Okom2gwEaZdlz64Wp4nFV8G9nnLgRPzlYdWaFLFKlB9RjbZPiB7HFKKL8MKn2NU4ly5YZRHUYVDGv0FOUma6ZgSrUzRkS4Wkam-RM7fhusV806SJBJVxMgHbDsPVgJmpTS_EPTrVdvSz8-Gp9-Z8ERpax2&amp;__tn__=-]K-R\"><span class=\"nc684nl6\">ADRA Franc\u00fazsko<\/span><\/a><\/span>&nbsp;a <span style=\"color: #3366ff;\"><a class=\"oajrlxb2 g5ia77u1 qu0x051f esr5mh6w e9989ue4 r7d6kgcz rq0escxv nhd2j8a9 nc684nl6 p7hjln8o kvgmc6g5 cxmmr5t8 oygrvhab hcukyx3x jb3vyjys rz4wbd8a qt6c0cv9 a8nywdso i1ao9s8h esuyzwwr f1sip0of lzcic4wl gpro0wi8 q66pz984 b1v8xokw\" style=\"color: #3366ff;\" tabindex=\"0\" role=\"link\" href=\"https:\/\/www.facebook.com\/ADRA.Ukraine\/?__cft__[0]=AZXWK9wQLB2Db2zOK-vDgB6LC5j8ceM2vHn5vS_5wbPebLUG17oxqp7t9pQIO0Okom2gwEaZdlz64Wp4nFV8G9nnLgRPzlYdWaFLFKlB9RjbZPiB7HFKKL8MKn2NU4ly5YZRHUYVDGv0FOUma6ZgSrUzRkS4Wkam-RM7fhusV806SJBJVxMgHbDsPVgJmpTS_EPTrVdvSz8-Gp9-Z8ERpax2&amp;__tn__=kK-R\"><span class=\"nc684nl6\">ADRA Ukrajina<\/span><\/a><\/span>, ktor\u00ed n\u00e1m pomohli zaisti\u0165 odovzdanie z\u00e1sielky priamo v nemocnici. Dopravu sme mohli zaisti\u0165 v\u010faka finan\u010dnej podpore <a href=\"https:\/\/nadaciaeph.sk\/\">Nad\u00e1cii EPH<\/a>. Celkovo ide u\u017e o druh\u00fd kami\u00f3n so zdravotn\u00edckymi potrebami, ktor\u00fd sme odoslali na Ukrajinu. Viac o pomoci pre nemocnicu v Charkove <span style=\"color: #3366ff;\"><a style=\"color: #3366ff;\" href=\"https:\/\/www.adra.sk\/pomoc-pre-nemocnicu-v-charkove\/\">tu<\/a><\/span>.<\/div>\n<\/div>\n<\/div>\n<\/div>\n<\/div>\n<\/div>\n<\/div>\n<\/div>\n<\/div>\n<\/div>\n<\/div>\n<\/div>\n<\/div>\n<\/div>\n<\/div>\n<\/div>\n<\/div>\n<\/div>\n<\/div>\n<p><!--more--><\/p>\n<p><!--more--><\/p>\n<div class=\"cxmmr5t8 oygrvhab hcukyx3x c1et5uql o9v6fnle\">\n<div class=\"cxmmr5t8 oygrvhab hcukyx3x c1et5uql o9v6fnle ii04i59q\">\n<div dir=\"auto\">\n<div dir=\"auto\">\n<div dir=\"auto\">\n<div class=\"cxmmr5t8 oygrvhab hcukyx3x c1et5uql o9v6fnle ii04i59q\">\n<div dir=\"auto\">&nbsp;<\/div>\n<\/div>\n<\/div>\n<\/div>\n<\/div>\n<\/div>\n<\/div>\n\n\nngg_shortcode_0_placeholder\n\n\n\n<p><\/p>\n","protected":false},"excerpt":{"rendered":"<p>We transported 33 pallets of medical supplies to the multidisciplinary hospital in Talne, Cherkasy region.<\/p>","protected":false},"author":64,"featured_media":24918,"comment_status":"closed","ping_status":"closed","sticky":false,"template":"","format":"standard","meta":{"_acf_changed":false,"ngg_post_thumbnail":0,"footnotes":""},"categories":[333],"tags":[332],"class_list":["post-24914","post","type-post","status-publish","format-standard","has-post-thumbnail","hentry","category-ukrajina","tag-ukrajina"],"acf":[],"_links":{"self":[{"href":"https:\/\/www.adra.sk\/en\/wp-json\/wp\/v2\/posts\/24914","targetHints":{"allow":["GET"]}}],"collection":[{"href":"https:\/\/www.adra.sk\/en\/wp-json\/wp\/v2\/posts"}],"about":[{"href":"https:\/\/www.adra.sk\/en\/wp-json\/wp\/v2\/types\/post"}],"author":[{"embeddable":true,"href":"https:\/\/www.adra.sk\/en\/wp-json\/wp\/v2\/users\/64"}],"replies":[{"embeddable":true,"href":"https:\/\/www.adra.sk\/en\/wp-json\/wp\/v2\/comments?post=24914"}],"version-history":[{"count":6,"href":"https:\/\/www.adra.sk\/en\/wp-json\/wp\/v2\/posts\/24914\/revisions"}],"predecessor-version":[{"id":25418,"href":"https:\/\/www.adra.sk\/en\/wp-json\/wp\/v2\/posts\/24914\/revisions\/25418"}],"wp:featuredmedia":[{"embeddable":true,"href":"https:\/\/www.adra.sk\/en\/wp-json\/wp\/v2\/media\/24918"}],"wp:attachment":[{"href":"https:\/\/www.adra.sk\/en\/wp-json\/wp\/v2\/media?parent=24914"}],"wp:term":[{"taxonomy":"category","embeddable":true,"href":"https:\/\/www.adra.sk\/en\/wp-json\/wp\/v2\/categories?post=24914"},{"taxonomy":"post_tag","embeddable":true,"href":"https:\/\/www.adra.sk\/en\/wp-json\/wp\/v2\/tags?post=24914"}],"curies":[{"name":"wp","href":"https:\/\/api.w.org\/{rel}","templated":true}]}}