{"id":25690,"date":"2022-08-03T15:34:36","date_gmt":"2022-08-03T15:34:36","guid":{"rendered":"https:\/\/www.adra.sk\/?p=25690"},"modified":"2023-03-07T08:03:04","modified_gmt":"2023-03-07T08:03:04","slug":"humanitarny-koridor","status":"publish","type":"post","link":"https:\/\/www.adra.sk\/en\/humanitarny-koridor\/","title":{"rendered":"Humanitarian Corridor"},"content":{"rendered":"\n<h1 class=\"has-vivid-green-cyan-color has-text-color wp-block-heading\"><\/h1>\n\n\n<div class=\"kvgmc6g5 cxmmr5t8 oygrvhab hcukyx3x c1et5uql ii04i59q\">\n<div dir=\"auto\"><strong>Z\u00edskali sme certifik\u00e1ciu, ktor\u00e1 n\u00e1m v r\u00e1mci humanit\u00e1rneho koridoru umo\u017e\u0148uje jazdi\u0165 na Ukrajinu pod ofici\u00e1lnym logom humanit\u00e1rnej pomoci.<\/strong><\/div>\n<\/div>\n<p><!--more--><\/p>\n<div class=\"cxmmr5t8 oygrvhab hcukyx3x c1et5uql o9v6fnle\">\n<div class=\"cxmmr5t8 oygrvhab hcukyx3x c1et5uql o9v6fnle ii04i59q\">\n<div dir=\"auto\">\n<div class=\"cxmmr5t8 oygrvhab hcukyx3x c1et5uql o9v6fnle ii04i59q\">\n<div dir=\"auto\">\n<div class=\"cxmmr5t8 oygrvhab hcukyx3x c1et5uql o9v6fnle ii04i59q\">\n<div dir=\"auto\">\n<div class=\"cxmmr5t8 oygrvhab hcukyx3x c1et5uql o9v6fnle ii04i59q\">\n<div dir=\"auto\">\n<div class=\"cxmmr5t8 oygrvhab hcukyx3x c1et5uql o9v6fnle ii04i59q\">\n<div dir=\"auto\" style=\"text-align: left;\">\n<div class=\"cxmmr5t8 oygrvhab hcukyx3x c1et5uql o9v6fnle ii04i59q\">\n<div dir=\"auto\">\n<div class=\"cxmmr5t8 oygrvhab hcukyx3x c1et5uql o9v6fnle ii04i59q\">\n<div dir=\"auto\">\n<div class=\"article-body-img\">\n<div class=\"cxmmr5t8 oygrvhab hcukyx3x c1et5uql o9v6fnle ii04i59q\">\n<div class=\"cxmmr5t8 oygrvhab hcukyx3x c1et5uql o9v6fnle ii04i59q\">\n<div dir=\"auto\">\n<div class=\"cxmmr5t8 oygrvhab hcukyx3x c1et5uql o9v6fnle ii04i59q\">\n<div dir=\"auto\">\n<div class=\"cxmmr5t8 oygrvhab hcukyx3x c1et5uql o9v6fnle ii04i59q\">\n<div dir=\"auto\">Tak\u00e1to certifik\u00e1cia n\u00e1m zabezpe\u010d\u00ed prednostn\u00fd vstup na hranice, ako aj r\u00fdchlej\u0161ie coln\u00e9 odbavenie. Ide o z\u00e1sadn\u00fa pomoc, ke\u010f\u017ee vodi\u010di kami\u00f3nov, ktor\u00ed prepravovali na\u0161e bal\u00edky pomoci, museli doteraz \u010daka\u0165 na hrani\u010dn\u00fdch priechodoch dlh\u00e9 hodiny, a niekedy aj dni.<\/div>\n<div dir=\"auto\">&nbsp;<\/div>\n<div dir=\"auto\">\n<figure id=\"attachment_25710\" aria-describedby=\"caption-attachment-25710\" style=\"width: 1128px\" class=\"wp-caption aligncenter\"><img fetchpriority=\"high\" decoding=\"async\" class=\"wp-image-25710 size-full\" src=\"https:\/\/www.adra.sk\/wp-content\/uploads\/2022\/08\/Untitled-design-39.png\" alt=\"\" width=\"1128\" height=\"357\" srcset=\"https:\/\/www.adra.sk\/wp-content\/uploads\/2022\/08\/Untitled-design-39.png 1128w, https:\/\/www.adra.sk\/wp-content\/uploads\/2022\/08\/Untitled-design-39-300x95.png 300w, https:\/\/www.adra.sk\/wp-content\/uploads\/2022\/08\/Untitled-design-39-1024x324.png 1024w, https:\/\/www.adra.sk\/wp-content\/uploads\/2022\/08\/Untitled-design-39-768x243.png 768w, https:\/\/www.adra.sk\/wp-content\/uploads\/2022\/08\/Untitled-design-39-18x6.png 18w\" sizes=\"(max-width: 1128px) 100vw, 1128px\" \/><figcaption id=\"caption-attachment-25710\" class=\"wp-caption-text\">Kami\u00f3ny s na\u0161ou pomocou odteraz jazdia pod logom humanit\u00e1rnej pomoci. Bal\u00edky pomoci, ktor\u00e9 na Ukrajinu posielame, pomohli u\u017e vy\u0161e 55 tis\u00edc \u013eu\u010fom v osloboden\u00fdch mest\u00e1ch, obciach a \u00fakrytoch.<\/figcaption><\/figure>\n<\/div>\n<div dir=\"auto\">&nbsp;<\/div>\n<\/div>\n<\/div>\n<\/div>\n<div dir=\"auto\"><span style=\"color: initial;\">Len za posledn\u00fd t\u00fd\u017ede\u0148 sme na Ukrajinu odoslali 3 kami\u00f3ny s humanit\u00e1rnou pomocou, ktor\u00e9 tak prines\u00fa potraviny a hygienick\u00e9 potreby pre skoro 12 tis\u00edc \u013eud\u00ed v \u017ditom\u00edre, Ternopile a Zakarpatskej oblasti. Jeden z t\u00fdchto kami\u00f3nov n\u00e1m pomohli nabali\u0165 \u00fa\u010dastn\u00edci Festivalu Pohoda a s druh\u00fdm n\u00e1m pomohli ml\u00e1de\u017en\u00edci po\u010das akcie YFJ v Pie\u0161\u0165anoch.<\/span><\/div>\n<div class=\"cxmmr5t8 oygrvhab hcukyx3x c1et5uql o9v6fnle ii04i59q\">\n<div dir=\"auto\">\n<div class=\"cxmmr5t8 oygrvhab hcukyx3x c1et5uql o9v6fnle ii04i59q\">\n<div dir=\"auto\">&nbsp;<\/div>\n<div dir=\"auto\">Na\u0161i partneri z <strong><a class=\"oajrlxb2 g5ia77u1 qu0x051f esr5mh6w e9989ue4 r7d6kgcz rq0escxv nhd2j8a9 nc684nl6 p7hjln8o kvgmc6g5 cxmmr5t8 oygrvhab hcukyx3x jb3vyjys rz4wbd8a qt6c0cv9 a8nywdso i1ao9s8h esuyzwwr f1sip0of lzcic4wl gpro0wi8 q66pz984 b1v8xokw\" tabindex=\"0\" role=\"link\" href=\"https:\/\/www.facebook.com\/ADRA.Ukraine\/?__cft__[0]=AZXj3rnnCqA1Ff9pRVyg9mOMUhhgs5GLzBHeAjjUY3meEXjgiuov9dUhV2TsD4Ckqdx39yULto8csFF_XWHk8OrVAdl4C_M4ie5gfcZPpTXkBakH-DqKLA-xJArmqVbI3jNE1fey9hhd5su9igl5kyQh-ky2oXSzbOcxmXEz2VtgCsXvlfBDfsE1Dv9HqnmCYkjqIkdPnWDLUtg420W0fHdR&amp;__tn__=kK-R\"><span class=\"nc684nl6\">ADRA Ukrajina<\/span><\/a><\/strong>, s ktor\u00fdmi spolupracujeme od za\u010diatku vojny, n\u00e1sledne bal\u00edky distribuuj\u00fa pres\u00eddlencom a obyvate\u013eom osloboden\u00fdch a vojnou zni\u010den\u00fdch miest a ded\u00edn. Od za\u010diatku vojny sa na\u0161a humanit\u00e1rna pomoc dostala u\u017e vy\u0161e 55 tis\u00edc \u013eu\u010fom na Ukrajine. Venova\u0165 bal\u00edk pomoci m\u00f4\u017eete aj vy. Viac inform\u00e1cii o bal\u00edku pomoci n\u00e1jdete <strong><a href=\"https:\/\/www.adra.sk\/help-shop\/balik-pomoci-pre-rodinu-na-ukrajinu\/\">tu<\/a><\/strong>.&nbsp;<\/div>\n<div dir=\"auto\">&nbsp;<\/div>\n<div dir=\"auto\"><span style=\"color: initial;\">Rodiny a dom\u00e1cnosti, ktor\u00fdm posielame humanit\u00e1rnu pomoc, s\u00fa ve\u013emi v\u010fa\u010dn\u00e9 a obsah a kvalitu humanit\u00e1rnych bal\u00edkov si pochva\u013euj\u00fa. Te\u0161\u00ed n\u00e1s, \u017ee na\u0161a humanit\u00e1rna intervencia z\u00edskava tak\u00fato pozit\u00edvnu odozvu a utvrdzuje n\u00e1s v presved\u010den\u00ed, \u017ee pom\u00e1ha\u0165 m\u00e1 aj na\u010falej zmysel.<\/span><\/div>\n<div dir=\"auto\">&nbsp;<\/div>\n<\/div>\n<div class=\"cxmmr5t8 oygrvhab hcukyx3x c1et5uql o9v6fnle ii04i59q\">\n<div dir=\"auto\">Viac o na\u0161ej humanit\u00e1rnej pomoci sa do\u010d\u00edtate v <strong><a href=\"https:\/\/www.adra.sk\/ako-pomahame\/vo-svete\/ukrajina\/?fbclid=IwAR2pyQsbbdvoAt3IT3TOYn1aEGjY-cTEQoz97OIU9qZ1OsCyDBWwI1Uc4MU\">\u010dl\u00e1nku<\/a><\/strong>.&nbsp;<\/div>\n<div dir=\"auto\">&nbsp;<\/div>\n<\/div>\n<div class=\"cxmmr5t8 oygrvhab hcukyx3x c1et5uql o9v6fnle ii04i59q\">\n<div dir=\"auto\">\u010eakujeme, \u017ee n\u00e1m aj na\u010falej pom\u00e1hate.<\/div>\n<\/div>\n<\/div>\n<\/div>\n<\/div>\n<\/div>\n<\/div>\n<\/div>\n<\/div>\n<\/div>\n<\/div>\n<\/div>\n<\/div>\n<\/div>\n<\/div>\n<\/div>\n<\/div>\n<\/div>\n<\/div>\n<\/div>\n<\/div>\n<\/div>\n<\/div>\n<p><!--more--><\/p>\n<p><!--more--><\/p>\n<div class=\"cxmmr5t8 oygrvhab hcukyx3x c1et5uql o9v6fnle\">\n<div class=\"cxmmr5t8 oygrvhab hcukyx3x c1et5uql o9v6fnle ii04i59q\">\n<div dir=\"auto\">\n<div dir=\"auto\">\n<div dir=\"auto\">\n<div class=\"cxmmr5t8 oygrvhab hcukyx3x c1et5uql o9v6fnle ii04i59q\">\n<div dir=\"auto\">&nbsp;<\/div>\n<\/div>\n<\/div>\n<\/div>\n<\/div>\n<\/div>\n<\/div>\n\n\nngg_shortcode_0_placeholder\n\n\n\n<p><\/p>\n","protected":false},"excerpt":{"rendered":"<p>We have obtained a certification that allows us to travel to Ukraine under the official humanitarian aid logo as part of the humanitarian corridor.<\/p>","protected":false},"author":64,"featured_media":25707,"comment_status":"closed","ping_status":"closed","sticky":false,"template":"","format":"standard","meta":{"_acf_changed":false,"ngg_post_thumbnail":0,"footnotes":""},"categories":[333],"tags":[332],"class_list":["post-25690","post","type-post","status-publish","format-standard","has-post-thumbnail","hentry","category-ukrajina","tag-ukrajina"],"acf":[],"_links":{"self":[{"href":"https:\/\/www.adra.sk\/en\/wp-json\/wp\/v2\/posts\/25690","targetHints":{"allow":["GET"]}}],"collection":[{"href":"https:\/\/www.adra.sk\/en\/wp-json\/wp\/v2\/posts"}],"about":[{"href":"https:\/\/www.adra.sk\/en\/wp-json\/wp\/v2\/types\/post"}],"author":[{"embeddable":true,"href":"https:\/\/www.adra.sk\/en\/wp-json\/wp\/v2\/users\/64"}],"replies":[{"embeddable":true,"href":"https:\/\/www.adra.sk\/en\/wp-json\/wp\/v2\/comments?post=25690"}],"version-history":[{"count":24,"href":"https:\/\/www.adra.sk\/en\/wp-json\/wp\/v2\/posts\/25690\/revisions"}],"predecessor-version":[{"id":25765,"href":"https:\/\/www.adra.sk\/en\/wp-json\/wp\/v2\/posts\/25690\/revisions\/25765"}],"wp:featuredmedia":[{"embeddable":true,"href":"https:\/\/www.adra.sk\/en\/wp-json\/wp\/v2\/media\/25707"}],"wp:attachment":[{"href":"https:\/\/www.adra.sk\/en\/wp-json\/wp\/v2\/media?parent=25690"}],"wp:term":[{"taxonomy":"category","embeddable":true,"href":"https:\/\/www.adra.sk\/en\/wp-json\/wp\/v2\/categories?post=25690"},{"taxonomy":"post_tag","embeddable":true,"href":"https:\/\/www.adra.sk\/en\/wp-json\/wp\/v2\/tags?post=25690"}],"curies":[{"name":"wp","href":"https:\/\/api.w.org\/{rel}","templated":true}]}}