{"id":25766,"date":"2022-08-03T16:36:17","date_gmt":"2022-08-03T16:36:17","guid":{"rendered":"https:\/\/www.adra.sk\/?p=25766"},"modified":"2023-03-07T08:03:15","modified_gmt":"2023-03-07T08:03:15","slug":"nove-projekty","status":"publish","type":"post","link":"https:\/\/www.adra.sk\/en\/nove-projekty\/","title":{"rendered":"New projects"},"content":{"rendered":"\n<h1 class=\"has-vivid-green-cyan-color has-text-color wp-block-heading\"><\/h1>\n\n\n<p class=\"perex\"><strong>M\u00e1me skvel\u00e9 spr\u00e1vy! Z\u00edskali sme dva nov\u00e9 projekty na Ukrajine a v Libanone.&nbsp;<\/strong><\/p>\n<p><!--more--><\/p>\n<div class=\"cxmmr5t8 oygrvhab hcukyx3x c1et5uql o9v6fnle\">\n<div class=\"cxmmr5t8 oygrvhab hcukyx3x c1et5uql o9v6fnle ii04i59q\">\n<div dir=\"auto\">\n<div class=\"cxmmr5t8 oygrvhab hcukyx3x c1et5uql o9v6fnle ii04i59q\">\n<div dir=\"auto\">\n<div class=\"cxmmr5t8 oygrvhab hcukyx3x c1et5uql o9v6fnle ii04i59q\">\n<div dir=\"auto\">\n<div class=\"cxmmr5t8 oygrvhab hcukyx3x c1et5uql o9v6fnle ii04i59q\">\n<div dir=\"auto\">\n<div class=\"cxmmr5t8 oygrvhab hcukyx3x c1et5uql o9v6fnle ii04i59q\">\n<div dir=\"auto\" style=\"text-align: left;\">\n<div class=\"cxmmr5t8 oygrvhab hcukyx3x c1et5uql o9v6fnle ii04i59q\">\n<div dir=\"auto\">\n<div class=\"cxmmr5t8 oygrvhab hcukyx3x c1et5uql o9v6fnle ii04i59q\">\n<div dir=\"auto\">\n<div class=\"article-body-img\">\n<div class=\"cxmmr5t8 oygrvhab hcukyx3x c1et5uql o9v6fnle ii04i59q\">&nbsp;<\/div>\n<div class=\"cxmmr5t8 oygrvhab hcukyx3x c1et5uql o9v6fnle ii04i59q\">\n<div dir=\"auto\">\n<div class=\"cxmmr5t8 oygrvhab hcukyx3x c1et5uql o9v6fnle ii04i59q\">\n<div dir=\"auto\">Na ak\u00e9 v\u00fdzvy sa budeme v na\u0161ich projektoch zameriava\u0165?<\/div>\n<div dir=\"auto\">&nbsp;<\/div>\n<\/div>\n<div class=\"cxmmr5t8 oygrvhab hcukyx3x c1et5uql o9v6fnle ii04i59q\">\n<div dir=\"auto\"><strong>Ak\u00fatna humanit\u00e1rna pomoc pre rodiny a dom\u00e1cnosti na Ukrajine&nbsp;<\/strong><\/div>\n<div dir=\"auto\">&nbsp;<\/div>\n<\/div>\n<div class=\"cxmmr5t8 oygrvhab hcukyx3x c1et5uql o9v6fnle ii04i59q\">\n<div dir=\"auto\">Vojna pretrv\u00e1va, no na\u0161a pomoc Ukrajine nekon\u010d\u00ed. Do konca roka poskytneme potraviny a hygienick\u00e9 potreby pre viac ako 23 000 \u013eud\u00ed na Ukrajine. Projekt n\u00e1m tak umo\u017en\u00ed pokra\u010dova\u0165 v na\u0161ich doteraj\u0161\u00edch aktivit\u00e1ch, prostredn\u00edctvom ktor\u00fdch sme zabezpe\u010dili humanit\u00e1rnu pomoc pre viac ako 55 000 \u013eud\u00ed v osloboden\u00fdch mest\u00e1ch, obciach a \u00fakrytoch. Na projekte budeme spolupracova\u0165 s partnerom <strong><a class=\"oajrlxb2 g5ia77u1 qu0x051f esr5mh6w e9989ue4 r7d6kgcz rq0escxv nhd2j8a9 nc684nl6 p7hjln8o kvgmc6g5 cxmmr5t8 oygrvhab hcukyx3x jb3vyjys rz4wbd8a qt6c0cv9 a8nywdso i1ao9s8h esuyzwwr f1sip0of lzcic4wl gpro0wi8 q66pz984 b1v8xokw\" tabindex=\"0\" role=\"link\" href=\"https:\/\/www.facebook.com\/ADRA.Ukraine\/?__cft__[0]=AZXpf0LnOXtOSDO2NTGdDrB65GPVja-HUWLRwmPqUgdDAGyYumtdk7M8OM_lBCIW33MdIKlEmTD_zYB1UXqVd1NtkOb1muOUCgVWqCvaqQfGcRDwrnx_t829I7n968WmC2sS31x9MEYsX20SKSAzqAkl0oBEStI4tEBoHTvrzrOsfexcKPd7cuaYhqs4UnQ71KvMV4Keaz_f-qzNpVcZb6qT&amp;__tn__=kK-R\"><span class=\"nc684nl6\">ADRA Ukrajina<\/span><\/a><\/strong>. Viac o na\u0161ej pomoci Ukrajine sa do\u010d\u00edtate v <strong><a href=\"https:\/\/www.adra.sk\/ako-pomahame\/vo-svete\/ukrajina\/?fbclid=IwAR2Uj53BKVeXSCLkvFs9pF38XAM-IzfwQRIVYWVF3i_XKhqrvUoVlRJZFbY\">\u010dl\u00e1nku<\/a><\/strong>.<\/div>\n<div dir=\"auto\">&nbsp;\n<figure id=\"attachment_25772\" aria-describedby=\"caption-attachment-25772\" style=\"width: 800px\" class=\"wp-caption aligncenter\"><img fetchpriority=\"high\" decoding=\"async\" class=\"wp-image-25772 size-large\" src=\"https:\/\/www.adra.sk\/wp-content\/uploads\/2022\/08\/IMG_4487-1-1024x766.jpg\" alt=\"\" width=\"800\" height=\"598\" srcset=\"https:\/\/www.adra.sk\/wp-content\/uploads\/2022\/08\/IMG_4487-1-1024x766.jpg 1024w, https:\/\/www.adra.sk\/wp-content\/uploads\/2022\/08\/IMG_4487-1-300x224.jpg 300w, https:\/\/www.adra.sk\/wp-content\/uploads\/2022\/08\/IMG_4487-1-768x575.jpg 768w, https:\/\/www.adra.sk\/wp-content\/uploads\/2022\/08\/IMG_4487-1-16x12.jpg 16w, https:\/\/www.adra.sk\/wp-content\/uploads\/2022\/08\/IMG_4487-1.jpg 1211w\" sizes=\"(max-width: 800px) 100vw, 800px\" \/><figcaption id=\"caption-attachment-25772\" class=\"wp-caption-text\">Bal\u00edky pomoci pomohli u\u017e vy\u0161e 55 tis\u00edc \u013eu\u010fom na Ukrajine.<\/figcaption><\/figure>\n<\/div>\n<div dir=\"auto\">&nbsp;<\/div>\n<\/div>\n<div class=\"cxmmr5t8 oygrvhab hcukyx3x c1et5uql o9v6fnle ii04i59q\">\n<div dir=\"auto\"><strong>Voda pre zranite\u013en\u00e9 komunity v regi\u00f3ne Bekaa v Libanone<\/strong><\/div>\n<div dir=\"auto\">&nbsp;<\/div>\n<\/div>\n<div class=\"cxmmr5t8 oygrvhab hcukyx3x c1et5uql o9v6fnle ii04i59q\">\n<div dir=\"auto\">Pre libanonsk\u00e9 rodiny a s\u00fdrskych ute\u010dencov v regi\u00f3ne Bekaa vybudujeme vodovodn\u00fd syst\u00e9m poh\u00e1\u0148an\u00fd sol\u00e1rnou energiou. Zranite\u013en\u00fdm komunit\u00e1m a okolit\u00fdm \u0161kol\u00e1m dod\u00e1me vodn\u00e9 rezervo\u00e1re, a zabezpe\u010d\u00edme im tak dlhodobo udr\u017eate\u013en\u00fd a cenovo dostupn\u00fd pr\u00edstup k vode. Nov\u00fd projekt bude vo\u013en\u00fdm pokra\u010dovan\u00edm dvoch predch\u00e1dzaj\u00facich projektov, taktie\u017e podporen\u00fdch zo zdrojov SlovakAid, ktor\u00e9 sme v oblasti realizovali, a predstavuje nevyhnutn\u00fa humanit\u00e1rnu intervenciu pre viac ako 7 000 miestnych obyvate\u013eov. Na projekte budeme spolupracova\u0165 s partnerom <strong><a class=\"oajrlxb2 g5ia77u1 qu0x051f esr5mh6w e9989ue4 r7d6kgcz rq0escxv nhd2j8a9 nc684nl6 p7hjln8o kvgmc6g5 cxmmr5t8 oygrvhab hcukyx3x jb3vyjys rz4wbd8a qt6c0cv9 a8nywdso i1ao9s8h esuyzwwr f1sip0of lzcic4wl gpro0wi8 q66pz984 b1v8xokw\" tabindex=\"0\" role=\"link\" href=\"https:\/\/www.facebook.com\/adralebanon\/?__cft__[0]=AZXpf0LnOXtOSDO2NTGdDrB65GPVja-HUWLRwmPqUgdDAGyYumtdk7M8OM_lBCIW33MdIKlEmTD_zYB1UXqVd1NtkOb1muOUCgVWqCvaqQfGcRDwrnx_t829I7n968WmC2sS31x9MEYsX20SKSAzqAkl0oBEStI4tEBoHTvrzrOsfexcKPd7cuaYhqs4UnQ71KvMV4Keaz_f-qzNpVcZb6qT&amp;__tn__=kK-R\"><span class=\"nc684nl6\">ADRA Libanon<\/span><\/a><\/strong>. Viac o na\u0161ej pomoci v Libanone v <strong><a href=\"https:\/\/www.adra.sk\/ako-pomahame\/vo-svete\/Libanon-zdroj-pitnej-vody\/?fbclid=IwAR2UDjMbmhVg7yFB0KtxigAdAEJt7qf8gdu1pQnr9jwjoGzm7DrUF7fXVQY\">\u010dl\u00e1nku<\/a><\/strong>.<\/div>\n<div dir=\"auto\">\n<figure id=\"attachment_25774\" aria-describedby=\"caption-attachment-25774\" style=\"width: 800px\" class=\"wp-caption aligncenter\"><img decoding=\"async\" class=\"wp-image-25774 size-large\" src=\"https:\/\/www.adra.sk\/wp-content\/uploads\/2022\/08\/292561207_5541625192556772_8121461835817297413_n-1024x1024.jpg\" alt=\"\" width=\"800\" height=\"800\" srcset=\"https:\/\/www.adra.sk\/wp-content\/uploads\/2022\/08\/292561207_5541625192556772_8121461835817297413_n-1024x1024.jpg 1024w, https:\/\/www.adra.sk\/wp-content\/uploads\/2022\/08\/292561207_5541625192556772_8121461835817297413_n-300x300.jpg 300w, https:\/\/www.adra.sk\/wp-content\/uploads\/2022\/08\/292561207_5541625192556772_8121461835817297413_n-150x150.jpg 150w, https:\/\/www.adra.sk\/wp-content\/uploads\/2022\/08\/292561207_5541625192556772_8121461835817297413_n-768x768.jpg 768w, https:\/\/www.adra.sk\/wp-content\/uploads\/2022\/08\/292561207_5541625192556772_8121461835817297413_n-1536x1536.jpg 1536w, https:\/\/www.adra.sk\/wp-content\/uploads\/2022\/08\/292561207_5541625192556772_8121461835817297413_n-12x12.jpg 12w, https:\/\/www.adra.sk\/wp-content\/uploads\/2022\/08\/292561207_5541625192556772_8121461835817297413_n-100x100.jpg 100w, https:\/\/www.adra.sk\/wp-content\/uploads\/2022\/08\/292561207_5541625192556772_8121461835817297413_n.jpg 1740w\" sizes=\"(max-width: 800px) 100vw, 800px\" \/><figcaption id=\"caption-attachment-25774\" class=\"wp-caption-text\">ADRA vodojem z\u00e1sobuj\u00faci stanov\u00e9 usadlosti v \u00fadol\u00ed Bekaa.<\/figcaption><\/figure>\n<\/div>\n<div dir=\"auto\">&nbsp;<\/div>\n<\/div>\n<div class=\"cxmmr5t8 oygrvhab hcukyx3x c1et5uql o9v6fnle ii04i59q\">\n<div dir=\"auto\">\u010eakujeme <a class=\"oajrlxb2 g5ia77u1 qu0x051f esr5mh6w e9989ue4 r7d6kgcz rq0escxv nhd2j8a9 nc684nl6 p7hjln8o kvgmc6g5 cxmmr5t8 oygrvhab hcukyx3x jb3vyjys rz4wbd8a qt6c0cv9 a8nywdso i1ao9s8h esuyzwwr f1sip0of lzcic4wl gpro0wi8 q66pz984 b1v8xokw\" tabindex=\"0\" role=\"link\" href=\"https:\/\/www.facebook.com\/hashtag\/slovakaid?__eep__=6&amp;__cft__[0]=AZXpf0LnOXtOSDO2NTGdDrB65GPVja-HUWLRwmPqUgdDAGyYumtdk7M8OM_lBCIW33MdIKlEmTD_zYB1UXqVd1NtkOb1muOUCgVWqCvaqQfGcRDwrnx_t829I7n968WmC2sS31x9MEYsX20SKSAzqAkl0oBEStI4tEBoHTvrzrOsfexcKPd7cuaYhqs4UnQ71KvMV4Keaz_f-qzNpVcZb6qT&amp;__tn__=*NK-R\"><strong>SlovakAid<\/strong><\/a> za schv\u00e1lenie na\u0161ich projektov\u00fdch \u017eiadost\u00ed a te\u0161\u00edme sa na spolupr\u00e1cu.<\/div>\n<div dir=\"auto\"><img decoding=\"async\" class=\"aligncenter wp-image-20797 size-large\" src=\"https:\/\/www.adra.sk\/wp-content\/uploads\/2021\/05\/SlovakAid-GIS-VELKE-1024x488.png\" alt=\"\" width=\"800\" height=\"381\" srcset=\"https:\/\/www.adra.sk\/wp-content\/uploads\/2021\/05\/SlovakAid-GIS-VELKE-1024x488.png 1024w, https:\/\/www.adra.sk\/wp-content\/uploads\/2021\/05\/SlovakAid-GIS-VELKE-300x143.png 300w, https:\/\/www.adra.sk\/wp-content\/uploads\/2021\/05\/SlovakAid-GIS-VELKE-768x366.png 768w, https:\/\/www.adra.sk\/wp-content\/uploads\/2021\/05\/SlovakAid-GIS-VELKE-1536x731.png 1536w, https:\/\/www.adra.sk\/wp-content\/uploads\/2021\/05\/SlovakAid-GIS-VELKE-2048x975.png 2048w, https:\/\/www.adra.sk\/wp-content\/uploads\/2021\/05\/SlovakAid-GIS-VELKE-16x8.png 16w, https:\/\/www.adra.sk\/wp-content\/uploads\/2021\/05\/SlovakAid-GIS-VELKE-2000x952.png 2000w\" sizes=\"(max-width: 800px) 100vw, 800px\" \/><\/div>\n<\/div>\n<\/div>\n<\/div>\n<\/div>\n<\/div>\n<\/div>\n<\/div>\n<\/div>\n<\/div>\n<\/div>\n<\/div>\n<\/div>\n<\/div>\n<\/div>\n<\/div>\n<\/div>\n<\/div>\n<\/div>\n<\/div>\n<p><!--more--><\/p>\n<div class=\"cxmmr5t8 oygrvhab hcukyx3x c1et5uql o9v6fnle\">\n<div class=\"cxmmr5t8 oygrvhab hcukyx3x c1et5uql o9v6fnle ii04i59q\">\n<div dir=\"auto\">\n<div dir=\"auto\">\n<div dir=\"auto\">\n<div class=\"cxmmr5t8 oygrvhab hcukyx3x c1et5uql o9v6fnle ii04i59q\">\n<div dir=\"auto\">&nbsp;<\/div>\n<\/div>\n<\/div>\n<\/div>\n<\/div>\n<\/div>\n<\/div>\n\n\n\n\n<p><\/p>\n","protected":false},"excerpt":{"rendered":"<p>We have great news! We have been awarded two new projects in Ukraine and Lebanon.&nbsp;<\/p>","protected":false},"author":64,"featured_media":25778,"comment_status":"closed","ping_status":"closed","sticky":false,"template":"","format":"standard","meta":{"_acf_changed":false,"ngg_post_thumbnail":0,"footnotes":""},"categories":[333,289],"tags":[314,332],"class_list":["post-25766","post","type-post","status-publish","format-standard","has-post-thumbnail","hentry","category-ukrajina","category-vo-svete","tag-libanon","tag-ukrajina"],"acf":[],"_links":{"self":[{"href":"https:\/\/www.adra.sk\/en\/wp-json\/wp\/v2\/posts\/25766","targetHints":{"allow":["GET"]}}],"collection":[{"href":"https:\/\/www.adra.sk\/en\/wp-json\/wp\/v2\/posts"}],"about":[{"href":"https:\/\/www.adra.sk\/en\/wp-json\/wp\/v2\/types\/post"}],"author":[{"embeddable":true,"href":"https:\/\/www.adra.sk\/en\/wp-json\/wp\/v2\/users\/64"}],"replies":[{"embeddable":true,"href":"https:\/\/www.adra.sk\/en\/wp-json\/wp\/v2\/comments?post=25766"}],"version-history":[{"count":6,"href":"https:\/\/www.adra.sk\/en\/wp-json\/wp\/v2\/posts\/25766\/revisions"}],"predecessor-version":[{"id":25777,"href":"https:\/\/www.adra.sk\/en\/wp-json\/wp\/v2\/posts\/25766\/revisions\/25777"}],"wp:featuredmedia":[{"embeddable":true,"href":"https:\/\/www.adra.sk\/en\/wp-json\/wp\/v2\/media\/25778"}],"wp:attachment":[{"href":"https:\/\/www.adra.sk\/en\/wp-json\/wp\/v2\/media?parent=25766"}],"wp:term":[{"taxonomy":"category","embeddable":true,"href":"https:\/\/www.adra.sk\/en\/wp-json\/wp\/v2\/categories?post=25766"},{"taxonomy":"post_tag","embeddable":true,"href":"https:\/\/www.adra.sk\/en\/wp-json\/wp\/v2\/tags?post=25766"}],"curies":[{"name":"wp","href":"https:\/\/api.w.org\/{rel}","templated":true}]}}