{"id":26231,"date":"2022-09-28T07:44:30","date_gmt":"2022-09-28T07:44:30","guid":{"rendered":"https:\/\/www.adra.sk\/?p=26231"},"modified":"2022-11-07T09:34:32","modified_gmt":"2022-11-07T09:34:32","slug":"projekt-slovakaid-zahajeny","status":"publish","type":"post","link":"https:\/\/www.adra.sk\/en\/projekt-slovakaid-zahajeny\/","title":{"rendered":"SlovakAid project launched"},"content":{"rendered":"\n<h1 class=\"has-vivid-green-cyan-color has-text-color wp-block-heading\"><\/h1>\n\n\n<p class=\"perex\"><strong>Solidarita a odhodlanie pom\u00e1ha\u0165 \u013eu\u010fom na Ukrajine neut\u00edcha ani v \u010dase eskal\u00e1cie konfliktu. Prv\u00fd kami\u00f3n pomoci zo zdrojov SlovakAid je u\u017e na ceste na Ukrajinu.<\/strong><\/p>\n<p><!--more--><\/p>\n<div class=\"m8h3af8h l7ghb35v kjdc1dyq kmwttqpk gh25dzvf n3t5jt4f\">&nbsp;<\/div>\n<div class=\"cxmmr5t8 oygrvhab hcukyx3x c1et5uql o9v6fnle\">\n<div class=\"cxmmr5t8 oygrvhab hcukyx3x c1et5uql o9v6fnle ii04i59q\">\n<div dir=\"auto\">\n<div class=\"cxmmr5t8 oygrvhab hcukyx3x c1et5uql o9v6fnle ii04i59q\">\n<div dir=\"auto\">\n<div class=\"cxmmr5t8 oygrvhab hcukyx3x c1et5uql o9v6fnle ii04i59q\">\n<div dir=\"auto\">\n<div class=\"cxmmr5t8 oygrvhab hcukyx3x c1et5uql o9v6fnle ii04i59q\">\n<div dir=\"auto\">\n<div class=\"cxmmr5t8 oygrvhab hcukyx3x c1et5uql o9v6fnle ii04i59q\">\n<div dir=\"auto\" style=\"text-align: left;\">\n<div class=\"cxmmr5t8 oygrvhab hcukyx3x c1et5uql o9v6fnle ii04i59q\">\n<div dir=\"auto\">\n<div class=\"cxmmr5t8 oygrvhab hcukyx3x c1et5uql o9v6fnle ii04i59q\">\n<div dir=\"auto\">\n<div class=\"article-body-img\">\n<div class=\"cxmmr5t8 oygrvhab hcukyx3x c1et5uql o9v6fnle ii04i59q\">\n<div dir=\"auto\">\n<div class=\"cxmmr5t8 oygrvhab hcukyx3x c1et5uql o9v6fnle ii04i59q\">\n<div dir=\"auto\">\n<div class=\"kvgmc6g5 cxmmr5t8 oygrvhab hcukyx3x c1et5uql ii04i59q\">\n<div dir=\"auto\">\n<div class=\"l7ghb35v kjdc1dyq kmwttqpk gh25dzvf jikcssrz n3t5jt4f\">\n<div dir=\"auto\">\n<div class=\"l7ghb35v kjdc1dyq kmwttqpk gh25dzvf jikcssrz n3t5jt4f\">\n<div dir=\"auto\">\n<div class=\"l7ghb35v kjdc1dyq kmwttqpk gh25dzvf jikcssrz n3t5jt4f\">\n<div dir=\"auto\">N\u00e1\u0161mu \u0161ikovn\u00e9mu ADRA t\u00edmu a dobrovo\u013en\u00edkom sa v priebehu posledn\u00fdch dn\u00ed podarilo skompletizova\u0165 33 paliet humanit\u00e1rnej pomoci, ktor\u00e9 sme vo ve\u013ekokapacitnom kami\u00f3ne odoslali na Ukrajinu. Na\u0161a humanit\u00e1rna pomoc pozost\u00e1va z rodinn\u00fdch bal\u00edkov pomoci, ktor\u00e9 obsahuj\u00fa trvanliv\u00e9 potraviny a hygienick\u00e9 potreby. Aj na\u010falej sa jedn\u00e1 o urgentn\u00fa pomoc, pri\u010dom organiz\u00e1cia OSN odhaduje, \u017ee na Ukrajine poci\u0165uje nedostatok potrav\u00edn a\u017e 12 mili\u00f3nov \u013eud\u00ed.<\/div>\n<div dir=\"auto\">&nbsp;<\/div>\n<\/div>\n<div class=\"l7ghb35v kjdc1dyq kmwttqpk gh25dzvf jikcssrz n3t5jt4f\">\n<div dir=\"auto\">Odozvou na t\u00fato v\u00fdzvu je pr\u00e1ve n\u00e1\u0161 projekt humanit\u00e1rnej pomoci, financovan\u00fd zo zdrojov Ofici\u00e1lnej rozvojovej pomoci SR &#8211; <strong><a class=\"qi72231t nu7423ey n3hqoq4p r86q59rh b3qcqh3k fq87ekyn bdao358l fsf7x5fv rse6dlih s5oniofx m8h3af8h l7ghb35v kjdc1dyq kmwttqpk srn514ro oxkhqvkx rl78xhln nch0832m cr00lzj9 rn8ck1ys s3jn8y49 icdlwmnq cxfqmxzd d1w2l3lo tes86rjd\" tabindex=\"0\" role=\"link\" href=\"https:\/\/www.facebook.com\/SlovakAid?__cft__[0]=AZX3MIbYna-YFR2B_F3t_4HIhu31gV9KZDGHpppth9e1_1yD4dC9guyHZbvJTnc9m1QOkTnlF40YqMW1oNTehjcO4gWpymx4g4PfAJeYzgGvmnuNLE9nxf9vW_n76bhAXTGe0xOUcuOKVF9AG0stn55k_HY-Eaqa_fffiZJyoclcz85O0DXp5sa6jkkli7LPfPpJqRgc41kL9q5vcVTosR3S&amp;__tn__=-]K-R\"><span class=\"rse6dlih\">SlovakAid<\/span><\/a><\/strong>, ktor\u00fd posiln\u00ed potravinov\u00fa bezpe\u010dnos\u0165 a zlep\u0161\u00ed pr\u00edstup k z\u00e1kladn\u00fdm hygienick\u00fdm potreb\u00e1m pre 23 760 \u013eud\u00ed na Ukrajine. Pomoc sa tak dostane 7 920 dom\u00e1cnostiam v osloboden\u00fdch ukrajinsk\u00fdch mest\u00e1ch, mest\u00e1ch so zni\u010denou infra\u0161trukt\u00farou, a oblastiach s obmedzen\u00fdm pr\u00edstupom k potravin\u00e1m.<\/div>\n<div dir=\"auto\">&nbsp;<\/div>\n<\/div>\n<div class=\"l7ghb35v kjdc1dyq kmwttqpk gh25dzvf jikcssrz n3t5jt4f\">\n<div dir=\"auto\">Viac inform\u00e1ci\u00ed o na\u0161om projekte sa do\u010d\u00edtate <strong><a href=\"https:\/\/www.adra.sk\/ako-pomahame\/vo-svete\/ukrajina-slovakaid\/?fbclid=IwAR0MQPA5rNkjGXBPnrsN9tdR15ffjP0cRV1Cu4jBHjcFbfoC8w5pIWoMyMM\">tu<\/a><\/strong>.<\/div>\n<div dir=\"auto\">&nbsp;<\/div>\n<\/div>\n<\/div>\n<div dir=\"auto\">\n<div dir=\"auto\">. . .<\/div>\n<div dir=\"auto\">Projekt <em>Posilnenie pr\u00edstupu k z\u00e1kladn\u00fdm potravin\u00e1m a hygienick\u00fdm potreb\u00e1m pre najzranite\u013enej\u0161iu \u010das\u0165 popul\u00e1cie na Ukrajine, SAMRS\/2022\/HUM\/2\/UA\/1\/5<\/em>, je financovan\u00fd zo zdrojov Ofici\u00e1lnej rozvojovej pomoci SR, <span class=\"rse6dlih\">SlovakAid<\/span> a realizovan\u00fd v spolupr\u00e1ci s <strong><a class=\"qi72231t nu7423ey n3hqoq4p r86q59rh b3qcqh3k fq87ekyn bdao358l fsf7x5fv rse6dlih s5oniofx m8h3af8h l7ghb35v kjdc1dyq kmwttqpk srn514ro oxkhqvkx rl78xhln nch0832m cr00lzj9 rn8ck1ys s3jn8y49 icdlwmnq cxfqmxzd d1w2l3lo tes86rjd\" tabindex=\"0\" role=\"link\" href=\"https:\/\/www.facebook.com\/ADRA.Ukraine\/?__cft__[0]=AZX3MIbYna-YFR2B_F3t_4HIhu31gV9KZDGHpppth9e1_1yD4dC9guyHZbvJTnc9m1QOkTnlF40YqMW1oNTehjcO4gWpymx4g4PfAJeYzgGvmnuNLE9nxf9vW_n76bhAXTGe0xOUcuOKVF9AG0stn55k_HY-Eaqa_fffiZJyoclcz85O0DXp5sa6jkkli7LPfPpJqRgc41kL9q5vcVTosR3S&amp;__tn__=kK-R\"><span class=\"rse6dlih\">ADRA Ukrajina<\/span><\/a><\/strong>.<\/div>\n<\/div>\n<\/div>\n<\/div>\n<\/div>\n<\/div>\n<\/div>\n<\/div>\n<\/div>\n<\/div>\n<\/div>\n<\/div>\n<\/div>\n<\/div>\n<\/div>\n<\/div>\n<\/div>\n<\/div>\n<\/div>\n<\/div>\n<\/div>\n<\/div>\n<\/div>\n<\/div>\n<\/div>\n<\/div>\n<\/div>\n<p><!--more--><\/p>\n<div class=\"cxmmr5t8 oygrvhab hcukyx3x c1et5uql o9v6fnle\">\n<div class=\"cxmmr5t8 oygrvhab hcukyx3x c1et5uql o9v6fnle ii04i59q\">\n<div dir=\"auto\">\n<div dir=\"auto\">\n<div dir=\"auto\">\n<div class=\"cxmmr5t8 oygrvhab hcukyx3x c1et5uql o9v6fnle ii04i59q\">\n<div dir=\"auto\">&nbsp;<\/div>\n<\/div>\n<\/div>\n<\/div>\n<\/div>\n<\/div>\n<\/div>\n\n\nngg_shortcode_0_placeholder\n\n\n\n<p><\/p>\n","protected":false},"excerpt":{"rendered":"<p>Solidarity and commitment to help the people of Ukraine continues even as the conflict escalates. The first SlovakAid aid truck is on its way to Ukraine.<\/p>","protected":false},"author":64,"featured_media":26251,"comment_status":"closed","ping_status":"closed","sticky":false,"template":"","format":"standard","meta":{"_acf_changed":false,"ngg_post_thumbnail":0,"footnotes":""},"categories":[333],"tags":[337,332],"class_list":["post-26231","post","type-post","status-publish","format-standard","has-post-thumbnail","hentry","category-ukrajina","tag-slovakaid","tag-ukrajina"],"acf":[],"_links":{"self":[{"href":"https:\/\/www.adra.sk\/en\/wp-json\/wp\/v2\/posts\/26231","targetHints":{"allow":["GET"]}}],"collection":[{"href":"https:\/\/www.adra.sk\/en\/wp-json\/wp\/v2\/posts"}],"about":[{"href":"https:\/\/www.adra.sk\/en\/wp-json\/wp\/v2\/types\/post"}],"author":[{"embeddable":true,"href":"https:\/\/www.adra.sk\/en\/wp-json\/wp\/v2\/users\/64"}],"replies":[{"embeddable":true,"href":"https:\/\/www.adra.sk\/en\/wp-json\/wp\/v2\/comments?post=26231"}],"version-history":[{"count":2,"href":"https:\/\/www.adra.sk\/en\/wp-json\/wp\/v2\/posts\/26231\/revisions"}],"predecessor-version":[{"id":26243,"href":"https:\/\/www.adra.sk\/en\/wp-json\/wp\/v2\/posts\/26231\/revisions\/26243"}],"wp:featuredmedia":[{"embeddable":true,"href":"https:\/\/www.adra.sk\/en\/wp-json\/wp\/v2\/media\/26251"}],"wp:attachment":[{"href":"https:\/\/www.adra.sk\/en\/wp-json\/wp\/v2\/media?parent=26231"}],"wp:term":[{"taxonomy":"category","embeddable":true,"href":"https:\/\/www.adra.sk\/en\/wp-json\/wp\/v2\/categories?post=26231"},{"taxonomy":"post_tag","embeddable":true,"href":"https:\/\/www.adra.sk\/en\/wp-json\/wp\/v2\/tags?post=26231"}],"curies":[{"name":"wp","href":"https:\/\/api.w.org\/{rel}","templated":true}]}}