{"id":26468,"date":"2022-11-02T08:13:27","date_gmt":"2022-11-02T08:13:27","guid":{"rendered":"https:\/\/www.adra.sk\/?p=26468"},"modified":"2022-11-09T23:52:24","modified_gmt":"2022-11-09T23:52:24","slug":"prajeme-si-mier","status":"publish","type":"post","link":"https:\/\/www.adra.sk\/en\/prajeme-si-mier\/","title":{"rendered":"We wish for peace"},"content":{"rendered":"\n<h1 class=\"has-vivid-green-cyan-color has-text-color wp-block-heading\"><\/h1>\n\n\n<p><b>Pre\u010do pom\u00e1hame? V r\u00e1mci t\u00fd\u017ed\u0148a OSN sme odpovedali aj na t\u00fato ot\u00e1zku.<\/b><\/p>\n<p><!--more--><\/p>\n<div class=\"cxmmr5t8 oygrvhab hcukyx3x c1et5uql o9v6fnle\">\n<div class=\"cxmmr5t8 oygrvhab hcukyx3x c1et5uql o9v6fnle ii04i59q\">\n<div dir=\"auto\">\n<div class=\"cxmmr5t8 oygrvhab hcukyx3x c1et5uql o9v6fnle ii04i59q\">\n<div dir=\"auto\">\n<div class=\"cxmmr5t8 oygrvhab hcukyx3x c1et5uql o9v6fnle ii04i59q\">\n<div dir=\"auto\">\n<div class=\"cxmmr5t8 oygrvhab hcukyx3x c1et5uql o9v6fnle ii04i59q\">\n<div dir=\"auto\">\n<div class=\"cxmmr5t8 oygrvhab hcukyx3x c1et5uql o9v6fnle ii04i59q\">\n<div dir=\"auto\" style=\"text-align: left;\">\n<div class=\"cxmmr5t8 oygrvhab hcukyx3x c1et5uql o9v6fnle ii04i59q\">\n<div dir=\"auto\">\n<div class=\"cxmmr5t8 oygrvhab hcukyx3x c1et5uql o9v6fnle ii04i59q\">\n<div dir=\"auto\">\n<div class=\"article-body-img\">\n<div class=\"cxmmr5t8 oygrvhab hcukyx3x c1et5uql o9v6fnle ii04i59q\">\n<div dir=\"auto\">\n<div class=\"cxmmr5t8 oygrvhab hcukyx3x c1et5uql o9v6fnle ii04i59q\">\n<div dir=\"auto\">\n<div class=\"kvgmc6g5 cxmmr5t8 oygrvhab hcukyx3x c1et5uql ii04i59q\">\n<div dir=\"auto\">\n<div class=\"l7ghb35v kjdc1dyq kmwttqpk gh25dzvf jikcssrz n3t5jt4f\">\n<div dir=\"auto\">\n<div class=\"l7ghb35v kjdc1dyq kmwttqpk gh25dzvf jikcssrz n3t5jt4f\">\n<div dir=\"auto\">\n<div class=\"l7ghb35v kjdc1dyq kmwttqpk gh25dzvf jikcssrz n3t5jt4f\">\n<div dir=\"auto\">\n<div class=\"x11i5rnm xat24cr x1mh8g0r x1vvkbs xtlvy1s x126k92a\">\n<div dir=\"auto\">\n<div class=\"x11i5rnm xat24cr x1mh8g0r x1vvkbs xtlvy1s x126k92a\">\n<div dir=\"auto\">\n<div class=\"gmail-adn gmail-ads\">\n<div class=\"gmail-gs\">\n<div class=\"gmail-\">\n<div id=\"gmail-:1ar\" class=\"gmail-ii gmail-gt\">\n<div id=\"gmail-:1aq\" class=\"gmail-a3s gmail-aiL\">\n<div dir=\"auto\">\n<div dir=\"auto\">\n<div class=\"xdj266r x11i5rnm xat24cr x1mh8g0r x1vvkbs x126k92a\">\n<div dir=\"auto\">\u013dudo \u010cin\u010dala, n\u00e1\u0161 koordin\u00e1tor pomoci pre Ukrajinu, pribl\u00ed\u017eil \u010desk\u00e9mu publiku telev\u00edznej stanice TV Noe na\u0161u pomoc pres\u00eddlencom na Ukrajine a na Slovensku, a porozpr\u00e1val dojemn\u00e9 pr\u00edbehy o stretnutiach s \u013eu\u010fmi, ktor\u00fdch stretol po\u010das \u00f4smich mesiacov vojny. Z\u00e1znam si m\u00f4\u017eete pozrie\u0165 v <strong><a href=\"https:\/\/www.tvnoe.cz\/porad\/35783-prejeme-si-mir-ii-pavel-helan-a-hoste\/viz-315944?fbclid=IwAR2IAD1ne-b6mZ64e-dbJ3448QTyQiiMzFIJ67hJ1GHI-WcLDxr6m3s7-Jc\">arch\u00edve TV Noe<\/a><\/strong> (56:48 &#8211; 1:13:25).<\/div>\n<div dir=\"auto\">\n<figure id=\"attachment_26474\" aria-describedby=\"caption-attachment-26474\" style=\"width: 1920px\" class=\"wp-caption aligncenter\"><img fetchpriority=\"high\" decoding=\"async\" class=\"wp-image-26474 size-full\" src=\"https:\/\/www.adra.sk\/wp-content\/uploads\/2022\/11\/Copy-of-Copy-of-Copy-of-Copy-of-Copy-of-Copy-of-13.5-piatok-1800.png\" alt=\"\" width=\"1920\" height=\"633\" srcset=\"https:\/\/www.adra.sk\/wp-content\/uploads\/2022\/11\/Copy-of-Copy-of-Copy-of-Copy-of-Copy-of-Copy-of-13.5-piatok-1800.png 1920w, https:\/\/www.adra.sk\/wp-content\/uploads\/2022\/11\/Copy-of-Copy-of-Copy-of-Copy-of-Copy-of-Copy-of-13.5-piatok-1800-300x99.png 300w, https:\/\/www.adra.sk\/wp-content\/uploads\/2022\/11\/Copy-of-Copy-of-Copy-of-Copy-of-Copy-of-Copy-of-13.5-piatok-1800-1024x338.png 1024w, https:\/\/www.adra.sk\/wp-content\/uploads\/2022\/11\/Copy-of-Copy-of-Copy-of-Copy-of-Copy-of-Copy-of-13.5-piatok-1800-768x253.png 768w, https:\/\/www.adra.sk\/wp-content\/uploads\/2022\/11\/Copy-of-Copy-of-Copy-of-Copy-of-Copy-of-Copy-of-13.5-piatok-1800-1536x506.png 1536w, https:\/\/www.adra.sk\/wp-content\/uploads\/2022\/11\/Copy-of-Copy-of-Copy-of-Copy-of-Copy-of-Copy-of-13.5-piatok-1800-18x6.png 18w\" sizes=\"(max-width: 1920px) 100vw, 1920px\" \/><figcaption id=\"caption-attachment-26474\" class=\"wp-caption-text\">\u013dudo \u010cin\u010dala, Koordin\u00e1tor pomoci pre Ukrajinu, rozpr\u00e1va o ceste na Ukrajinu a distrib\u00facii humanit\u00e1rnej pomoci pres\u00eddlencom v meste \u010cernovice.<\/figcaption><\/figure>\n<\/div>\n<div dir=\"auto\">\u010eakujeme <strong><a class=\"x1i10hfl xjbqb8w x6umtig x1b1mbwd xaqea5y xav7gou x9f619 x1ypdohk xt0psk2 xe8uvvx xdj266r x11i5rnm xat24cr x1mh8g0r xexx8yu x4uap5 x18d9i69 xkhd6sd x16tdsg8 x1hl2dhg xggy1nq x1a2a7pz xt0b8zv x1qq9wsj xo1l8bm\" tabindex=\"0\" role=\"link\" href=\"https:\/\/www.facebook.com\/slezska.diakonie\/?__cft__[0]=AZWRxW6nBTH8IYnlSwSPeJxbA0fKFRDIvdW1CaGIEJ0vwUHzurNIKghVMJD3JGH1uBnXo-nJ0SZXl26Ih8BFjjOnBhdzrvy6QrAm-N6xeq1sRLUkM9BfMjj7QNLwbBGSWvNggfEkQkv5oO8YOu_GAoYsqj8bkKxGMncl00PlWuHEFvpOaff0ITG74KFIJLLIFqfM8GOuVw293EnD68FNkulX&amp;__tn__=kK-R\"><span class=\"xt0psk2\">Slezskej diakonii<\/span><\/a><\/strong> a TV Noe za pozvanie a mo\u017enos\u0165 rozpr\u00e1va\u0165 o d\u00f4le\u017eitosti pomoci druh\u00fdm, a o tom, ako to skuto\u010dne vyzer\u00e1 na Ukrajine. \u0160peci\u00e1lna v\u010faka patr\u00ed moder\u00e1torovi a talentovan\u00e9mu hudobn\u00edkovi Pavlovi Helanovi, bez ktor\u00e9ho by sa tento pr\u00edjemn\u00fd ve\u010der neuskuto\u010dnil.<\/div>\n<div dir=\"auto\">&nbsp;<\/div>\n<div dir=\"auto\">Druhou udalos\u0165ou bolo podujatie \u201eDiskutujme spolu,\u201c na ktorom sme hovorili o na\u0161ej pomoci Ukrajine pred publikom bratislavsk\u00fdch \u017eiakov deviateho ro\u010dn\u00edka Z\u0160 Narnia, \u0161tudentom Gymn\u00e1zia na Einsteinovej ulici a Bilingv\u00e1lneho gymn\u00e1zia C. S. Lewisa. Ot\u00e1zky na prv\u00fd poh\u013ead absurdn\u00e9, no \u017eia\u013e, rezonuj\u00face s ve\u013ekou \u010das\u0165ou na\u0161ej spolo\u010dnosti.<\/div>\n<div dir=\"auto\">\n<figure id=\"attachment_26475\" aria-describedby=\"caption-attachment-26475\" style=\"width: 1920px\" class=\"wp-caption aligncenter\"><img decoding=\"async\" class=\"wp-image-26475 size-full\" src=\"https:\/\/www.adra.sk\/wp-content\/uploads\/2022\/11\/Copy-of-Copy-of-Copy-of-Copy-of-Copy-of-Copy-of-13.5-piatok-1800-1.png\" alt=\"\" width=\"1920\" height=\"626\" srcset=\"https:\/\/www.adra.sk\/wp-content\/uploads\/2022\/11\/Copy-of-Copy-of-Copy-of-Copy-of-Copy-of-Copy-of-13.5-piatok-1800-1.png 1920w, https:\/\/www.adra.sk\/wp-content\/uploads\/2022\/11\/Copy-of-Copy-of-Copy-of-Copy-of-Copy-of-Copy-of-13.5-piatok-1800-1-300x98.png 300w, https:\/\/www.adra.sk\/wp-content\/uploads\/2022\/11\/Copy-of-Copy-of-Copy-of-Copy-of-Copy-of-Copy-of-13.5-piatok-1800-1-1024x334.png 1024w, https:\/\/www.adra.sk\/wp-content\/uploads\/2022\/11\/Copy-of-Copy-of-Copy-of-Copy-of-Copy-of-Copy-of-13.5-piatok-1800-1-768x250.png 768w, https:\/\/www.adra.sk\/wp-content\/uploads\/2022\/11\/Copy-of-Copy-of-Copy-of-Copy-of-Copy-of-Copy-of-13.5-piatok-1800-1-1536x501.png 1536w, https:\/\/www.adra.sk\/wp-content\/uploads\/2022\/11\/Copy-of-Copy-of-Copy-of-Copy-of-Copy-of-Copy-of-13.5-piatok-1800-1-18x6.png 18w\" sizes=\"(max-width: 1920px) 100vw, 1920px\" \/><figcaption id=\"caption-attachment-26475\" class=\"wp-caption-text\">O tom, pre\u010do pom\u00e1hame, sme diskutovali aj so \u0161tudentmi stredn\u00fdch \u0161k\u00f4l v r\u00e1mci t\u00fd\u017ed\u0148a OSN.<\/figcaption><\/figure>\n<\/div>\n<\/div>\n<div class=\"x11i5rnm xat24cr x1mh8g0r x1vvkbs xtlvy1s x126k92a\">\n<div dir=\"auto\">Vojna na Ukrajine sa dot\u00fdka ka\u017ed\u00e9ho z n\u00e1s. Nikto z n\u00e1s v\u0161ak nechce \u010deli\u0165 jej ekonomick\u00fdm a soci\u00e1lnym n\u00e1sledkom. Aj napriek tomu je vojna v susednom \u0161t\u00e1te aj na\u0161ou realitou, o ktorej mus\u00edme hovori\u0165. Ot\u00e1zka pre\u010do v\u00f4bec mus\u00edme pom\u00e1ha\u0165 Ukrajincom vypl\u00fdva viac z neznalosti kontextu, ako zo spolo\u010denskej nezn\u00e1\u0161anlivosti. Strach pred nezn\u00e1mym a nez\u00e1ujem sa vzdel\u00e1va\u0165 o komplexn\u00fdch t\u00e9mach iba prehlbuje t\u00fato apatiu k vonkaj\u0161iemu svetu.<\/div>\n<div dir=\"auto\">&nbsp;<\/div>\n<\/div>\n<div class=\"x11i5rnm xat24cr x1mh8g0r x1vvkbs xtlvy1s x126k92a\">\n<div dir=\"auto\">Pr\u00e1ve pre to je pre n\u00e1s d\u00f4le\u017eit\u00e9 po\u010d\u00fava\u0165 n\u00e1zory in\u00fdch, rozpr\u00e1va\u0165 sa s nimi, vstupova\u0165 do diskusie, a odpoveda\u0165, \u010dasto aj na nepohodln\u00e9 ot\u00e1zky. A najm\u00e4 rozm\u00fd\u0161\u013ea\u0165. Spolu.<\/div>\n<div dir=\"auto\">&nbsp;<\/div>\n<\/div>\n<div class=\"x11i5rnm xat24cr x1mh8g0r x1vvkbs xtlvy1s x126k92a\">\n<div dir=\"auto\">Mlad\u00ed \u013eudia s\u00fa na\u0161ou bud\u00facnos\u0165ou. O p\u00e1r rokov bud\u00fa pr\u00e1ve oni modelova\u0165 svet v ktorom \u017eijeme, a bud\u00fa musie\u0165 robi\u0165 ne\u013eahk\u00e9 rozhodnutia. Sme v\u010fa\u010dn\u00ed, \u017ee sme s nimi mohli otv\u00e1ra\u0165 tieto n\u00e1ro\u010dn\u00e9 t\u00e9my, a podnecova\u0165 ich k rozm\u00fd\u0161\u013eaniu.<\/div>\n<\/div>\n<div class=\"x11i5rnm xat24cr x1mh8g0r x1vvkbs xtlvy1s x126k92a\">\n<div dir=\"auto\">&nbsp;<\/div>\n<div dir=\"auto\">Na konci stretnutia sa pri na\u0161om ADRA stol\u00edku s nad\u0161en\u00edm zastavilo nieko\u013eko \u0161tudentov, ktor\u00ed sa rozhodli prilo\u017ei\u0165 ruku k dielu. Ke\u010f\u017ee sa nach\u00e1dzaj\u00fa v Bratislave, kam inde by sme ich nasmerovali ak nie do Miesta humanit\u00e1rnej pomoci v <strong><a class=\"x1i10hfl xjbqb8w x6umtig x1b1mbwd xaqea5y xav7gou x9f619 x1ypdohk xt0psk2 xe8uvvx xdj266r x11i5rnm xat24cr x1mh8g0r xexx8yu x4uap5 x18d9i69 xkhd6sd x16tdsg8 x1hl2dhg xggy1nq x1a2a7pz xt0b8zv x1qq9wsj xo1l8bm\" tabindex=\"0\" role=\"link\" href=\"https:\/\/www.facebook.com\/ktopomozeukrajineAupark\/?__cft__[0]=AZWqv0l6YzulLremUAZHPtFlyCOCDx_WEYddckEpVkwOG55M0hgIO4J9itEn3hAOQcyC1PlQrQSUJ8br46rKbEkIrYfSnWCLjGGMXcfNAUA6ZCW_yLX5JNsNW5dezVol-Bir0V5sIxhF1AzvnJnGjpMPtUZyVg12c8_pmjobbv_LgLDKVDUYMErpP1XIwrQVaBOP2lnVJ9F5KnlJ3pAkolWT&amp;__tn__=kK-R\"><span class=\"xt0psk2\">Kto pom\u00f4\u017ee Ukrajine Aupark<\/span><\/a><\/strong>. Pr\u00e1ve tu m\u00f4\u017eu uvidie\u0165, ako funguje humanit\u00e1rna pomoc a integr\u00e1cia od\u00eddencov v praxi. Za osem mesiacov vojny sa Mieste humanit\u00e1rnej pomoci vystriedali stovky ukrajinsk\u00fdch a slovensk\u00fdch dobrovo\u013en\u00edkov a tis\u00edce od\u00eddencov, ktor\u00ed tu na\u0161li t\u00fa najr\u00f4znej\u0161iu materi\u00e1lnu pomoc &#8211; od potrav\u00edn, cez oble\u010denie, hra\u010dky, a\u017e po hygienick\u00e9 potreby a ko\u010d\u00edky.<\/div>\n<\/div>\n<div class=\"x11i5rnm xat24cr x1mh8g0r x1vvkbs xtlvy1s x126k92a\">\n<div dir=\"auto\">&nbsp;<\/div>\n<div dir=\"auto\">\u010eakujeme <strong><a class=\"x1i10hfl xjbqb8w x6umtig x1b1mbwd xaqea5y xav7gou x9f619 x1ypdohk xt0psk2 xe8uvvx xdj266r x11i5rnm xat24cr x1mh8g0r xexx8yu x4uap5 x18d9i69 xkhd6sd x16tdsg8 x1hl2dhg xggy1nq x1a2a7pz xt0b8zv x1qq9wsj xo1l8bm\" tabindex=\"0\" role=\"link\" href=\"https:\/\/www.facebook.com\/SlovakAid?__cft__[0]=AZWqv0l6YzulLremUAZHPtFlyCOCDx_WEYddckEpVkwOG55M0hgIO4J9itEn3hAOQcyC1PlQrQSUJ8br46rKbEkIrYfSnWCLjGGMXcfNAUA6ZCW_yLX5JNsNW5dezVol-Bir0V5sIxhF1AzvnJnGjpMPtUZyVg12c8_pmjobbv_LgLDKVDUYMErpP1XIwrQVaBOP2lnVJ9F5KnlJ3pAkolWT&amp;__tn__=-]K-R\"><span class=\"xt0psk2\">SlovakAid<\/span><\/a><\/strong> za skvel\u00fa diskusiu s v\u00fdborn\u00fdmi hos\u0165ami a za nov\u00fdch nad\u0161en\u00fdch dobrovo\u013en\u00edkov z radov \u0161tudentov bratislavsk\u00fdch stredn\u00fdch \u0161k\u00f4l.<\/div>\n<div dir=\"auto\">&nbsp;<\/div>\n<\/div>\n<div class=\"x11i5rnm xat24cr x1mh8g0r x1vvkbs xtlvy1s x126k92a\">\n<div dir=\"auto\">. . .<\/div>\n<div dir=\"auto\">Diskusia sa uskuto\u010dnila v r\u00e1mci t\u00fd\u017ed\u0148a OSN za \u00fa\u010dasti predstavite\u013eov z UNHCR, <strong><a class=\"x1i10hfl xjbqb8w x6umtig x1b1mbwd xaqea5y xav7gou x9f619 x1ypdohk xt0psk2 xe8uvvx xdj266r x11i5rnm xat24cr x1mh8g0r xexx8yu x4uap5 x18d9i69 xkhd6sd x16tdsg8 x1hl2dhg xggy1nq x1a2a7pz xt0b8zv x1qq9wsj xo1l8bm\" tabindex=\"0\" role=\"link\" href=\"https:\/\/www.facebook.com\/ministerstvovnutraSR?__cft__[0]=AZWqv0l6YzulLremUAZHPtFlyCOCDx_WEYddckEpVkwOG55M0hgIO4J9itEn3hAOQcyC1PlQrQSUJ8br46rKbEkIrYfSnWCLjGGMXcfNAUA6ZCW_yLX5JNsNW5dezVol-Bir0V5sIxhF1AzvnJnGjpMPtUZyVg12c8_pmjobbv_LgLDKVDUYMErpP1XIwrQVaBOP2lnVJ9F5KnlJ3pAkolWT&amp;__tn__=-]K-R\"><span class=\"xt0psk2\">Ministerstva vn\u00fatra SR<\/span><\/a><\/strong>, a <strong><a class=\"x1i10hfl xjbqb8w x6umtig x1b1mbwd xaqea5y xav7gou x9f619 x1ypdohk xt0psk2 xe8uvvx xdj266r x11i5rnm xat24cr x1mh8g0r xexx8yu x4uap5 x18d9i69 xkhd6sd x16tdsg8 x1hl2dhg xggy1nq x1a2a7pz xt0b8zv x1qq9wsj xo1l8bm\" tabindex=\"0\" role=\"link\" href=\"https:\/\/www.facebook.com\/mzv.sk?__cft__[0]=AZWqv0l6YzulLremUAZHPtFlyCOCDx_WEYddckEpVkwOG55M0hgIO4J9itEn3hAOQcyC1PlQrQSUJ8br46rKbEkIrYfSnWCLjGGMXcfNAUA6ZCW_yLX5JNsNW5dezVol-Bir0V5sIxhF1AzvnJnGjpMPtUZyVg12c8_pmjobbv_LgLDKVDUYMErpP1XIwrQVaBOP2lnVJ9F5KnlJ3pAkolWT&amp;__tn__=-]K-R\"><span class=\"xt0psk2\">Ministerstva zahrani\u010dn\u00fdch vec\u00ed a eur\u00f3pskych z\u00e1le\u017eitost\u00ed SR<\/span><\/a><\/strong>.<\/div>\n<\/div>\n<\/div>\n<\/div>\n<\/div>\n<\/div>\n<\/div>\n<\/div>\n<\/div>\n<\/div>\n<\/div>\n<\/div>\n<\/div>\n<p>&nbsp;<\/p>\n<\/div>\n<\/div>\n<\/div>\n<\/div>\n<\/div>\n<\/div>\n<\/div>\n<\/div>\n<\/div>\n<\/div>\n<\/div>\n<\/div>\n<\/div>\n<\/div>\n<\/div>\n<\/div>\n<\/div>\n<\/div>\n<\/div>\n<\/div>\n<\/div>\n<\/div>\n<\/div>\n<\/div>\n<\/div>\n<\/div>\n<\/div>\n<\/div>\n<p><!--more--><\/p>\n<p><!--more--><\/p>\n<div class=\"cxmmr5t8 oygrvhab hcukyx3x c1et5uql o9v6fnle\">\n<div class=\"cxmmr5t8 oygrvhab hcukyx3x c1et5uql o9v6fnle ii04i59q\">\n<div dir=\"auto\">\n<div dir=\"auto\">\n<div dir=\"auto\">\n<div class=\"cxmmr5t8 oygrvhab hcukyx3x c1et5uql o9v6fnle ii04i59q\">\n<div dir=\"auto\">&nbsp;<\/div>\n<\/div>\n<\/div>\n<\/div>\n<\/div>\n<\/div>\n<\/div>\n\n\nngg_shortcode_0_placeholder\n\n\n\n<p><\/p>\n","protected":false},"excerpt":{"rendered":"<p>Why do we help? As part of UN Week, we answered this question.<\/p>","protected":false},"author":64,"featured_media":26473,"comment_status":"closed","ping_status":"closed","sticky":false,"template":"","format":"standard","meta":{"_acf_changed":false,"ngg_post_thumbnail":0,"footnotes":""},"categories":[288],"tags":[337,332],"class_list":["post-26468","post","type-post","status-publish","format-standard","has-post-thumbnail","hentry","category-na-slovensku","tag-slovakaid","tag-ukrajina"],"acf":[],"_links":{"self":[{"href":"https:\/\/www.adra.sk\/en\/wp-json\/wp\/v2\/posts\/26468","targetHints":{"allow":["GET"]}}],"collection":[{"href":"https:\/\/www.adra.sk\/en\/wp-json\/wp\/v2\/posts"}],"about":[{"href":"https:\/\/www.adra.sk\/en\/wp-json\/wp\/v2\/types\/post"}],"author":[{"embeddable":true,"href":"https:\/\/www.adra.sk\/en\/wp-json\/wp\/v2\/users\/64"}],"replies":[{"embeddable":true,"href":"https:\/\/www.adra.sk\/en\/wp-json\/wp\/v2\/comments?post=26468"}],"version-history":[{"count":5,"href":"https:\/\/www.adra.sk\/en\/wp-json\/wp\/v2\/posts\/26468\/revisions"}],"predecessor-version":[{"id":26931,"href":"https:\/\/www.adra.sk\/en\/wp-json\/wp\/v2\/posts\/26468\/revisions\/26931"}],"wp:featuredmedia":[{"embeddable":true,"href":"https:\/\/www.adra.sk\/en\/wp-json\/wp\/v2\/media\/26473"}],"wp:attachment":[{"href":"https:\/\/www.adra.sk\/en\/wp-json\/wp\/v2\/media?parent=26468"}],"wp:term":[{"taxonomy":"category","embeddable":true,"href":"https:\/\/www.adra.sk\/en\/wp-json\/wp\/v2\/categories?post=26468"},{"taxonomy":"post_tag","embeddable":true,"href":"https:\/\/www.adra.sk\/en\/wp-json\/wp\/v2\/tags?post=26468"}],"curies":[{"name":"wp","href":"https:\/\/api.w.org\/{rel}","templated":true}]}}