{"id":27135,"date":"2022-11-15T14:47:08","date_gmt":"2022-11-15T14:47:08","guid":{"rendered":"https:\/\/www.adra.sk\/?p=27135"},"modified":"2023-07-28T15:48:38","modified_gmt":"2023-07-28T15:48:38","slug":"navsteva-z-adra-japonsko","status":"publish","type":"post","link":"https:\/\/www.adra.sk\/en\/navsteva-z-adra-japonsko\/","title":{"rendered":"Visit from ADRA Japan"},"content":{"rendered":"\n<h1 class=\"has-vivid-green-cyan-color has-text-color wp-block-heading\"><\/h1>\n\n\n<p><strong>Na\u0161i partneri japonskej pobo\u010dky ADRA, Aki a Junko, zav\u00edtali na Slovensku, aby tu spolu s nami zah\u00e1jili za\u010diatok n\u00e1\u0161ho nov\u00e9ho projektu.<\/strong><\/p>\n<p><!--more--><\/p>\n<div class=\"cxmmr5t8 oygrvhab hcukyx3x c1et5uql o9v6fnle\">\n<div class=\"cxmmr5t8 oygrvhab hcukyx3x c1et5uql o9v6fnle ii04i59q\">\n<div dir=\"auto\">\n<div class=\"cxmmr5t8 oygrvhab hcukyx3x c1et5uql o9v6fnle ii04i59q\">\n<div dir=\"auto\">\n<div class=\"cxmmr5t8 oygrvhab hcukyx3x c1et5uql o9v6fnle ii04i59q\">\n<div dir=\"auto\">\n<div class=\"cxmmr5t8 oygrvhab hcukyx3x c1et5uql o9v6fnle ii04i59q\">\n<div dir=\"auto\">\n<div class=\"cxmmr5t8 oygrvhab hcukyx3x c1et5uql o9v6fnle ii04i59q\">\n<div dir=\"auto\" style=\"text-align: left;\">\n<div class=\"cxmmr5t8 oygrvhab hcukyx3x c1et5uql o9v6fnle ii04i59q\">\n<div dir=\"auto\">\n<div class=\"cxmmr5t8 oygrvhab hcukyx3x c1et5uql o9v6fnle ii04i59q\">\n<div dir=\"auto\">\n<div class=\"article-body-img\">\n<div class=\"cxmmr5t8 oygrvhab hcukyx3x c1et5uql o9v6fnle ii04i59q\">\n<div dir=\"auto\">\n<div class=\"cxmmr5t8 oygrvhab hcukyx3x c1et5uql o9v6fnle ii04i59q\">\n<div dir=\"auto\">\n<div class=\"kvgmc6g5 cxmmr5t8 oygrvhab hcukyx3x c1et5uql ii04i59q\">\n<div dir=\"auto\">\n<div class=\"l7ghb35v kjdc1dyq kmwttqpk gh25dzvf jikcssrz n3t5jt4f\">\n<div dir=\"auto\">\n<div class=\"l7ghb35v kjdc1dyq kmwttqpk gh25dzvf jikcssrz n3t5jt4f\">\n<div dir=\"auto\">\n<div class=\"l7ghb35v kjdc1dyq kmwttqpk gh25dzvf jikcssrz n3t5jt4f\">\n<div dir=\"auto\">\n<div class=\"x11i5rnm xat24cr x1mh8g0r x1vvkbs xtlvy1s x126k92a\">\n<div dir=\"auto\">\n<div class=\"x11i5rnm xat24cr x1mh8g0r x1vvkbs xtlvy1s x126k92a\">\n<div dir=\"auto\">\n<div class=\"gmail-adn gmail-ads\">\n<div class=\"gmail-gs\">\n<div class=\"gmail-\">\n<div id=\"gmail-:1ar\" class=\"gmail-ii gmail-gt\">\n<div id=\"gmail-:1aq\" class=\"gmail-a3s gmail-aiL\">\n<div dir=\"auto\">\n<div dir=\"auto\">\n<div class=\"xdj266r x11i5rnm xat24cr x1mh8g0r x1vvkbs x126k92a\">\n<div dir=\"auto\">\n<div class=\"\" data-block=\"true\" data-editor=\"2r3fu\" data-offset-key=\"abo5p-0-0\">\n<div class=\"x11i5rnm xat24cr x1mh8g0r x1vvkbs xtlvy1s x126k92a\">\n<div class=\"x11i5rnm xat24cr x1mh8g0r x1vvkbs xtlvy1s x126k92a\">\n<div dir=\"auto\">\n<div class=\"x11i5rnm xat24cr x1mh8g0r x1vvkbs xtlvy1s x126k92a\">\n<div dir=\"auto\">Humanit\u00e1rny projekt je podporen\u00fd zo zdrojov <strong><a href=\"https:\/\/www.google.com\/search?q=japan+platform&amp;oq=japan+platform&amp;aqs=chrome..69i57j69i59j0i512l2j69i59j69i61j69i60l2.6467j0j9&amp;sourceid=chrome&amp;ie=UTF-8\">Japan Platform<\/a> <\/strong>a umo\u017en\u00ed n\u00e1m zabezpe\u010di\u0165 potraviny, hygienu a tepl\u00e9 oble\u010denie pre viac ako 70 000 \u013eud\u00ed na Ukrajine. <span style=\"color: initial;\">Prvou zast\u00e1vkou bol preto n\u00e1\u0161 nov\u00fd ve\u013ekokapacitn\u00fd sklad, ktor\u00fd sme si prenajali \u0161peci\u00e1lne na \u00fa\u010dely n\u00e1\u0161ho projektu. O potrebe humanit\u00e1rnej pomoci sa na\u0161i japonsk\u00ed partneri presved\u010dili aj po\u010das n\u00e1v\u0161tevy partnerskej organiz\u00e1cie ADRA Ukrajina, a distrib\u00facie pomoci priamo v ter\u00e9ne.<\/span><\/div>\n<div dir=\"auto\">&nbsp;<\/div>\n<div dir=\"auto\"><img fetchpriority=\"high\" decoding=\"async\" class=\"aligncenter wp-image-27137 size-full\" src=\"https:\/\/www.adra.sk\/wp-content\/uploads\/2022\/11\/Dizajn-bez-nazvu-18.png\" alt=\"\" width=\"1640\" height=\"924\" srcset=\"https:\/\/www.adra.sk\/wp-content\/uploads\/2022\/11\/Dizajn-bez-nazvu-18.png 1640w, https:\/\/www.adra.sk\/wp-content\/uploads\/2022\/11\/Dizajn-bez-nazvu-18-300x169.png 300w, https:\/\/www.adra.sk\/wp-content\/uploads\/2022\/11\/Dizajn-bez-nazvu-18-1024x577.png 1024w, https:\/\/www.adra.sk\/wp-content\/uploads\/2022\/11\/Dizajn-bez-nazvu-18-768x433.png 768w, https:\/\/www.adra.sk\/wp-content\/uploads\/2022\/11\/Dizajn-bez-nazvu-18-1536x865.png 1536w, https:\/\/www.adra.sk\/wp-content\/uploads\/2022\/11\/Dizajn-bez-nazvu-18-18x10.png 18w\" sizes=\"(max-width: 1640px) 100vw, 1640px\" \/><\/div>\n<\/div>\n<div class=\"x11i5rnm xat24cr x1mh8g0r x1vvkbs xtlvy1s x126k92a\">\n<div dir=\"auto\">&nbsp;<\/div>\n<\/div>\n<div class=\"x11i5rnm xat24cr x1mh8g0r x1vvkbs xtlvy1s x126k92a\">\n<div dir=\"auto\">Zameriame sa aj na potreby od\u00eddencov na Slovensku. Nav\u0161t\u00edvili sme preto na\u0161e tren\u010dianske DobroCentrum, ktor\u00e9 im poskytuje materi\u00e1lnu pomoc u\u017e od marca. Te\u0161\u00ed n\u00e1s, \u017ee v\u010faka ve\u013emi dobrej spolupr\u00e1ci s iniciat\u00edvou <strong><a class=\"x1i10hfl xjbqb8w x6umtig x1b1mbwd xaqea5y xav7gou x9f619 x1ypdohk xt0psk2 xe8uvvx xdj266r x11i5rnm xat24cr x1mh8g0r xexx8yu x4uap5 x18d9i69 xkhd6sd x16tdsg8 x1hl2dhg xggy1nq x1a2a7pz xt0b8zv x1qq9wsj xo1l8bm\" tabindex=\"0\" role=\"link\" href=\"https:\/\/www.facebook.com\/profile.php?id=100083464686033&amp;__cft__[0]=AZXIo_auKyt4mkMo-7Ytl9CHqMeJKMXyRZtpUex6b3VMnBcfBcTZr8dtJepCX1eqSRwCvTRFL4mMrezRGVH6-v0K5DcrdKDM6Assncg8no98GwqYx1c_1MJXsximrKgyAWk6Ht3fcBNHy2EbOkaFjKUPlmmoEtL4x94ma57wj3hPB2n48bFY8rF1XaAo9k5Week&amp;__tn__=-]K-R\"><span class=\"xt0psk2\">Tren\u010d\u00edn pom\u00e1ha Ukrajine<\/span><\/a><\/strong> sme mohli spoji\u0165 sily aj s in\u00fdmi organiz\u00e1ciami a zv\u00e4\u010d\u0161i\u0165 n\u00e1\u0161 z\u00e1ber pomoci.<\/div>\n<\/div>\n<div dir=\"auto\">&nbsp;<img decoding=\"async\" class=\"aligncenter wp-image-27138 size-full\" src=\"https:\/\/www.adra.sk\/wp-content\/uploads\/2022\/11\/Dizajn-bez-nazvu-19.png\" alt=\"\" width=\"1640\" height=\"924\" srcset=\"https:\/\/www.adra.sk\/wp-content\/uploads\/2022\/11\/Dizajn-bez-nazvu-19.png 1640w, https:\/\/www.adra.sk\/wp-content\/uploads\/2022\/11\/Dizajn-bez-nazvu-19-300x169.png 300w, https:\/\/www.adra.sk\/wp-content\/uploads\/2022\/11\/Dizajn-bez-nazvu-19-1024x577.png 1024w, https:\/\/www.adra.sk\/wp-content\/uploads\/2022\/11\/Dizajn-bez-nazvu-19-768x433.png 768w, https:\/\/www.adra.sk\/wp-content\/uploads\/2022\/11\/Dizajn-bez-nazvu-19-1536x865.png 1536w, https:\/\/www.adra.sk\/wp-content\/uploads\/2022\/11\/Dizajn-bez-nazvu-19-18x10.png 18w\" sizes=\"(max-width: 1640px) 100vw, 1640px\" \/><\/div>\n<div class=\"x11i5rnm xat24cr x1mh8g0r x1vvkbs xtlvy1s x126k92a\">\n<div dir=\"auto\">&nbsp;<\/div>\n<\/div>\n<div class=\"x11i5rnm xat24cr x1mh8g0r x1vvkbs xtlvy1s x126k92a\">\n<div dir=\"auto\">Zav\u00edtali sme aj do Kult\u00farno informa\u010dn\u00e9ho centra (KIC), ktor\u00e9 od\u00eddencom pom\u00e1ha v integr\u00e1ci\u00ed, h\u013eadan\u00ed ubytovania, a v\u00fdu\u010dbe sloven\u010diny. S viceprim\u00e1torom Patrikom \u017d\u00e1kom a koordin\u00e1torkou od\u00eddencov Danou V\u00e1ni sme hovorili o potreb\u00e1ch a mo\u017enostiach pomoci komunite od\u00eddencov.<\/div>\n<\/div>\n<div class=\"x11i5rnm xat24cr x1mh8g0r x1vvkbs xtlvy1s x126k92a\">\n<div dir=\"auto\">&nbsp;<\/div>\n<div dir=\"auto\">Nenechali sme si taktie\u017e ujs\u0165 mo\u017enos\u0165 nav\u0161t\u00edvi\u0165 In\u0161tit\u00fat vzdel\u00e1vania Ministerstva spravodlivosti Slovenskej republiky v Om\u0161en\u00ed, v ktorom aj na\u010falej preb\u00fdva viac ako 80 od\u00eddencov z Ukrajiny. S riadite\u013ekou In\u0161tit\u00fatu, pani Jankou Be\u010fa\u010dovou, vedieme v\u00fdborn\u00fa spolupr\u00e1cu a zabezpe\u010dujeme, aby na\u0161a pomoc odpovedala na ak\u00fatne potreby od\u00eddencov.<\/div>\n<\/div>\n<div class=\"x11i5rnm xat24cr x1mh8g0r x1vvkbs xtlvy1s x126k92a\">\n<div dir=\"auto\">&nbsp;<\/div>\n<div dir=\"auto\">Viac o na\u0161ej pomoci Ukrajine <strong><a href=\"https:\/\/www.adra.sk\/ako-pomahame\/vo-svete\/ukrajina\/\">tu<\/a><\/strong>.<\/div>\n<div dir=\"auto\"><img decoding=\"async\" class=\"aligncenter wp-image-26991 size-medium\" src=\"https:\/\/www.adra.sk\/wp-content\/uploads\/2022\/11\/Untitled-design-16-300x143.png\" alt=\"\" width=\"300\" height=\"143\" srcset=\"https:\/\/www.adra.sk\/wp-content\/uploads\/2022\/11\/Untitled-design-16-300x143.png 300w, https:\/\/www.adra.sk\/wp-content\/uploads\/2022\/11\/Untitled-design-16-1024x487.png 1024w, https:\/\/www.adra.sk\/wp-content\/uploads\/2022\/11\/Untitled-design-16-768x366.png 768w, https:\/\/www.adra.sk\/wp-content\/uploads\/2022\/11\/Untitled-design-16-18x9.png 18w, https:\/\/www.adra.sk\/wp-content\/uploads\/2022\/11\/Untitled-design-16.png 1080w\" sizes=\"(max-width: 300px) 100vw, 300px\" \/><\/div>\n<\/div>\n<\/div>\n<\/div>\n<\/div>\n<\/div>\n<\/div>\n<\/div>\n<\/div>\n<\/div>\n<\/div>\n<\/div>\n<\/div>\n<\/div>\n<\/div>\n<\/div>\n<\/div>\n<\/div>\n<\/div>\n<\/div>\n<\/div>\n<\/div>\n<\/div>\n<\/div>\n<\/div>\n<\/div>\n<\/div>\n<\/div>\n<\/div>\n<\/div>\n<\/div>\n<\/div>\n<\/div>\n<\/div>\n<\/div>\n<\/div>\n<\/div>\n<\/div>\n<\/div>\n<\/div>\n<\/div>\n<\/div>\n<\/div>\n<\/div>\n<\/div>\n<\/div>\n<\/div>\n<p><!--more--><\/p>\n<p><!--more--><\/p>\n<div class=\"cxmmr5t8 oygrvhab hcukyx3x c1et5uql o9v6fnle\">\n<div class=\"cxmmr5t8 oygrvhab hcukyx3x c1et5uql o9v6fnle ii04i59q\">\n<div dir=\"auto\">\n<div dir=\"auto\">\n<div dir=\"auto\">\n<div class=\"cxmmr5t8 oygrvhab hcukyx3x c1et5uql o9v6fnle ii04i59q\">\n<div dir=\"auto\">&nbsp;<\/div>\n<\/div>\n<\/div>\n<\/div>\n<\/div>\n<\/div>\n<\/div>\n\n\nngg_shortcode_0_placeholder\n\n\n\n<p><\/p>\n","protected":false},"excerpt":{"rendered":"<p>Our Japanese ADRA partners, Aki and Junko, visited Slovakia to launch the beginning of our new project together with us.<\/p>","protected":false},"author":64,"featured_media":27141,"comment_status":"closed","ping_status":"closed","sticky":false,"template":"","format":"standard","meta":{"_acf_changed":false,"ngg_post_thumbnail":0,"footnotes":""},"categories":[333],"tags":[362,341,332],"class_list":["post-27135","post","type-post","status-publish","format-standard","has-post-thumbnail","hentry","category-ukrajina","tag-japanplatform","tag-slovensko","tag-ukrajina"],"acf":[],"_links":{"self":[{"href":"https:\/\/www.adra.sk\/en\/wp-json\/wp\/v2\/posts\/27135","targetHints":{"allow":["GET"]}}],"collection":[{"href":"https:\/\/www.adra.sk\/en\/wp-json\/wp\/v2\/posts"}],"about":[{"href":"https:\/\/www.adra.sk\/en\/wp-json\/wp\/v2\/types\/post"}],"author":[{"embeddable":true,"href":"https:\/\/www.adra.sk\/en\/wp-json\/wp\/v2\/users\/64"}],"replies":[{"embeddable":true,"href":"https:\/\/www.adra.sk\/en\/wp-json\/wp\/v2\/comments?post=27135"}],"version-history":[{"count":3,"href":"https:\/\/www.adra.sk\/en\/wp-json\/wp\/v2\/posts\/27135\/revisions"}],"predecessor-version":[{"id":27159,"href":"https:\/\/www.adra.sk\/en\/wp-json\/wp\/v2\/posts\/27135\/revisions\/27159"}],"wp:featuredmedia":[{"embeddable":true,"href":"https:\/\/www.adra.sk\/en\/wp-json\/wp\/v2\/media\/27141"}],"wp:attachment":[{"href":"https:\/\/www.adra.sk\/en\/wp-json\/wp\/v2\/media?parent=27135"}],"wp:term":[{"taxonomy":"category","embeddable":true,"href":"https:\/\/www.adra.sk\/en\/wp-json\/wp\/v2\/categories?post=27135"},{"taxonomy":"post_tag","embeddable":true,"href":"https:\/\/www.adra.sk\/en\/wp-json\/wp\/v2\/tags?post=27135"}],"curies":[{"name":"wp","href":"https:\/\/api.w.org\/{rel}","templated":true}]}}