{"id":28235,"date":"2023-03-23T08:19:03","date_gmt":"2023-03-23T08:19:03","guid":{"rendered":"https:\/\/www.adra.sk\/?p=28235"},"modified":"2023-07-28T15:39:01","modified_gmt":"2023-07-28T15:39:01","slug":"spacie-vaky-pre-presidlencov","status":"publish","type":"post","link":"https:\/\/www.adra.sk\/en\/spacie-vaky-pre-presidlencov\/","title":{"rendered":"Sleeping bags for displaced people"},"content":{"rendered":"\n<h1 class=\"has-vivid-green-cyan-color has-text-color wp-block-heading\"><\/h1>\n\n\n<p><strong>Pres\u00eddlencom na Ukrajine sme odovzdali spacie vaky.<\/strong><\/p>\n<p><!--more--><\/p>\n<div class=\"x11i5rnm xat24cr x1mh8g0r x1vvkbs xtlvy1s x126k92a\">\n<div dir=\"auto\"><span style=\"color: initial;\">Spolu s na\u0161im partnerom <\/span><strong style=\"color: initial;\"><a class=\"x1i10hfl xjbqb8w x6umtig x1b1mbwd xaqea5y xav7gou x9f619 x1ypdohk xt0psk2 xe8uvvx xdj266r x11i5rnm xat24cr x1mh8g0r xexx8yu x4uap5 x18d9i69 xkhd6sd x16tdsg8 x1hl2dhg xggy1nq x1a2a7pz xt0b8zv x1qq9wsj xo1l8bm\" tabindex=\"0\" role=\"link\" href=\"https:\/\/www.facebook.com\/ADRA.Ukraine\/?__cft__[0]=AZWxitIXU1RzB8Y7YPgs8_bC9gf1JEW9pT-R-n7pR7VRCcHNkqOLCYhCCMNKbycB_dO7C5PEq_QbeO8fejtfE0MlStYo4GqNvOM7t3EG3_O2E4ZfVxpXoHsdtOM1Q-69EMTNR-dyLCE1OvOdSHpmfgNxRejuQVB2YEZTIAR78tZsTh4WzznQcwcNj1hVTlDVqaTw5JGwiJ6OMHDkQ1hLprHn&amp;__tn__=kK-R\"><span class=\"xt0psk2\">ADRA Ukrajina<\/span><\/a><\/strong><span style=\"color: initial;\">&nbsp;sme v\u010faka podpore japonskej spolo\u010dnosti <\/span><strong style=\"color: initial;\"><a href=\"https:\/\/www.koaglobal.com\/?sc_lang=en\">KOA Corporation<\/a><\/strong><span style=\"color: initial;\"> odovzdali 720 spac\u00edch vakov vn\u00fatorne pres\u00eddlen\u00fdm \u013eu\u010fom, \u017eij\u00facim v n\u00fadzov\u00fdch pr\u00edstre\u0161koch v Doneckej, Z\u00e1poro\u017eskej a Dneperskej oblasti. Spacie vaky s\u00fa ve\u013emi d\u00f4le\u017eit\u00e9, preto\u017ee dok\u00e1\u017eu v\u00fdrazne zlep\u0161i\u0165 podmienky, v ktor\u00fdch sa \u013eudia zdr\u017eiavaj\u00fa. T\u00e1to pomoc im umo\u017en\u00ed prekona\u0165 \u0165a\u017ek\u00e9 vojnov\u00e9 podmienky a zabezpe\u010d\u00ed im pohodln\u00e9 a tepl\u00e9 miesto na prenocovanie.<\/span><\/div>\n<\/div>\n<div class=\"x11i5rnm xat24cr x1mh8g0r x1vvkbs xtlvy1s x126k92a\">\n<div dir=\"auto\">\n<div class=\"x11i5rnm xat24cr x1mh8g0r x1vvkbs xdj266r x126k92a\">\n<div dir=\"auto\">\n<div class=\"x11i5rnm xat24cr x1mh8g0r x1vvkbs xtlvy1s x126k92a\">\n<div dir=\"auto\">&nbsp;<\/div>\n<div dir=\"auto\"><strong>Aj na\u010falej m\u00f4\u017eete prispieva\u0165 na pomoc \u013eu\u010fom zasiahnut\u00fdm vojnou na Ukrajine:<\/strong><\/div>\n<div dir=\"auto\"><strong>IBAN<\/strong>: SK83 8330 0000 0028 0179 0152<\/div>\n<div dir=\"auto\"><strong>Variabiln\u00fd symbol<\/strong>: 2022001<\/div>\n<\/div>\n<\/div>\n<\/div>\n<div class=\"x11i5rnm xat24cr x1mh8g0r x1vvkbs xtlvy1s x126k92a\">\n<div dir=\"auto\">&nbsp;<\/div>\n<\/div>\n<\/div>\n<\/div>\n<div dir=\"auto\">\u010eakujeme!<\/div>\n<p><!--more--><\/p>\n\n\nngg_shortcode_0_placeholder\n\n\n\n<p><\/p>\n","protected":false},"excerpt":{"rendered":"<p>We handed over sleeping bags to displaced people in Ukraine.<\/p>","protected":false},"author":64,"featured_media":28245,"comment_status":"closed","ping_status":"closed","sticky":false,"template":"","format":"standard","meta":{"_acf_changed":false,"ngg_post_thumbnail":0,"footnotes":""},"categories":[333],"tags":[362,332],"class_list":["post-28235","post","type-post","status-publish","format-standard","has-post-thumbnail","hentry","category-ukrajina","tag-japanplatform","tag-ukrajina"],"acf":[],"_links":{"self":[{"href":"https:\/\/www.adra.sk\/en\/wp-json\/wp\/v2\/posts\/28235","targetHints":{"allow":["GET"]}}],"collection":[{"href":"https:\/\/www.adra.sk\/en\/wp-json\/wp\/v2\/posts"}],"about":[{"href":"https:\/\/www.adra.sk\/en\/wp-json\/wp\/v2\/types\/post"}],"author":[{"embeddable":true,"href":"https:\/\/www.adra.sk\/en\/wp-json\/wp\/v2\/users\/64"}],"replies":[{"embeddable":true,"href":"https:\/\/www.adra.sk\/en\/wp-json\/wp\/v2\/comments?post=28235"}],"version-history":[{"count":1,"href":"https:\/\/www.adra.sk\/en\/wp-json\/wp\/v2\/posts\/28235\/revisions"}],"predecessor-version":[{"id":28244,"href":"https:\/\/www.adra.sk\/en\/wp-json\/wp\/v2\/posts\/28235\/revisions\/28244"}],"wp:featuredmedia":[{"embeddable":true,"href":"https:\/\/www.adra.sk\/en\/wp-json\/wp\/v2\/media\/28245"}],"wp:attachment":[{"href":"https:\/\/www.adra.sk\/en\/wp-json\/wp\/v2\/media?parent=28235"}],"wp:term":[{"taxonomy":"category","embeddable":true,"href":"https:\/\/www.adra.sk\/en\/wp-json\/wp\/v2\/categories?post=28235"},{"taxonomy":"post_tag","embeddable":true,"href":"https:\/\/www.adra.sk\/en\/wp-json\/wp\/v2\/tags?post=28235"}],"curies":[{"name":"wp","href":"https:\/\/api.w.org\/{rel}","templated":true}]}}