{"id":28246,"date":"2023-03-23T08:35:00","date_gmt":"2023-03-23T08:35:00","guid":{"rendered":"https:\/\/www.adra.sk\/?p=28246"},"modified":"2023-07-28T15:50:46","modified_gmt":"2023-07-28T15:50:46","slug":"ocenenie-srdce-na-dlani-2","status":"publish","type":"post","link":"https:\/\/www.adra.sk\/en\/ocenenie-srdce-na-dlani-2\/","title":{"rendered":"\u201eHeart on the Palm\u201c award\u201c"},"content":{"rendered":"\n<h1 class=\"has-vivid-green-cyan-color has-text-color wp-block-heading\"><\/h1>\n\n\n<p><strong>ADRA a Kto pom\u00f4\u017ee Ukrajine si za svoje dobrovo\u013en\u00edcke aktivity odniesli ocenenie Srdce na dlani.<\/strong><\/p>\n<p><!--more--><\/p>\n<div class=\"x11i5rnm xat24cr x1mh8g0r x1vvkbs xtlvy1s x126k92a\">\n<div dir=\"auto\">\n<div class=\"x11i5rnm xat24cr x1mh8g0r x1vvkbs xtlvy1s x126k92a\">\n<div dir=\"auto\">Ani tento rok sme nech\u00fdbali na oce\u0148ovan\u00ed &#8222;Srdce na dlani,&#8220; ktor\u00e9 je ur\u010den\u00e9 pre dobrovo\u013en\u00edkov, dobrovo\u013en\u00ed\u010dky, a organiz\u00e1cie, venuj\u00face sa pomoci \u013eu\u010fom v n\u00fadzi.<\/div>\n<div dir=\"auto\">&nbsp;<\/div>\n<\/div>\n<div class=\"x11i5rnm xat24cr x1mh8g0r x1vvkbs xtlvy1s x126k92a\">\n<div dir=\"auto\">Iniciat\u00edva <a class=\"x1i10hfl xjbqb8w x6umtig x1b1mbwd xaqea5y xav7gou x9f619 x1ypdohk xt0psk2 xe8uvvx xdj266r x11i5rnm xat24cr x1mh8g0r xexx8yu x4uap5 x18d9i69 xkhd6sd x16tdsg8 x1hl2dhg xggy1nq x1a2a7pz xt0b8zv x1qq9wsj xo1l8bm\" tabindex=\"0\" role=\"link\" href=\"https:\/\/www.facebook.com\/ktopomozeukrajineAupark\/?__cft__[0]=AZUrQTxI8Twazgxw7BJZgm5HwdvIYV4gEIRmVe40dxo-HsNrUzObccYjIF32_I6Zc8KHqLlt2j7wZWmoKjG-iMqPKTHGKWi0gBfsKR4aFZeZ4HwSnUeiPIoXyTtWjl0-DO6PtEQ3KDmGvKxZWBAd67WnHtyxg9xIe12VTdOVC9p98PVpdYScxQsbm28UIHldRoGzFiDjKlhcXdJtUwvU85uF&amp;__tn__=kK-R\"><span class=\"xt0psk2\"><strong>Kto pom\u00f4\u017ee Ukrajine Aupark<\/strong><\/span><\/a>, ktor\u00fa od m\u00e1ja zastre\u0161ujeme, z\u00edskala &#8222;Mimoriadne ocenenie za dobrovo\u013en\u00edctvo s celospolo\u010densk\u00fdm pr\u00ednosom&#8220;. Stovky ochotn\u00fdch a odhodlan\u00fdch dobrovo\u013en\u00edkov a dobrovo\u013en\u00ed\u010dok venovali tis\u00edce hod\u00edn pomoci ukrajinsk\u00fdm od\u00eddencom a potvrdili, \u017ee aj na\u010falej existuj\u00fa \u013eudia, ktor\u00ed chc\u00fa pom\u00e1ha\u0165 druh\u00fdm a prispie\u0165 k lep\u0161iemu svetu. S va\u0161im nasaden\u00edm sme dok\u00e1zali spolu pom\u00f4c\u0165 tis\u00edckam \u013eud\u00ed. \u010eakujeme!<\/div>\n<div dir=\"auto\">&nbsp;<\/div>\n<\/div>\n<div class=\"x11i5rnm xat24cr x1mh8g0r x1vvkbs xtlvy1s x126k92a\">\n<div dir=\"auto\">Ve\u013ek\u00e1 v\u010faka patr\u00ed aj koordin\u00e1tork\u00e1m Miesta humanit\u00e1rnej pomoci Sa\u0161ke a Janke. Va\u0161a schopnos\u0165 koordinova\u0165 a riadi\u0165 t\u00edm je skuto\u010dne nad\u013eudsk\u00e1. Ste pre n\u00e1s pr\u00edkladom toho, ako sa daj\u00fa \u00faspe\u0161ne zvl\u00e1dnu\u0165 aj tie naj\u0165a\u017e\u0161ie \u00falohy. \u010eakujeme v\u00e1m za va\u0161e nasadenie a ne\u00fanavn\u00fa pr\u00e1cu, a te\u0161\u00ed n\u00e1s, \u017ee m\u00f4\u017eeme spolupracova\u0165 s tak\u00fdmi skvel\u00fdmi koordin\u00e1torkami ako ste vy.<\/div>\n<div dir=\"auto\">&nbsp;<\/div>\n<\/div>\n<div class=\"x11i5rnm xat24cr x1mh8g0r x1vvkbs xtlvy1s x126k92a\">\n<div dir=\"auto\">Za na\u0161e dobrovo\u013en\u00edcke projekty v zahrani\u010d\u00ed sme z\u00edskali &#8222;Ocenenie za dlhodob\u00fd pr\u00ednos pri vysielan\u00ed dobrovo\u013en\u00ed\u010dok a dobrovo\u013en\u00edkov pod zna\u010dkou <strong><a class=\"x1i10hfl xjbqb8w x6umtig x1b1mbwd xaqea5y xav7gou x9f619 x1ypdohk xt0psk2 xe8uvvx xdj266r x11i5rnm xat24cr x1mh8g0r xexx8yu x4uap5 x18d9i69 xkhd6sd x16tdsg8 x1hl2dhg xggy1nq x1a2a7pz xt0b8zv x1qq9wsj xo1l8bm\" tabindex=\"0\" role=\"link\" href=\"https:\/\/www.facebook.com\/hashtag\/slovakaid?__eep__=6&amp;__cft__[0]=AZUrQTxI8Twazgxw7BJZgm5HwdvIYV4gEIRmVe40dxo-HsNrUzObccYjIF32_I6Zc8KHqLlt2j7wZWmoKjG-iMqPKTHGKWi0gBfsKR4aFZeZ4HwSnUeiPIoXyTtWjl0-DO6PtEQ3KDmGvKxZWBAd67WnHtyxg9xIe12VTdOVC9p98PVpdYScxQsbm28UIHldRoGzFiDjKlhcXdJtUwvU85uF&amp;__tn__=*NK-R\">SlovakAid<\/a><\/strong>&#8222;. Za posledn\u00fdch desa\u0165 rokov sme takto do kraj\u00edn glob\u00e1lneho juhu vyslali desiatky dobrovo\u013en\u00ed\u010dok a dobrovo\u013en\u00edkov, ktor\u00ed pom\u00e1hali neziskov\u00fdm organiz\u00e1ci\u00e1m a zranite\u013en\u00fdm komunit\u00e1m v Alb\u00e1nsku, Ekv\u00e1dore, Filip\u00ednach, Gruz\u00ednsku, Keni, Libanone, Moldavsku, Srbsku, Ukrajine, a Vietname. Traja z na\u0161ich SlovakAid dobrovo\u013en\u00edkov z\u00edskali za svoju \u010dinnos\u0165 ocenenie &#8222;Dobrovo\u013en\u00edk\/\u010dka roka&#8220;.<\/div>\n<div dir=\"auto\">&nbsp;<\/div>\n<\/div>\n<div class=\"x11i5rnm xat24cr x1mh8g0r x1vvkbs xtlvy1s x126k92a\">\n<div dir=\"auto\">\u010eakujeme <strong><a class=\"x1i10hfl xjbqb8w x6umtig x1b1mbwd xaqea5y xav7gou x9f619 x1ypdohk xt0psk2 xe8uvvx xdj266r x11i5rnm xat24cr x1mh8g0r xexx8yu x4uap5 x18d9i69 xkhd6sd x16tdsg8 x1hl2dhg xggy1nq x1a2a7pz xt0b8zv x1qq9wsj xo1l8bm\" tabindex=\"0\" role=\"link\" href=\"https:\/\/www.facebook.com\/dobrovolnickecentra?__cft__[0]=AZUrQTxI8Twazgxw7BJZgm5HwdvIYV4gEIRmVe40dxo-HsNrUzObccYjIF32_I6Zc8KHqLlt2j7wZWmoKjG-iMqPKTHGKWi0gBfsKR4aFZeZ4HwSnUeiPIoXyTtWjl0-DO6PtEQ3KDmGvKxZWBAd67WnHtyxg9xIe12VTdOVC9p98PVpdYScxQsbm28UIHldRoGzFiDjKlhcXdJtUwvU85uF&amp;__tn__=-]K-R\"><span class=\"xt0psk2\">Platforme dobrovo\u013en\u00edckych centier a organiz\u00e1ci\u00ed<\/span><\/a> <\/strong>za organiz\u00e1ciu podujatia a v\u0161etk\u00fdm ocenen\u00fdm blaho\u017eel\u00e1me.<\/div>\n<\/div>\n<\/div>\n<\/div>\n<p><!--more--><\/p>\n\n\nngg_shortcode_0_placeholder\n\n\n\n<p><\/p>\n","protected":false},"excerpt":{"rendered":"<p>ADRA and Who Will Help Ukraine received the Heart on the Palm award for their volunteer activities.<\/p>","protected":false},"author":64,"featured_media":28269,"comment_status":"closed","ping_status":"closed","sticky":false,"template":"","format":"standard","meta":{"_acf_changed":false,"ngg_post_thumbnail":0,"footnotes":""},"categories":[288],"tags":[317,362,344,341,365],"class_list":["post-28246","post","type-post","status-publish","format-standard","has-post-thumbnail","hentry","category-na-slovensku","tag-dobrovolnictvo","tag-japanplatform","tag-kpu","tag-slovensko","tag-srdce-na-dlani"],"acf":[],"_links":{"self":[{"href":"https:\/\/www.adra.sk\/en\/wp-json\/wp\/v2\/posts\/28246","targetHints":{"allow":["GET"]}}],"collection":[{"href":"https:\/\/www.adra.sk\/en\/wp-json\/wp\/v2\/posts"}],"about":[{"href":"https:\/\/www.adra.sk\/en\/wp-json\/wp\/v2\/types\/post"}],"author":[{"embeddable":true,"href":"https:\/\/www.adra.sk\/en\/wp-json\/wp\/v2\/users\/64"}],"replies":[{"embeddable":true,"href":"https:\/\/www.adra.sk\/en\/wp-json\/wp\/v2\/comments?post=28246"}],"version-history":[{"count":1,"href":"https:\/\/www.adra.sk\/en\/wp-json\/wp\/v2\/posts\/28246\/revisions"}],"predecessor-version":[{"id":28270,"href":"https:\/\/www.adra.sk\/en\/wp-json\/wp\/v2\/posts\/28246\/revisions\/28270"}],"wp:featuredmedia":[{"embeddable":true,"href":"https:\/\/www.adra.sk\/en\/wp-json\/wp\/v2\/media\/28269"}],"wp:attachment":[{"href":"https:\/\/www.adra.sk\/en\/wp-json\/wp\/v2\/media?parent=28246"}],"wp:term":[{"taxonomy":"category","embeddable":true,"href":"https:\/\/www.adra.sk\/en\/wp-json\/wp\/v2\/categories?post=28246"},{"taxonomy":"post_tag","embeddable":true,"href":"https:\/\/www.adra.sk\/en\/wp-json\/wp\/v2\/tags?post=28246"}],"curies":[{"name":"wp","href":"https:\/\/api.w.org\/{rel}","templated":true}]}}