{"id":29163,"date":"2023-05-17T17:05:07","date_gmt":"2023-05-17T17:05:07","guid":{"rendered":"https:\/\/www.adra.sk\/?p=29163"},"modified":"2023-07-28T15:38:14","modified_gmt":"2023-07-28T15:38:14","slug":"aktualne-z-ukrajiny-4","status":"publish","type":"post","link":"https:\/\/www.adra.sk\/en\/aktualne-z-ukrajiny-4\/","title":{"rendered":"Latest from Ukraine"},"content":{"rendered":"\n<h1 class=\"has-vivid-green-cyan-color has-text-color wp-block-heading\"><\/h1>\n\n\n<p><strong>Aktu\u00e1lne z Ukrajiny informuje n\u00e1\u0161 riadite\u013e Stano Bielik.<\/strong><\/p>\n<p><!--more--><\/p>\n<div class=\"x11i5rnm xat24cr x1mh8g0r x1vvkbs xtlvy1s x126k92a\">\n<div dir=\"auto\">\n<div class=\"x11i5rnm xat24cr x1mh8g0r x1vvkbs xtlvy1s x126k92a\">\n<div dir=\"auto\">\n<div class=\"x11i5rnm xat24cr x1mh8g0r x1vvkbs xtlvy1s x126k92a\">\n<div dir=\"auto\">Op\u00e4\u0165 sme na Ukrajine pre\u017eili \u010fal\u0161\u00ed de\u0148 pln\u00fd nezabudnute\u013en\u00fdch udalost\u00ed. U\u017e okolo tretej nadr\u00e1nom n\u00e1s v Bu\u010di zobudili siln\u00e9 v\u00fdbuchy, a nasledovali \u010fal\u0161ie salvy &#8211; tentoraz rakety zasiahli Kyjev. A\u017e ke\u010f svitalo, dozvedeli sme sa o nev\u00eddanej intenzite t\u00fdchto \u00fatokov. R\u00e1no sme sa na no\u010dn\u00e9 udalosti op\u00fdtali jedn\u00e9ho z ukrajinsk\u00fdch kolegov, no ten len sa pohodlne u\u0161krnul a odpovedal: \u201eJa som spal&#8230; To je nie\u010do, na \u010do si budete musie\u0165 zvykn\u00fa\u0165\u201c. My sme si v\u0161ak e\u0161te nezvykli, a ani nechceme.<\/div>\n<div dir=\"auto\">&nbsp;<\/div>\n<\/div>\n<div class=\"x11i5rnm xat24cr x1mh8g0r x1vvkbs xtlvy1s x126k92a\">\n<div dir=\"auto\">Cestou do centra mesta sme sa ocitli v rannej kol\u00f3ne \u00e1ut, akoby sa v noci ni\u010d nedialo. Na Slovenskej ambas\u00e1de v Kyjeve n\u00e1s srde\u010dne priv\u00edtal p\u00e1n ve\u013evyslanec Marek \u0160afin. Predstavili sme mu nov\u00e9ho riadite\u013ea na\u0161ej partnerskej organiz\u00e1cie <strong><a class=\"x1i10hfl xjbqb8w x6umtig x1b1mbwd xaqea5y xav7gou x9f619 x1ypdohk xt0psk2 xe8uvvx xdj266r x11i5rnm xat24cr x1mh8g0r xexx8yu x4uap5 x18d9i69 xkhd6sd x16tdsg8 x1hl2dhg xggy1nq x1a2a7pz xt0b8zv x1qq9wsj xo1l8bm\" tabindex=\"0\" role=\"link\" href=\"https:\/\/www.facebook.com\/ADRA.Ukraine\/?__cft__[0]=AZVt3ML9Fb7az1kEGoZOcV-MzU7kLxFbB5QJpzZ4qx3Y0uCYR-pccGIWotazhKOQvBYb1SfoHtRr-Nm6YJyWjX-W0yGHl-LCttj68m3NF7pPFiQc3ovWVdkew2cu9V1aZBiTEYU500rrhGGaKDmRSmODtrEJVU794rm_YzTfctYiWLXN56bPro0hAdllQXIu4C8Paxp8WBviOhr5qqA9q1Z6MsPnmv0DbbevYEhYByZZvg&amp;__tn__=kK-R\"><span class=\"xt0psk2\">ADRA Ukrajina<\/span><\/a><\/strong>, p\u00e1na Leonida Rutkovsk\u00e9ho. Toto stretnutie nebolo len form\u00e1lnou n\u00e1v\u0161tevou, no aj pr\u00edle\u017eitos\u0165ou na spolo\u010dn\u00e9 pl\u00e1novanie a koordin\u00e1ciu humanit\u00e1rnej pomoci. Inform\u00e1cie, ktor\u00e9 sme z\u00edskali od p\u00e1na ve\u013evyslanca o tom, kde, kedy a ako m\u00f4\u017eeme spolo\u010dne poskytn\u00fa\u0165 naj\u00fa\u010dinnej\u0161iu pomoc, s\u00fa pre n\u00e1s a na\u0161ich kolegov z ADRA Ukrajina ve\u013emi cenn\u00e9. Okrem toho sme sa dozvedeli cenn\u00e9 rady t\u00fdkaj\u00face sa aktu\u00e1lnych bezpe\u010dnostn\u00fdch riz\u00edk.<\/div>\n<div dir=\"auto\">&nbsp;<\/div>\n<\/div>\n<div class=\"x11i5rnm xat24cr x1mh8g0r x1vvkbs xtlvy1s x126k92a\">\n<div dir=\"auto\">Vz\u00e1jomn\u00e9 zdie\u013eanie kontaktov na in\u0161tit\u00facie, ako s\u00fa nemocnice, \u0161koly a pomocn\u00e9 centr\u00e1, ktor\u00e9 potrebuj\u00fa na\u0161u podporu najviac s\u00fa pre n\u00e1s ve\u013emi d\u00f4le\u017eit\u00e9. Ka\u017ed\u00fd de\u0148 sa na n\u00e1s obracaj\u00fa \u013eudia a organiz\u00e1cie so \u017eiados\u0165ami o pomoc a podporu. Preto je v\u00fdznamn\u00e9, \u017ee Slovensk\u00e1 ambas\u00e1da koordinuje pomoc a spojuje darcov a humanit\u00e1rne organiz\u00e1cie s \u013eu\u010fmi a organiz\u00e1ciami v oblastiach, kde je najak\u00fatnej\u0161ia potreba.<\/div>\n<\/div>\n<div class=\"x11i5rnm xat24cr x1mh8g0r x1vvkbs xtlvy1s x126k92a\">\n<div dir=\"auto\">Poobede sme sa v kancel\u00e1rii ukrajinskej pobo\u010dky ADRA venovali koordin\u00e1cii spolo\u010dn\u00fdch projektov. Sme nesmierne v\u010fa\u010dn\u00ed, \u017ee m\u00e1me siln\u00e9ho lok\u00e1lneho partnera, s ktor\u00fdm m\u00f4\u017eeme \u010falej posil\u0148ova\u0165 na\u0161u prospe\u0161n\u00fa spolupr\u00e1cu.<\/div>\n<div dir=\"auto\">&nbsp;<\/div>\n<\/div>\n<div class=\"x11i5rnm xat24cr x1mh8g0r x1vvkbs xtlvy1s x126k92a\">\n<div dir=\"auto\">S podporou Ofici\u00e1lnej rozvojovej pomoci SR &#8211; <strong><a class=\"x1i10hfl xjbqb8w x6umtig x1b1mbwd xaqea5y xav7gou x9f619 x1ypdohk xt0psk2 xe8uvvx xdj266r x11i5rnm xat24cr x1mh8g0r xexx8yu x4uap5 x18d9i69 xkhd6sd x16tdsg8 x1hl2dhg xggy1nq x1a2a7pz xt0b8zv x1qq9wsj xo1l8bm\" tabindex=\"0\" role=\"link\" href=\"https:\/\/www.facebook.com\/SlovakAid?__cft__[0]=AZVt3ML9Fb7az1kEGoZOcV-MzU7kLxFbB5QJpzZ4qx3Y0uCYR-pccGIWotazhKOQvBYb1SfoHtRr-Nm6YJyWjX-W0yGHl-LCttj68m3NF7pPFiQc3ovWVdkew2cu9V1aZBiTEYU500rrhGGaKDmRSmODtrEJVU794rm_YzTfctYiWLXN56bPro0hAdllQXIu4C8Paxp8WBviOhr5qqA9q1Z6MsPnmv0DbbevYEhYByZZvg&amp;__tn__=-]K-R\"><span class=\"xt0psk2\">SlovakAid<\/span><\/a><\/strong>, sp\u00fa\u0161\u0165ame nov\u00fd projekt, prostredn\u00edctvom ktor\u00e9ho zabezpe\u010d\u00edme z\u00e1kladn\u00e9 potraviny a hygienick\u00e9 prostriedky pre viac ako 20 000 obyvate\u013eov v najviac ohrozen\u00fdch oblastiach Ukrajiny.<\/div>\n<div dir=\"auto\">&nbsp;<\/div>\n<\/div>\n<div class=\"x11i5rnm xat24cr x1mh8g0r x1vvkbs xtlvy1s x126k92a\">\n<div dir=\"auto\">Okrem toho sme v spolupr\u00e1ci s japonskou pobo\u010dkou ADRA spustili projekt MOFA, ktor\u00fd finan\u010dne podporilo Ministerstvo zahrani\u010dn\u00fdch vec\u00ed Japonska. V r\u00e1mci projektu zabezpe\u010d\u00edme sklady a kami\u00f3ny pre prepravu humanit\u00e1rnej pomoci medzi Slovenskom a Ukrajinou, a pre 16 nemocn\u00edc v \u0161tyroch naj\u0165a\u017e\u0161ie zasiahnut\u00fdch oblastiach (Charkovsk\u00e1, Doneck\u00e1, Zaporo\u017esk\u00e1 a Chersonsk\u00e1) zabezpe\u010d\u00edme gener\u00e1tory.<\/div>\n<\/div>\n<div class=\"x11i5rnm xat24cr x1mh8g0r x1vvkbs xtlvy1s x126k92a\">\n<div dir=\"auto\">Na\u0161a cesta tu v\u0161ak nekon\u010d\u00ed. Zajtra pl\u00e1nujeme nav\u0161t\u00edvi\u0165 zasiahnut\u00e9 miesta a ich obyvate\u013eom a pomocn\u00fdm in\u0161tit\u00faciam odvzd\u00e1me potravinov\u00e9 a hygienick\u00e9 bal\u00edky, ako aj gener\u00e1tory na zabezpe\u010denie elektriny a tepla.<\/div>\n<div dir=\"auto\">&nbsp;<\/div>\n<\/div>\n<div class=\"x11i5rnm xat24cr x1mh8g0r x1vvkbs xtlvy1s x126k92a\">\n<div dir=\"auto\">&#8211; Stanislav Bielik, riadite\u013e ADRA Slovensko<\/div>\n<div dir=\"auto\">&nbsp;<\/div>\n<\/div>\n<div class=\"x11i5rnm xat24cr x1mh8g0r x1vvkbs xtlvy1s x126k92a\">\n<div dir=\"auto\">Zapojte sa do pomoci aj vy! Sta\u010d\u00ed nav\u0161t\u00edvi\u0165 n\u00e1\u0161 ADRA HelpShop a venova\u0165 dobro\u010dinn\u00fd dar: <a class=\"x1i10hfl xjbqb8w x6umtig x1b1mbwd xaqea5y xav7gou x9f619 x1ypdohk xt0psk2 xe8uvvx xdj266r x11i5rnm xat24cr x1mh8g0r xexx8yu x4uap5 x18d9i69 xkhd6sd x16tdsg8 x1hl2dhg xggy1nq x1a2a7pz xt0b8zv x1fey0fg\" tabindex=\"0\" role=\"link\" href=\"https:\/\/www.adra.sk\/?fbclid=IwAR14Q_RT26z_IGk7g5xmTpQ7WtxCpAlYT4tU8mIFr0ER_h_5KA5_YPlgXsU\" target=\"_blank\" rel=\"nofollow noopener\">https:\/\/www.adra.sk\/<\/a><\/div>\n<div dir=\"auto\">&nbsp;<\/div>\n<\/div>\n<div class=\"x11i5rnm xat24cr x1mh8g0r x1vvkbs xtlvy1s x126k92a\">\n<div dir=\"auto\">\u010eakujeme! <span class=\"x3nfvp2 x1j61x8r x1fcty0u xdj266r xhhsvwb xat24cr xgzva0m xxymvpz xlup9mm x1kky2od\"><img decoding=\"async\" src=\"https:\/\/static.xx.fbcdn.net\/images\/emoji.php\/v9\/tc5\/1.5\/16\/1f499.png\" alt=\"\ud83d\udc99\" width=\"16\" height=\"16\"><\/span><span class=\"x3nfvp2 x1j61x8r x1fcty0u xdj266r xhhsvwb xat24cr xgzva0m xxymvpz xlup9mm x1kky2od\"><img decoding=\"async\" src=\"https:\/\/static.xx.fbcdn.net\/images\/emoji.php\/v9\/t6e\/1.5\/16\/1f49b.png\" alt=\"\ud83d\udc9b\" width=\"16\" height=\"16\"><\/span><\/div>\n<\/div>\n<\/div>\n<\/div>\n<\/div>\n<\/div>\n<p><!--more--><\/p>\n\n\nngg_shortcode_0_placeholder\n\n\n\n<p><\/p>\n","protected":false},"excerpt":{"rendered":"<p>Our director Stano Bielik reports from Ukraine.<\/p>","protected":false},"author":64,"featured_media":29164,"comment_status":"closed","ping_status":"closed","sticky":false,"template":"","format":"standard","meta":{"_acf_changed":false,"ngg_post_thumbnail":0,"footnotes":""},"categories":[333],"tags":[337,332],"class_list":["post-29163","post","type-post","status-publish","format-standard","has-post-thumbnail","hentry","category-ukrajina","tag-slovakaid","tag-ukrajina"],"acf":[],"_links":{"self":[{"href":"https:\/\/www.adra.sk\/en\/wp-json\/wp\/v2\/posts\/29163","targetHints":{"allow":["GET"]}}],"collection":[{"href":"https:\/\/www.adra.sk\/en\/wp-json\/wp\/v2\/posts"}],"about":[{"href":"https:\/\/www.adra.sk\/en\/wp-json\/wp\/v2\/types\/post"}],"author":[{"embeddable":true,"href":"https:\/\/www.adra.sk\/en\/wp-json\/wp\/v2\/users\/64"}],"replies":[{"embeddable":true,"href":"https:\/\/www.adra.sk\/en\/wp-json\/wp\/v2\/comments?post=29163"}],"version-history":[{"count":3,"href":"https:\/\/www.adra.sk\/en\/wp-json\/wp\/v2\/posts\/29163\/revisions"}],"predecessor-version":[{"id":29912,"href":"https:\/\/www.adra.sk\/en\/wp-json\/wp\/v2\/posts\/29163\/revisions\/29912"}],"wp:featuredmedia":[{"embeddable":true,"href":"https:\/\/www.adra.sk\/en\/wp-json\/wp\/v2\/media\/29164"}],"wp:attachment":[{"href":"https:\/\/www.adra.sk\/en\/wp-json\/wp\/v2\/media?parent=29163"}],"wp:term":[{"taxonomy":"category","embeddable":true,"href":"https:\/\/www.adra.sk\/en\/wp-json\/wp\/v2\/categories?post=29163"},{"taxonomy":"post_tag","embeddable":true,"href":"https:\/\/www.adra.sk\/en\/wp-json\/wp\/v2\/tags?post=29163"}],"curies":[{"name":"wp","href":"https:\/\/api.w.org\/{rel}","templated":true}]}}