{"id":30512,"date":"2023-09-04T09:04:12","date_gmt":"2023-09-04T09:04:12","guid":{"rendered":"https:\/\/www.adra.sk\/?p=30512"},"modified":"2023-09-07T11:48:23","modified_gmt":"2023-09-07T11:48:23","slug":"sopka-mayon-na-filipinach-sa-prebudza","status":"publish","type":"post","link":"https:\/\/www.adra.sk\/en\/sopka-mayon-na-filipinach-sa-prebudza\/","title":{"rendered":"Mayon volcano in the Philippines awakens"},"content":{"rendered":"\n<h1 class=\"has-vivid-green-cyan-color has-text-color wp-block-heading\"><\/h1>\n\n\n\n<p><\/p>\n\n\n<div class=\"x11i5rnm xat24cr x1mh8g0r x1vvkbs xtlvy1s x126k92a\"><strong>Po siedmich sope\u010dn\u00fdch zemetraseniach zost\u00e1va sopka Mayon na Filip\u00ednach aj na\u010falej v stave v\u00fdstrahy 3. stup\u0148a.<\/strong><\/div>\n<p><!--more--><\/p>\n<div>\n<div class=\"x11i5rnm xat24cr x1mh8g0r x1vvkbs xtlvy1s x126k92a\">\n<div dir=\"auto\">\n<div class=\"\" data-block=\"true\" data-editor=\"ap2m8\" data-offset-key=\"788g7-0-0\">\n<div dir=\"auto\">\n<div class=\"x11i5rnm xat24cr x1mh8g0r x1vvkbs xtlvy1s x126k92a\"><span style=\"color: initial;\">Seizmol\u00f3govia varuj\u00fa, \u017ee v najbli\u017e\u0161\u00edch d\u0148och alebo t\u00fd\u017ed\u0148och by mohla nasta\u0165 siln\u00e1 erupcia. T\u00e1to hrozba n\u00fati miestnych obyvate\u013eov ur\u00fdchlene op\u00fa\u0161\u0165a\u0165 postihnut\u00e9 oblasti.<\/span><\/div>\n<div>&nbsp;<\/div>\n<div><img fetchpriority=\"high\" decoding=\"async\" class=\"wp-image-30513 size-full aligncenter\" src=\"https:\/\/www.adra.sk\/wp-content\/uploads\/2023\/09\/Screenshot-2023-08-08-132816-1024x571-1.png\" alt=\"\" width=\"1024\" height=\"571\" srcset=\"https:\/\/www.adra.sk\/wp-content\/uploads\/2023\/09\/Screenshot-2023-08-08-132816-1024x571-1.png 1024w, https:\/\/www.adra.sk\/wp-content\/uploads\/2023\/09\/Screenshot-2023-08-08-132816-1024x571-1-300x167.png 300w, https:\/\/www.adra.sk\/wp-content\/uploads\/2023\/09\/Screenshot-2023-08-08-132816-1024x571-1-768x428.png 768w, https:\/\/www.adra.sk\/wp-content\/uploads\/2023\/09\/Screenshot-2023-08-08-132816-1024x571-1-18x10.png 18w\" sizes=\"(max-width: 1024px) 100vw, 1024px\" \/><\/div>\n<div class=\"x11i5rnm xat24cr x1mh8g0r x1vvkbs xtlvy1s x126k92a\">\n<div dir=\"auto\">\n<div class=\"x11i5rnm xat24cr x1mh8g0r x1vvkbs xtlvy1s x126k92a\">\n<div dir=\"auto\">\n<div class=\"x11i5rnm xat24cr x1mh8g0r x1vvkbs xtlvy1s x126k92a\">\n<div dir=\"auto\">&nbsp;<\/div>\n<\/div>\n<div class=\"x11i5rnm xat24cr x1mh8g0r x1vvkbs xtlvy1s x126k92a\">\n<div dir=\"auto\">Erupcia sopky by mala z\u00e1va\u017en\u00e9 d\u00f4sledky pre \u013eud\u00ed \u017eij\u00facich v okolit\u00fdch oblastiach. Oblasti hroz\u00ed nielen popolov\u00fd d\u00e1\u017e\u010f, ale aj preru\u0161enie pr\u00edsunu z\u00e1kladn\u00fdch potrieb a n\u00faten\u00e9 pres\u00edd\u013eovanie obyvate\u013estva. Lok\u00e1lne \u00farady varuj\u00fa o najmenej 10 200 zasiahnut\u00fdch rodin\u00e1ch v 26 dedin\u00e1ch.<\/div>\n<div dir=\"auto\">&nbsp;<\/div>\n<\/div>\n<div class=\"x11i5rnm xat24cr x1mh8g0r x1vvkbs xtlvy1s x126k92a\">\n<div dir=\"auto\">ADRA reaguje aj na t\u00fato kr\u00edzov\u00fa situ\u00e1ciu. V evakua\u010dn\u00fdch centr\u00e1ch v Malilipote a Santo Domingu v Albay poskytuje pomoc stovk\u00e1m rod\u00edn, ktor\u00fdm zabezpe\u010duje potraviny, vodu, pr\u00edstre\u0161ie a hygienick\u00e9 potreby. Prabhook Bandaratilleke, riadite\u013e <strong><a class=\"x1i10hfl xjbqb8w x6umtig x1b1mbwd xaqea5y xav7gou x9f619 x1ypdohk xt0psk2 xe8uvvx xdj266r x11i5rnm xat24cr x1mh8g0r xexx8yu x4uap5 x18d9i69 xkhd6sd x16tdsg8 x1hl2dhg xggy1nq x1a2a7pz xt0b8zv x1qq9wsj xo1l8bm\" tabindex=\"0\" role=\"link\" href=\"https:\/\/www.facebook.com\/ADRAPhilippines?__cft__[0]=AZXBhJ56ovuVab6Ykfc7-i5SAhnyDWMr7fmiuSTVSbMDkOT1ROVA6Vx0O4uPr0tuUpAOrrzUs6HO-uQrwjqpCayRWc1tIKJW7uEYKkh1jP5Lr5XEeHnm45ot2aekYE6pavtn_sVxkQdlHEGbbMSfM2H0&amp;__tn__=-]K-R\"><span class=\"xt0psk2\">ADRA Filip\u00edny<\/span><\/a><\/strong>, uviedol: \u201eSme odhodlan\u00ed pom\u00e1ha\u0165 t\u00fdm, ktor\u00ed bud\u00fa postihnut\u00ed touto katastrofou. Potreby t\u00fdchto komun\u00edt s\u00fa u n\u00e1s na prvom mieste\u201c.<\/div>\n<\/div>\n<div dir=\"auto\">&nbsp;<\/div>\n<div class=\"x11i5rnm xat24cr x1mh8g0r x1vvkbs xtlvy1s x126k92a\">\n<div dir=\"auto\">ADRA poskytuje pomoc aj po ni\u010divej tropickej b\u00farke Egay, ktor\u00e1 koncom j\u00fala zasiahla z\u00e1padn\u00e9 \u010dasti Filip\u00edn. Ni\u010div\u00fd vietor a monz\u00fanov\u00e9 da\u017ede pripravili o \u017eivot najmenej 5 \u013eud\u00ed a sp\u00f4sobili \u0161kody viac ako 10 000 rod\u00edn. Komunit\u00e1m v postihnut\u00fdch oblastiach zabezpe\u010duje \u010dist\u00fa vodu, hygienick\u00e9 potreby, zdravotn\u00fa pomoc a do\u010dasn\u00e9 pr\u00edstre\u0161ie.<\/div>\n<div dir=\"auto\">&nbsp;<\/div>\n<\/div>\n<div class=\"x11i5rnm xat24cr x1mh8g0r x1vvkbs xtlvy1s x126k92a\">\n<div dir=\"auto\">Prostredn\u00edctvom programov zameran\u00fdch na zlep\u0161enie \u017eivota, zdravia a vzdelania \u017eien p\u00f4sob\u00ed ADRA na Filip\u00ednach u\u017e vy\u0161e 40 rokov.<\/div>\n<div dir=\"auto\">&nbsp;<\/div>\n<\/div>\n<\/div>\n<\/div>\n<\/div>\n<\/div>\n<\/div>\n<\/div>\n<\/div>\n<\/div>\n<\/div>\n<p><!--more--><\/p>\n\n\n\n\n<p><\/p>\n","protected":false},"excerpt":{"rendered":"<p>After seven volcanic earthquakes, Mayon volcano in the Philippines remains on a level 3 alert.<\/p>","protected":false},"author":64,"featured_media":30515,"comment_status":"closed","ping_status":"closed","sticky":false,"template":"","format":"standard","meta":{"_acf_changed":false,"ngg_post_thumbnail":0,"footnotes":""},"categories":[289],"tags":[373,374],"class_list":["post-30512","post","type-post","status-publish","format-standard","has-post-thumbnail","hentry","category-vo-svete","tag-filipiny","tag-sopka"],"acf":[],"_links":{"self":[{"href":"https:\/\/www.adra.sk\/en\/wp-json\/wp\/v2\/posts\/30512","targetHints":{"allow":["GET"]}}],"collection":[{"href":"https:\/\/www.adra.sk\/en\/wp-json\/wp\/v2\/posts"}],"about":[{"href":"https:\/\/www.adra.sk\/en\/wp-json\/wp\/v2\/types\/post"}],"author":[{"embeddable":true,"href":"https:\/\/www.adra.sk\/en\/wp-json\/wp\/v2\/users\/64"}],"replies":[{"embeddable":true,"href":"https:\/\/www.adra.sk\/en\/wp-json\/wp\/v2\/comments?post=30512"}],"version-history":[{"count":3,"href":"https:\/\/www.adra.sk\/en\/wp-json\/wp\/v2\/posts\/30512\/revisions"}],"predecessor-version":[{"id":30517,"href":"https:\/\/www.adra.sk\/en\/wp-json\/wp\/v2\/posts\/30512\/revisions\/30517"}],"wp:featuredmedia":[{"embeddable":true,"href":"https:\/\/www.adra.sk\/en\/wp-json\/wp\/v2\/media\/30515"}],"wp:attachment":[{"href":"https:\/\/www.adra.sk\/en\/wp-json\/wp\/v2\/media?parent=30512"}],"wp:term":[{"taxonomy":"category","embeddable":true,"href":"https:\/\/www.adra.sk\/en\/wp-json\/wp\/v2\/categories?post=30512"},{"taxonomy":"post_tag","embeddable":true,"href":"https:\/\/www.adra.sk\/en\/wp-json\/wp\/v2\/tags?post=30512"}],"curies":[{"name":"wp","href":"https:\/\/api.w.org\/{rel}","templated":true}]}}