{"id":31286,"date":"2023-12-12T10:54:45","date_gmt":"2023-12-12T10:54:45","guid":{"rendered":"https:\/\/www.adra.sk\/?p=31286"},"modified":"2024-01-26T12:26:53","modified_gmt":"2024-01-26T12:26:53","slug":"vianocne-balicky-radosti-pre-deti-na-ukrajine","status":"publish","type":"post","link":"https:\/\/www.adra.sk\/en\/vianocne-balicky-radosti-pre-deti-na-ukrajine\/","title":{"rendered":"Christmas packages of joy for Ukrainian children"},"content":{"rendered":"<h1 class=\"wp-block-heading has-vivid-green-cyan-color has-text-color\"><\/h1>\n\n\n\n<p class=\"has-black-color has-text-color\"><strong>This year, thanks to the support of ADRA Japan, we will be able to put a smile on the faces of children in Ukraine.<\/strong><\/p>\n\n\n<div>\n<div class=\"x11i5rnm xat24cr x1mh8g0r x1vvkbs xtlvy1s x126k92a\">\n<div dir=\"auto\">\n<div class=\"\" data-block=\"true\" data-editor=\"ap2m8\" data-offset-key=\"788g7-0-0\">\n<div dir=\"auto\">\n<div class=\"x11i5rnm xat24cr x1mh8g0r x1vvkbs xtlvy1s x126k92a\">\n<div dir=\"auto\">\n<div class=\"x11i5rnm xat24cr x1mh8g0r x1vvkbs xtlvy1s x126k92a\">\n<div dir=\"auto\">\n<div class=\"x11i5rnm xat24cr x1mh8g0r x1vvkbs xtlvy1s x126k92a\">\n<div dir=\"auto\">\n<div class=\"xdj266r x11i5rnm xat24cr x1mh8g0r x1vvkbs x126k92a\">\n<div class=\"x11i5rnm xat24cr x1mh8g0r x1vvkbs xtlvy1s x126k92a\">\n<div dir=\"auto\">\n<div class=\"x11i5rnm xat24cr x1mh8g0r x1vvkbs xtlvy1s x126k92a\">\n<div dir=\"auto\">\n<div class=\"x11i5rnm xat24cr x1mh8g0r x1vvkbs xtlvy1s x126k92a\">\n<div dir=\"auto\"><span style=\"color: #000000;\">More than 80 Ukrainian and Slovak volunteers in our warehouse in Trencin enthusiastically wrapped 1 500 Christmas packages for children in Ukrainian sanatoriums and hospitals. The lovingly prepared Christmas packages are heading to Kherson, Kharkiv and Transcarpathia, where they will soon bring joy and brighten Christmas for the youngest inhabitants of these areas.<\/span><\/div>\n<\/div>\n<\/div>\n<\/div>\n<\/div>\n<\/div>\n<\/div>\n<div dir=\"auto\">\n<div class=\"x11i5rnm xat24cr x1mh8g0r x1vvkbs xtlvy1s x126k92a\">\n<div dir=\"auto\">&nbsp;<\/div>\n<\/div>\n<div dir=\"auto\">\n<p><iframe title=\"Christmas packages of joy for children in Ukraine\" width=\"800\" height=\"450\" src=\"https:\/\/www.youtube.com\/embed\/w-wPoNETvko?feature=oembed\" frameborder=\"0\" allow=\"accelerometer; autoplay; clipboard-write; encrypted-media; gyroscope; picture-in-picture; web-share\" allowfullscreen><\/iframe><\/p>\n<\/div>\n<div class=\"x11i5rnm xat24cr x1mh8g0r x1vvkbs xtlvy1s x126k92a\">\n<div dir=\"auto\"><span style=\"color: #000000;\">If you also want to be part of this beautiful initiative, check out the report made about us by <span class=\"xt0psk2\">JOJ Television<\/span>, and support us in our efforts to help the most vulnerable. Your help can also make a difference in the lives of many children.<\/span> <strong><a href=\"http:\/\/bit.ly\/adra-pomahajme-spolu\">Donate today and make a difference in the lives of children in Ukraine<\/a><\/strong><span style=\"color: #000000;\">.<\/span><\/div>\n<div dir=\"auto\">&nbsp;<\/div>\n<\/div>\n<div class=\"x11i5rnm xat24cr x1mh8g0r x1vvkbs xtlvy1s x126k92a\">\n<div dir=\"auto\"><span style=\"color: #000000;\">Thank you for your support!<\/span><\/div>\n<div dir=\"auto\">&nbsp;<\/div>\n<\/div>\n<\/div>\n<\/div>\n<\/div>\n<\/div>\n<\/div>\n<\/div>\n<\/div>\n<\/div>\n<\/div>\n<\/div>\n<\/div>\n<\/div>\n<p><!--more--><\/p>\n\n\n<p><\/p>","protected":false},"excerpt":{"rendered":"<p>Aj tento rok sa n\u00e1m v\u010faka podpore od ADRA Japonsko podar\u00ed vy\u010dari\u0165 \u00fasmev na tv\u00e1rach det\u00ed v Ukrajine. Viac ako 80 ukrajinsk\u00fdch a slovensk\u00fdch dobrovo\u013en\u00edkov v na\u0161om sklade v Tren\u010d\u00edne s nad\u0161en\u00edm zabalilo 1 500 viano\u010dn\u00fdch bal\u00ed\u010dkov pre deti v ukrajinsk\u00fdch sanat\u00f3ri\u00e1ch a nemocniciach. S l\u00e1skou pripraven\u00e9 viano\u010dn\u00e9 bal\u00ed\u010dky smeruj\u00fa do Chersonu, Charkova a na [&hellip;]<\/p>\n","protected":false},"author":64,"featured_media":31294,"comment_status":"closed","ping_status":"closed","sticky":false,"template":"","format":"standard","meta":{"_acf_changed":false,"ngg_post_thumbnail":0,"footnotes":""},"categories":[288],"tags":[341],"class_list":["post-31286","post","type-post","status-publish","format-standard","has-post-thumbnail","hentry","category-na-slovensku","tag-slovensko"],"acf":[],"_links":{"self":[{"href":"https:\/\/www.adra.sk\/en\/wp-json\/wp\/v2\/posts\/31286","targetHints":{"allow":["GET"]}}],"collection":[{"href":"https:\/\/www.adra.sk\/en\/wp-json\/wp\/v2\/posts"}],"about":[{"href":"https:\/\/www.adra.sk\/en\/wp-json\/wp\/v2\/types\/post"}],"author":[{"embeddable":true,"href":"https:\/\/www.adra.sk\/en\/wp-json\/wp\/v2\/users\/64"}],"replies":[{"embeddable":true,"href":"https:\/\/www.adra.sk\/en\/wp-json\/wp\/v2\/comments?post=31286"}],"version-history":[{"count":8,"href":"https:\/\/www.adra.sk\/en\/wp-json\/wp\/v2\/posts\/31286\/revisions"}],"predecessor-version":[{"id":31312,"href":"https:\/\/www.adra.sk\/en\/wp-json\/wp\/v2\/posts\/31286\/revisions\/31312"}],"wp:featuredmedia":[{"embeddable":true,"href":"https:\/\/www.adra.sk\/en\/wp-json\/wp\/v2\/media\/31294"}],"wp:attachment":[{"href":"https:\/\/www.adra.sk\/en\/wp-json\/wp\/v2\/media?parent=31286"}],"wp:term":[{"taxonomy":"category","embeddable":true,"href":"https:\/\/www.adra.sk\/en\/wp-json\/wp\/v2\/categories?post=31286"},{"taxonomy":"post_tag","embeddable":true,"href":"https:\/\/www.adra.sk\/en\/wp-json\/wp\/v2\/tags?post=31286"}],"curies":[{"name":"wp","href":"https:\/\/api.w.org\/{rel}","templated":true}]}}