{"id":31448,"date":"2024-02-26T10:28:03","date_gmt":"2024-02-26T10:28:03","guid":{"rendered":"https:\/\/www.adra.sk\/?p=31448"},"modified":"2024-03-16T10:39:56","modified_gmt":"2024-03-16T10:39:56","slug":"praca-s-detmi-z-romskych-komunit-v-belehrade","status":"publish","type":"post","link":"https:\/\/www.adra.sk\/en\/praca-s-detmi-z-romskych-komunit-v-belehrade\/","title":{"rendered":"Working with children from Roma communities in Belgrade"},"content":{"rendered":"<h1 class=\"wp-block-heading has-vivid-green-cyan-color has-text-color\"><\/h1>\n\n\n\n<p class=\"has-black-color has-text-color\"><strong>Our volunteer Kristina writes about the obstacles facing Roma children in Serbia.<\/strong><\/p>\n\n\n\n<p><\/p>\n\n\n<div>\n<div class=\"x11i5rnm xat24cr x1mh8g0r x1vvkbs xtlvy1s x126k92a\">\n<div dir=\"auto\">\n<div class=\"\" data-block=\"true\" data-editor=\"ap2m8\" data-offset-key=\"788g7-0-0\">\n<div dir=\"auto\">\n<div class=\"x11i5rnm xat24cr x1mh8g0r x1vvkbs xtlvy1s x126k92a\">\n<div dir=\"auto\">\n<div class=\"x11i5rnm xat24cr x1mh8g0r x1vvkbs xtlvy1s x126k92a\">\n<div dir=\"auto\">\n<div class=\"x11i5rnm xat24cr x1mh8g0r x1vvkbs xtlvy1s x126k92a\">\n<div dir=\"auto\">\n<div class=\"xdj266r x11i5rnm xat24cr x1mh8g0r x1vvkbs x126k92a\">\n<div class=\"x11i5rnm xat24cr x1mh8g0r x1vvkbs xtlvy1s x126k92a\">\n<div dir=\"auto\">\n<div class=\"x11i5rnm xat24cr x1mh8g0r x1vvkbs xtlvy1s x126k92a\"><span style=\"font-size: revert; color: #000000;\">During my volunteer work with ADRA Serbia in Belgrade, I was also involved in working with marginalized groups, especially Roma communities. Within the community centre we focused mainly on school-age children, but we did not forget to support adults by providing material assistance.<\/span><\/div>\n<\/div>\n<\/div>\n<\/div>\n<\/div>\n<\/div>\n<\/div>\n<\/div>\n<\/div>\n<\/div>\n<\/div>\n<\/div>\n<\/div>\n<\/div>\n<\/div>\n<div class=\"x11i5rnm xat24cr x1mh8g0r x1vvkbs xtlvy1s x126k92a\">\n<div dir=\"auto\">\n<div class=\"x11i5rnm xat24cr x1mh8g0r x1vvkbs xtlvy1s x126k92a\">\n<div dir=\"auto\">\n<p><span style=\"color: #000000;\">I have had the opportunity to encounter many stories as well as the barriers faced by children from marginalized communities. These problems, which are as diverse as the settlements in which they live, have a significant impact on children's lives and their ability to receive a quality education.<\/span><\/p>\n<p><span style=\"color: #000000;\"><img fetchpriority=\"high\" decoding=\"async\" class=\"alignright wp-image-31449 size-large\" src=\"https:\/\/www.adra.sk\/wp-content\/uploads\/2024\/02\/KMA_2-blog_3-1024x683.jpeg\" alt=\"\" width=\"800\" height=\"534\"><\/span><\/p>\n<p><span style=\"color: #000000;\">One of the main problems, as in other countries, is widespread discrimination. Discrimination is present not only at an individual level, but also in the institutional environment, which often leads to many children dropping out of the education system and thus often not even completing primary education. This practice affects not only their education, but also their self-esteem and general social development.<\/span><\/p>\n<p><span style=\"color: #000000;\">In addition to discrimination, children from Roma communities often face a lack of basic material resources for education. They lack not only access to learning materials and books, but also adequate conditions for learning. Many of them come from backgrounds where they do not have access to electricity or heating.<\/span><\/p>\n<p><span style=\"color: #000000;\">A problem related to education is also, as in Slovakia, the lack of assistants in schools, or teaching in the Romani language, which is spoken by most of the children. The problem of frequent drop-outs and the lack of staff in schools is also something we have tried to address in our community centre.<\/span><\/p>\n<p><span style=\"color: #000000;\"><img decoding=\"async\" class=\"alignleft wp-image-31451 size-large\" src=\"https:\/\/www.adra.sk\/wp-content\/uploads\/2024\/02\/KMA_2-blog_2-681x1024.jpg\" alt=\"\" width=\"681\" height=\"1024\" srcset=\"https:\/\/www.adra.sk\/wp-content\/uploads\/2024\/02\/KMA_2-blog_2-681x1024.jpg 681w, https:\/\/www.adra.sk\/wp-content\/uploads\/2024\/02\/KMA_2-blog_2-200x300.jpg 200w, https:\/\/www.adra.sk\/wp-content\/uploads\/2024\/02\/KMA_2-blog_2-768x1155.jpg 768w, https:\/\/www.adra.sk\/wp-content\/uploads\/2024\/02\/KMA_2-blog_2-1022x1536.jpg 1022w, https:\/\/www.adra.sk\/wp-content\/uploads\/2024\/02\/KMA_2-blog_2-8x12.jpg 8w, https:\/\/www.adra.sk\/wp-content\/uploads\/2024\/02\/KMA_2-blog_2.jpg 1362w\" sizes=\"(max-width: 681px) 100vw, 681px\" \/><\/span><\/p>\n<p><span style=\"color: #000000;\">Our extracurricular activities often focused on doing homework together, playing logic games and doing creative work. However, the main aim of our activities was not to replace the formal school curriculum, but rather to complement it and to provide additional explanations or motivation for the children to better understand the curriculum.<\/span><\/p>\n<p><span style=\"color: #000000;\">These activities have been extremely valuable to me. Learning together brought new knowledge not only to them but also to me. From learning a new language to seeing some things from a different perspective. We generally tend to generalize, but it was working with these children that made me realize how unique each one of them is. Each child in our group had their own potential and interests. Many of them were enthusiastic about engaging in different activities and enjoyed doing something different.<\/span><\/p>\n<p><span style=\"color: #000000;\">One boy was fascinated by a puzzle where he was able to concentrate completely. Another girl wrote a wonderful story, which she was happy to tell us later. Other children were delighted when they were able to teach me the Serbian language and the Cyrillic alphabet, thus practising their own writing and reading, or when, on the other hand, we were able to learn English together. Many of them showed their talents during the preparations for the Christmas pageant, when we practiced singing together. Each child was able to contribute their interests and abilities to our group dynamic, which was wonderful to watch.<\/span><\/p>\n<p><span style=\"color: #000000;\">An interesting example was a boy of about nine years old who came to our centre together with his mother, during my first week. Although there was a language barrier between us, we played a game together where he showed very good logical thinking. This boy regularly participated in our activities and gradually appeared very proficient in coordinating and helping other children.<\/span><\/p>\n<p><span style=\"color: #000000;\">However, these after-school mornings were sometimes a challenge for me. Concentration problems, made it difficult to coordinate a larger group of children as well as to keep them motivated. Lack of fine motor skills was also a big difficulty. Some children, even in the upper grades, had difficulty holding a pen or pencil, which made it difficult to write homework.<\/span><\/p>\n<p><span style=\"color: #000000;\">Working with children automatically required communication with parents. The vast majority of them were, in their words, enthusiastic about ADRA Serbia's initiatives and supported the children in their activities. On the other hand, it often happened that they forgot about the activities or did not prepare their children sufficiently, which made the overall organization and coordination of the groups difficult.<\/span><\/p>\n<p><span style=\"color: #000000;\">As in Slovakia, systemic discrimination, intergenerational poverty and marginalisation of Roma communities are complex problems that require cooperation at all levels of society. Nevertheless, I believe that even small steps can contribute to improving this situation, whether by increasing children's motivation in education or by creating a safe environment in which they can express themselves freely.<\/span><\/p>\n<p><span style=\"color: #000000;\">I would like to thank ADRA Slovakia and ADRA Serbia for the opportunity to participate in this project and for the opportunity to help in a small way to improve social problems.<\/span><\/p>\n<\/div>\n<\/div>\n<div class=\"x11i5rnm xat24cr x1mh8g0r x1vvkbs xtlvy1s x126k92a\">\n<div dir=\"auto\"><span style=\"color: #000000;\">. . .<\/span><\/div>\n<div dir=\"auto\"><span style=\"color: #000000;\">Kristina's volunteer assignment is funded by the Official Development Assistance of the Slovak Republic.<\/span><\/div>\n<\/div>\n<\/div>\n<div dir=\"auto\">&nbsp;<\/div>\n<div dir=\"auto\"><img decoding=\"async\" class=\"size-medium wp-image-20554 aligncenter\" src=\"https:\/\/www.adra.sk\/wp-content\/uploads\/2018\/11\/slovakaid_gis_male_0-300x143.png\" alt=\"\" width=\"300\" height=\"143\" srcset=\"https:\/\/www.adra.sk\/wp-content\/uploads\/2018\/11\/slovakaid_gis_male_0-300x143.png 300w, https:\/\/www.adra.sk\/wp-content\/uploads\/2018\/11\/slovakaid_gis_male_0-1024x488.png 1024w, https:\/\/www.adra.sk\/wp-content\/uploads\/2018\/11\/slovakaid_gis_male_0-768x366.png 768w, https:\/\/www.adra.sk\/wp-content\/uploads\/2018\/11\/slovakaid_gis_male_0-1536x731.png 1536w, https:\/\/www.adra.sk\/wp-content\/uploads\/2018\/11\/slovakaid_gis_male_0-2048x975.png 2048w, https:\/\/www.adra.sk\/wp-content\/uploads\/2018\/11\/slovakaid_gis_male_0-16x8.png 16w, https:\/\/www.adra.sk\/wp-content\/uploads\/2018\/11\/slovakaid_gis_male_0-2000x952.png 2000w\" sizes=\"(max-width: 300px) 100vw, 300px\" \/><\/div>\n<\/div>\n<p><!--more--><\/p>\n\n\n<p><\/p>","protected":false},"excerpt":{"rendered":"<p>O prek\u00e1\u017ekach, ktor\u00fdm \u010delia r\u00f3mske deti v Srbsku, p\u00ed\u0161e na\u0161a dobrovo\u013en\u00ed\u010dka Krist\u00edna. Po\u010das m\u00f4jho dobrovo\u013en\u00edckeho p\u00f4sobenia v organiz\u00e1cii ADRA Srbsko v Belehrade som sa podie\u013eala aj pri pr\u00e1ci s marginalizovan\u00fdmi skupinami, hlavne r\u00f3mskymi komunitami. V r\u00e1mci komunitn\u00e9ho centra sme sa zameriavali najm\u00e4 na deti v \u0161kolskom veku, no nezab\u00fadali sme ani na podporu dospel\u00fdch poskytovan\u00edm [&hellip;]<\/p>\n","protected":false},"author":64,"featured_media":31449,"comment_status":"closed","ping_status":"closed","sticky":false,"template":"","format":"standard","meta":{"_acf_changed":false,"ngg_post_thumbnail":0,"footnotes":""},"categories":[331,289],"tags":[317,337,330],"class_list":["post-31448","post","type-post","status-publish","format-standard","has-post-thumbnail","hentry","category-srbsko","category-vo-svete","tag-dobrovolnictvo","tag-slovakaid","tag-srbsko"],"acf":[],"_links":{"self":[{"href":"https:\/\/www.adra.sk\/en\/wp-json\/wp\/v2\/posts\/31448","targetHints":{"allow":["GET"]}}],"collection":[{"href":"https:\/\/www.adra.sk\/en\/wp-json\/wp\/v2\/posts"}],"about":[{"href":"https:\/\/www.adra.sk\/en\/wp-json\/wp\/v2\/types\/post"}],"author":[{"embeddable":true,"href":"https:\/\/www.adra.sk\/en\/wp-json\/wp\/v2\/users\/64"}],"replies":[{"embeddable":true,"href":"https:\/\/www.adra.sk\/en\/wp-json\/wp\/v2\/comments?post=31448"}],"version-history":[{"count":2,"href":"https:\/\/www.adra.sk\/en\/wp-json\/wp\/v2\/posts\/31448\/revisions"}],"predecessor-version":[{"id":31454,"href":"https:\/\/www.adra.sk\/en\/wp-json\/wp\/v2\/posts\/31448\/revisions\/31454"}],"wp:featuredmedia":[{"embeddable":true,"href":"https:\/\/www.adra.sk\/en\/wp-json\/wp\/v2\/media\/31449"}],"wp:attachment":[{"href":"https:\/\/www.adra.sk\/en\/wp-json\/wp\/v2\/media?parent=31448"}],"wp:term":[{"taxonomy":"category","embeddable":true,"href":"https:\/\/www.adra.sk\/en\/wp-json\/wp\/v2\/categories?post=31448"},{"taxonomy":"post_tag","embeddable":true,"href":"https:\/\/www.adra.sk\/en\/wp-json\/wp\/v2\/tags?post=31448"}],"curies":[{"name":"wp","href":"https:\/\/api.w.org\/{rel}","templated":true}]}}