{"id":31466,"date":"2024-03-15T12:47:30","date_gmt":"2024-03-15T12:47:30","guid":{"rendered":"https:\/\/www.adra.sk\/?p=31466"},"modified":"2024-03-16T10:55:12","modified_gmt":"2024-03-16T10:55:12","slug":"oprava-skolskych-zariadeni-na-ukrajine","status":"publish","type":"post","link":"https:\/\/www.adra.sk\/en\/oprava-skolskych-zariadeni-na-ukrajine\/","title":{"rendered":"Repair of school facilities in Ukraine"},"content":{"rendered":"\n<h1 class=\"wp-block-heading has-vivid-green-cyan-color has-text-color\"><\/h1>\n\n\n\n<p class=\"has-black-color has-text-color\"><strong>N\u00e1\u0161 kr\u00edzov\u00fd interven\u010dn\u00fd t\u00edm moment\u00e1lne pom\u00e1ha v \u010cernihivskej oblasti na severe Ukrajiny, kde pripravuje pl\u00e1n rekon\u0161trukcie odborn\u00fdch a matersk\u00fdch \u0161k\u00f4l po\u0161koden\u00fdch vojnou.<\/strong><\/p>\n\n\n\n<p><\/p>\n\n\n<div>\n<div class=\"x11i5rnm xat24cr x1mh8g0r x1vvkbs xtlvy1s x126k92a\">\n<div dir=\"auto\">\n<div class=\"\" data-block=\"true\" data-editor=\"ap2m8\" data-offset-key=\"788g7-0-0\">\n<div dir=\"auto\">\n<div class=\"x11i5rnm xat24cr x1mh8g0r x1vvkbs xtlvy1s x126k92a\">\n<div dir=\"auto\">\n<div class=\"x11i5rnm xat24cr x1mh8g0r x1vvkbs xtlvy1s x126k92a\">\n<div dir=\"auto\">\n<div class=\"x11i5rnm xat24cr x1mh8g0r x1vvkbs xtlvy1s x126k92a\">\n<div dir=\"auto\">\n<div class=\"xdj266r x11i5rnm xat24cr x1mh8g0r x1vvkbs x126k92a\">\n<div class=\"x11i5rnm xat24cr x1mh8g0r x1vvkbs xtlvy1s x126k92a\">\n<div dir=\"auto\">&nbsp;<\/div>\n<\/div>\n<\/div>\n<\/div>\n<\/div>\n<\/div>\n<\/div>\n<\/div>\n<\/div>\n<\/div>\n<\/div>\n<\/div>\n<\/div>\n<\/div>\n<div class=\"x11i5rnm xat24cr x1mh8g0r x1vvkbs xtlvy1s x126k92a\">\n<div dir=\"auto\">\n<div class=\"x11i5rnm xat24cr x1mh8g0r x1vvkbs xtlvy1s x126k92a\">\n<div dir=\"auto\">\n<div class=\"xdj266r x11i5rnm xat24cr x1mh8g0r x1vvkbs x126k92a\">\n<div dir=\"auto\">\n<div class=\"x11i5rnm xat24cr x1mh8g0r x1vvkbs xtlvy1s x126k92a\">\n<div dir=\"auto\"><span style=\"color: #000000;\">Stretli sme sa s predstavite\u013emi miestnej samospr\u00e1vy v \u010cernihive, ktor\u00ed identifikovali zariadenia, kde je pomoc najviac potrebn\u00e1. S na\u0161im expertn\u00fdm t\u00edmom sme priamo na mieste vykonali technick\u00e9 posudky a ur\u010dili rozsah potrebn\u00fdch pr\u00e1c. \u010eal\u0161\u00edm krokom bude predbe\u017en\u00e1 kalkul\u00e1cia a pr\u00edprava podkladov pre v\u00fdber dod\u00e1vate\u013eov.<\/span><\/div>\n<\/div>\n<span style=\"color: #000000;\"><img fetchpriority=\"high\" decoding=\"async\" class=\"alignright wp-image-31474 \" src=\"https:\/\/www.adra.sk\/wp-content\/uploads\/2024\/03\/IMG-20240315-WA0056-1024x768.jpg\" alt=\"\" width=\"453\" height=\"340\" srcset=\"https:\/\/www.adra.sk\/wp-content\/uploads\/2024\/03\/IMG-20240315-WA0056-1024x768.jpg 1024w, https:\/\/www.adra.sk\/wp-content\/uploads\/2024\/03\/IMG-20240315-WA0056-300x225.jpg 300w, https:\/\/www.adra.sk\/wp-content\/uploads\/2024\/03\/IMG-20240315-WA0056-768x576.jpg 768w, https:\/\/www.adra.sk\/wp-content\/uploads\/2024\/03\/IMG-20240315-WA0056-1536x1152.jpg 1536w, https:\/\/www.adra.sk\/wp-content\/uploads\/2024\/03\/IMG-20240315-WA0056-16x12.jpg 16w, https:\/\/www.adra.sk\/wp-content\/uploads\/2024\/03\/IMG-20240315-WA0056-1000x750.jpg 1000w, https:\/\/www.adra.sk\/wp-content\/uploads\/2024\/03\/IMG-20240315-WA0056-2000x1500.jpg 2000w, https:\/\/www.adra.sk\/wp-content\/uploads\/2024\/03\/IMG-20240315-WA0056.jpg 2048w\" sizes=\"(max-width: 453px) 100vw, 453px\" \/><\/span><\/div>\n<\/div>\n<div class=\"x11i5rnm xat24cr x1mh8g0r x1vvkbs xtlvy1s x126k92a\">\n<div dir=\"auto\">&nbsp;<\/div>\n<\/div>\n<div class=\"x11i5rnm xat24cr x1mh8g0r x1vvkbs xtlvy1s x126k92a\">\n<div dir=\"auto\"><span style=\"color: #000000;\">V matersk\u00fdch \u0161kol\u00e1ch s\u00fa hlavn\u00fdm probl\u00e9mom po\u0161koden\u00e9 okn\u00e1. Po\u010das \u00fatokov boli mnoh\u00e9 okn\u00e1 rozbit\u00e9 a zamestnanci sa ich prvotne sna\u017eili zabezpe\u010di\u0165 doskami. Nesk\u00f4r ke\u010f to bolo mo\u017en\u00e9, do\u010dasne nahradili dosky sklom a deti sa tak mohli vr\u00e1ti\u0165 do tried. Av\u0161ak dreven\u00e9 r\u00e1my a aj skl\u00e1 s\u00fa vo ve\u013emi zlom stave a \u010dasto nedok\u00e1\u017eu dr\u017ea\u0165 ani do\u010dasn\u00e9 zasklenie. Mnoh\u00e9 okn\u00e1 sa u\u017e nedaj\u00fa ani otvori\u0165. <\/span><\/div>\n<\/div>\n<div class=\"x11i5rnm xat24cr x1mh8g0r x1vvkbs xtlvy1s x126k92a\">\n<div dir=\"auto\">&nbsp;<\/div>\n<div dir=\"auto\"><span style=\"color: #000000;\">V odbornej \u0161kole po\u0161kodili v\u00fdbuchy najm\u00e4 strechu, ktor\u00e1 kompletne zatek\u00e1. \u0160kolsk\u00e1 kuchy\u0148a s jed\u00e1l\u0148ou tak ostali mimo prev\u00e1dzky. Pri v\u00fdstupe na strechu \u0161koly sme nazbierali za hrs\u0165 \u010drep\u00edn, ktor\u00e9 sp\u00f4sobili t\u00fato skazu. <\/span><\/div>\n<div dir=\"auto\">&nbsp;<\/div>\n<\/div>\n<div class=\"x11i5rnm xat24cr x1mh8g0r x1vvkbs xtlvy1s x126k92a\">\n<div dir=\"auto\">\n<div class=\"x11i5rnm xat24cr x1mh8g0r x1vvkbs xtlvy1s x126k92a\">\n<div dir=\"auto\"><span style=\"color: #000000;\">Okrem toho sme nav\u0161t\u00edvili nieko\u013eko krytov v pivni\u010dn\u00fdch priestoroch \u0161k\u00f4l, kam sa deti musia pres\u00fava\u0165 pri ka\u017edom poplachu, niekedy aj nieko\u013ekokr\u00e1t denne. V t\u00fdchto zariadeniach je nutn\u00e9 zabezpe\u010di\u0165 protipo\u017eiarne dvere, n\u00fadzov\u00e9 toalety, ventil\u00e1ciu, pitn\u00fa vodu, sedenie. U\u010ditelia sa sna\u017eia tieto pivnice \u010do najviac upravi\u0165, aby sa deti c\u00edtili bezpe\u010dne a pohodlne. V niektor\u00fdch pr\u00edpadoch to v skuto\u010dnosti vyzer\u00e1 ako \u0161kola v podzem\u00ed.<\/span><\/div>\n<div dir=\"auto\">&nbsp;<\/div>\n<\/div>\n<\/div>\n<div dir=\"auto\"><span style=\"color: #000000;\"><img decoding=\"async\" class=\" wp-image-31479 alignleft\" src=\"https:\/\/www.adra.sk\/wp-content\/uploads\/2024\/03\/IMG-20240315-WA0002-300x225.jpg\" alt=\"\" width=\"387\" height=\"290\" srcset=\"https:\/\/www.adra.sk\/wp-content\/uploads\/2024\/03\/IMG-20240315-WA0002-300x225.jpg 300w, https:\/\/www.adra.sk\/wp-content\/uploads\/2024\/03\/IMG-20240315-WA0002-1024x768.jpg 1024w, https:\/\/www.adra.sk\/wp-content\/uploads\/2024\/03\/IMG-20240315-WA0002-768x576.jpg 768w, https:\/\/www.adra.sk\/wp-content\/uploads\/2024\/03\/IMG-20240315-WA0002-1536x1152.jpg 1536w, https:\/\/www.adra.sk\/wp-content\/uploads\/2024\/03\/IMG-20240315-WA0002-16x12.jpg 16w, https:\/\/www.adra.sk\/wp-content\/uploads\/2024\/03\/IMG-20240315-WA0002-1000x750.jpg 1000w, https:\/\/www.adra.sk\/wp-content\/uploads\/2024\/03\/IMG-20240315-WA0002-2000x1500.jpg 2000w, https:\/\/www.adra.sk\/wp-content\/uploads\/2024\/03\/IMG-20240315-WA0002.jpg 2048w\" sizes=\"(max-width: 387px) 100vw, 387px\" \/><\/span><\/div>\n<\/div>\n<div class=\"x11i5rnm xat24cr x1mh8g0r x1vvkbs xtlvy1s x126k92a\">\n<div dir=\"auto\"><span style=\"color: #000000;\">\u201eNezabudnute\u013en\u00fd z\u00e1\u017eitok? Ke\u010f som videl v materskej \u0161kole v\u00fdchovn\u00e9 pom\u00f4cky, hry a detsk\u00e9 knihy, ktor\u00e9 hravo vysvet\u013euj\u00fa de\u0165om, ako sa spr\u00e1va\u0165 v pr\u00edpade, \u017ee narazia na m\u00ednov\u00e9 pole alebo nevybuchnut\u00fa mun\u00edciu. Nikdy by som si neprial, aby sa moja mal\u00e1 vnu\u010dka musela tak\u00fdmito vecami zaobera\u0165 v materskej \u0161kole,\u201c p\u00ed\u0161e Stano Bielik, riadite\u013e ADRA Slovensko. <\/span><\/div>\n<div dir=\"auto\">&nbsp;<\/div>\n<\/div>\n<div class=\"x11i5rnm xat24cr x1mh8g0r x1vvkbs xtlvy1s x126k92a\">\n<div dir=\"auto\"><span style=\"color: #000000;\">Dnes op\u00fa\u0161\u0165ame mesto, ale u\u010ditelia a deti zost\u00e1vaj\u00fa. Uvedomili sme si, ak\u00e1 obetav\u00e1 je t\u00e1to skupina pedag\u00f3gov. V ne\u013eahk\u00fdch podmienkach zostali, aby sa starali o deti a poskytovali im detstvo aj v \u010dasoch vojny.<\/span><\/div>\n<div dir=\"auto\">&nbsp;<\/div>\n<\/div>\n<div class=\"x11i5rnm xat24cr x1mh8g0r x1vvkbs xtlvy1s x126k92a\">\n<div dir=\"auto\"><span style=\"color: #000000;\">Projekt rekon\u0161trukcie vojnou po\u0161koden\u00fdch \u0161k\u00f4l a matersk\u00fdch \u0161k\u00f4lok je podporen\u00fd Taiwanom prostredn\u00edctvom<\/span> <strong><a class=\"x1i10hfl xjbqb8w x1ejq31n xd10rxx x1sy0etr x17r0tee x972fbf xcfux6l x1qhh985 xm0m39n x9f619 x1ypdohk xt0psk2 xe8uvvx xdj266r x11i5rnm xat24cr x1mh8g0r xexx8yu x4uap5 x18d9i69 xkhd6sd x16tdsg8 x1hl2dhg xggy1nq x1a2a7pz xt0b8zv x1fey0fg xo1l8bm\" tabindex=\"0\" role=\"link\" href=\"https:\/\/www.facebook.com\/nadaciapontis?__cft__[0]=AZVGVfbBbDwNx6zcO-sRX_Op6UJdRpxXd1KPC0o8QhU7bk7bx-YSmLPE-zfbILSaj5lFRPeKIQyPYtMeCpyu8bnuuS3BKW971o2g0cgu2wgfw61RzXA3etgP2KvNv222M2VyeMF3ziqufEK2hx6_Ux2E&amp;__tn__=-]K-R\"><span class=\"xt0psk2\">Nad\u00e1cie Pontis<\/span><\/a><\/strong>.<img decoding=\"async\" class=\" wp-image-31467 alignright\" src=\"https:\/\/www.adra.sk\/wp-content\/uploads\/2024\/03\/Logo_Pontis_SK_full1000px-300x300.png\" alt=\"\" width=\"169\" height=\"169\" srcset=\"https:\/\/www.adra.sk\/wp-content\/uploads\/2024\/03\/Logo_Pontis_SK_full1000px-300x300.png 300w, https:\/\/www.adra.sk\/wp-content\/uploads\/2024\/03\/Logo_Pontis_SK_full1000px-150x150.png 150w, https:\/\/www.adra.sk\/wp-content\/uploads\/2024\/03\/Logo_Pontis_SK_full1000px-768x768.png 768w, https:\/\/www.adra.sk\/wp-content\/uploads\/2024\/03\/Logo_Pontis_SK_full1000px-12x12.png 12w, https:\/\/www.adra.sk\/wp-content\/uploads\/2024\/03\/Logo_Pontis_SK_full1000px-100x100.png 100w, https:\/\/www.adra.sk\/wp-content\/uploads\/2024\/03\/Logo_Pontis_SK_full1000px-50x50.png 50w, https:\/\/www.adra.sk\/wp-content\/uploads\/2024\/03\/Logo_Pontis_SK_full1000px.png 1000w\" sizes=\"(max-width: 169px) 100vw, 169px\" \/><\/div>\n<div dir=\"auto\">&nbsp;<\/div>\n<div dir=\"auto\"><span style=\"color: initial;\"><strong><a href=\"http:\/\/bit.ly\/adra-pomahajme-spolu\">Podporte<\/a><\/strong> <span style=\"color: #000000;\">na\u0161u pr\u00e1cu na Ukrajine a pom\u00f4\u017eet tak \u013eu\u010fom v n\u00fadzi.<\/span><\/span><\/div>\n<div dir=\"auto\">&nbsp;<\/div>\n<\/div>\n<div class=\"x11i5rnm xat24cr x1mh8g0r x1vvkbs xtlvy1s x126k92a\">\n<div dir=\"auto\"><span style=\"color: #000000;\">\u010eakujeme<\/span><\/div>\n<\/div>\n<\/div>\n<\/div>\n<\/div>\n<\/div>\n<p><!--more--><\/p>\n\n\nngg_shortcode_0_placeholder\n\n\n\n<p><\/p>\n","protected":false},"excerpt":{"rendered":"<p>N\u00e1\u0161 kr\u00edzov\u00fd interven\u010dn\u00fd t\u00edm moment\u00e1lne pom\u00e1ha v \u010cernihivskej oblasti na severe Ukrajiny, kde pripravuje pl\u00e1n rekon\u0161trukcie odborn\u00fdch a matersk\u00fdch \u0161k\u00f4l po\u0161koden\u00fdch vojnou. &nbsp; Stretli sme sa s predstavite\u013emi miestnej samospr\u00e1vy v \u010cernihive, ktor\u00ed identifikovali zariadenia, kde je pomoc najviac potrebn\u00e1. S na\u0161im expertn\u00fdm t\u00edmom sme priamo na mieste vykonali technick\u00e9 posudky a ur\u010dili rozsah potrebn\u00fdch [&hellip;]<\/p>\n","protected":false},"author":64,"featured_media":31468,"comment_status":"closed","ping_status":"closed","sticky":false,"template":"","format":"standard","meta":{"_acf_changed":false,"ngg_post_thumbnail":0,"footnotes":""},"categories":[333],"tags":[375,332],"class_list":["post-31466","post","type-post","status-publish","format-standard","has-post-thumbnail","hentry","category-ukrajina","tag-pontis","tag-ukrajina"],"acf":[],"_links":{"self":[{"href":"https:\/\/www.adra.sk\/en\/wp-json\/wp\/v2\/posts\/31466","targetHints":{"allow":["GET"]}}],"collection":[{"href":"https:\/\/www.adra.sk\/en\/wp-json\/wp\/v2\/posts"}],"about":[{"href":"https:\/\/www.adra.sk\/en\/wp-json\/wp\/v2\/types\/post"}],"author":[{"embeddable":true,"href":"https:\/\/www.adra.sk\/en\/wp-json\/wp\/v2\/users\/64"}],"replies":[{"embeddable":true,"href":"https:\/\/www.adra.sk\/en\/wp-json\/wp\/v2\/comments?post=31466"}],"version-history":[{"count":16,"href":"https:\/\/www.adra.sk\/en\/wp-json\/wp\/v2\/posts\/31466\/revisions"}],"predecessor-version":[{"id":31508,"href":"https:\/\/www.adra.sk\/en\/wp-json\/wp\/v2\/posts\/31466\/revisions\/31508"}],"wp:featuredmedia":[{"embeddable":true,"href":"https:\/\/www.adra.sk\/en\/wp-json\/wp\/v2\/media\/31468"}],"wp:attachment":[{"href":"https:\/\/www.adra.sk\/en\/wp-json\/wp\/v2\/media?parent=31466"}],"wp:term":[{"taxonomy":"category","embeddable":true,"href":"https:\/\/www.adra.sk\/en\/wp-json\/wp\/v2\/categories?post=31466"},{"taxonomy":"post_tag","embeddable":true,"href":"https:\/\/www.adra.sk\/en\/wp-json\/wp\/v2\/tags?post=31466"}],"curies":[{"name":"wp","href":"https:\/\/api.w.org\/{rel}","templated":true}]}}