{"id":31509,"date":"2024-03-16T10:45:42","date_gmt":"2024-03-16T10:45:42","guid":{"rendered":"https:\/\/www.adra.sk\/?p=31509"},"modified":"2024-04-17T08:11:31","modified_gmt":"2024-04-17T08:11:31","slug":"pomoc-pre-ludi-v-prihranicnych-oblastiach","status":"publish","type":"post","link":"https:\/\/www.adra.sk\/en\/pomoc-pre-ludi-v-prihranicnych-oblastiach\/","title":{"rendered":"Help for people in border areas"},"content":{"rendered":"\n<h1 class=\"wp-block-heading has-vivid-green-cyan-color has-text-color\"><\/h1>\n\n\n\n<p class=\"has-black-color has-text-color\"><strong>Na\u0161a cesta do prihrani\u010dn\u00fdch oblast\u00ed Ukrajiny pokra\u010duje.<\/strong><\/p>\n\n\n\n<p><\/p>\n\n\n<div>\n<div class=\"x11i5rnm xat24cr x1mh8g0r x1vvkbs xtlvy1s x126k92a\">\n<div dir=\"auto\">\n<div class=\"\" data-block=\"true\" data-editor=\"ap2m8\" data-offset-key=\"788g7-0-0\">\n<div dir=\"auto\">\n<div class=\"x11i5rnm xat24cr x1mh8g0r x1vvkbs xtlvy1s x126k92a\">\n<div dir=\"auto\">\n<div class=\"x11i5rnm xat24cr x1mh8g0r x1vvkbs xtlvy1s x126k92a\">\n<div dir=\"auto\">\n<div class=\"x11i5rnm xat24cr x1mh8g0r x1vvkbs xtlvy1s x126k92a\">\n<div dir=\"auto\">\n<div class=\"xdj266r x11i5rnm xat24cr x1mh8g0r x1vvkbs x126k92a\">\n<div class=\"x11i5rnm xat24cr x1mh8g0r x1vvkbs xtlvy1s x126k92a\">\n<div dir=\"auto\">\n<div class=\"xdj266r x11i5rnm xat24cr x1mh8g0r x1vvkbs x126k92a\">\n<div dir=\"auto\"><span style=\"color: #000000;\">\u201eSem do prihrani\u010dnej oblasti sa dostane len ve\u013emi m\u00e1lo pomoci. Ke\u010f o nie\u010do \u017eiadame, dostaneme oby\u010dajne odpove\u010f: Ste pr\u00edli\u0161 bl\u00edzko frontovej l\u00ednii,\u201c povedala n\u00e1m starostka obce Jampi\u013e, ktor\u00e1 n\u00e1s po ukon\u010den\u00ed distrib\u00facie materi\u00e1lnej pomoci pozvala na \u010daj. N\u00e1\u0161 t\u00edm pod veden\u00edm Romana z ADRA Ukrajina, koordin\u00e1tora projektu, dopravil pomoc a\u017e sem do Jampi\u013ea. Osobne sme ju odovzdali do r\u00fak \u013eud\u00ed, na ktor\u00fdch v\u0161etci zabudli. Obec pripravila zoznam a pozvala t\u00fdch, ktor\u00ed utiekli z okolit\u00fdch obc\u00ed len s p\u00e1r vecami a na\u0161li tu do\u010dasn\u00e9 \u00fato\u010disko. V\u00e4\u010d\u0161inu skupiny tvorili \u017eeny, ktor\u00e9 sa musia postara\u0165 aj o svoje deti. Okrem bal\u00edkov potrav\u00edn a hygienick\u00fdch potrieb, na ktor\u00e9 n\u00e1m poskytla prostriedky<\/span> <strong><a class=\"x1i10hfl xjbqb8w x1ejq31n xd10rxx x1sy0etr x17r0tee x972fbf xcfux6l x1qhh985 xm0m39n x9f619 x1ypdohk xt0psk2 xe8uvvx xdj266r x11i5rnm xat24cr x1mh8g0r xexx8yu x4uap5 x18d9i69 xkhd6sd x16tdsg8 x1hl2dhg xggy1nq x1a2a7pz xt0b8zv x1fey0fg xo1l8bm\" tabindex=\"0\" role=\"link\" href=\"https:\/\/www.facebook.com\/ADRAUK?__cft__[0]=AZXnOQP4D6rbbH-dgrl75C33we2YWVjN3iLB2vUsX14BVqaW0viiT2gGVxDu_moJjyUruP59AU7iz87HckVEWchWf0jE-9F0LI_Txw80hNhWq67lkcYPTBk46aXWfwfQHfPmtAvIlGgtHM0DzYys6ooA&amp;__tn__=-]K-R\"><span class=\"xt0psk2\">ADRA Ve\u013ek\u00e1 Brit\u00e1nia<\/span><\/a><\/strong><span style=\"color: #000000;\">, sme pri pr\u00edle\u017eitosti MD\u017d odovzdali miestnym \u017een\u00e1m \u0161peci\u00e1lne bal\u00edky. Tie pre ne pripravili zamestnankyne a dobrovo\u013en\u00ed\u010dky z n\u00e1\u0161ho centra pomoci v Tren\u010d\u00edne. Ukrajinsk\u00ed dobrovo\u013en\u00edci z bratislavsk\u00e9ho centra pomoci<\/span> <strong><a class=\"x1i10hfl xjbqb8w x1ejq31n xd10rxx x1sy0etr x17r0tee x972fbf xcfux6l x1qhh985 xm0m39n x9f619 x1ypdohk xt0psk2 xe8uvvx xdj266r x11i5rnm xat24cr x1mh8g0r xexx8yu x4uap5 x18d9i69 xkhd6sd x16tdsg8 x1hl2dhg xggy1nq x1a2a7pz xt0b8zv x1fey0fg xo1l8bm\" tabindex=\"0\" role=\"link\" href=\"https:\/\/www.facebook.com\/ktopomozeukrajineAupark?__cft__[0]=AZXnOQP4D6rbbH-dgrl75C33we2YWVjN3iLB2vUsX14BVqaW0viiT2gGVxDu_moJjyUruP59AU7iz87HckVEWchWf0jE-9F0LI_Txw80hNhWq67lkcYPTBk46aXWfwfQHfPmtAvIlGgtHM0DzYys6ooA&amp;__tn__=-]K-R\"><span class=\"xt0psk2\">Kto pom\u00f4\u017ee Ukrajine Aupark<\/span><\/a><\/strong> <span style=\"color: #000000;\">zase pripravili bal\u00edky so \u0161atstvom. Nieko\u013ek\u00fdm rodin\u00e1m, ktor\u00e9 \u017eij\u00fa vo ve\u013emi \u0165a\u017ek\u00fdch podmienkach a nemaj\u00fa plynov\u00e9 k\u00farenie, sme odovzdali aj piecky na tuh\u00e9 palivo, na ktor\u00e9 n\u00e1m poskytla prostriedky<\/span> <strong><a class=\"x1i10hfl xjbqb8w x1ejq31n xd10rxx x1sy0etr x17r0tee x972fbf xcfux6l x1qhh985 xm0m39n x9f619 x1ypdohk xt0psk2 xe8uvvx xdj266r x11i5rnm xat24cr x1mh8g0r xexx8yu x4uap5 x18d9i69 xkhd6sd x16tdsg8 x1hl2dhg xggy1nq x1a2a7pz xt0b8zv x1fey0fg xo1l8bm\" tabindex=\"0\" role=\"link\" href=\"https:\/\/www.facebook.com\/adrajapan?__cft__[0]=AZXnOQP4D6rbbH-dgrl75C33we2YWVjN3iLB2vUsX14BVqaW0viiT2gGVxDu_moJjyUruP59AU7iz87HckVEWchWf0jE-9F0LI_Txw80hNhWq67lkcYPTBk46aXWfwfQHfPmtAvIlGgtHM0DzYys6ooA&amp;__tn__=-]K-R\"><span class=\"xt0psk2\">ADRA Japonsko<\/span><\/a><\/strong><span style=\"color: #000000;\">. Ke\u010f takto posp\u00e1jame sily a zdroje, vieme pom\u00e1ha\u0165 naj\u00fa\u010dinnej\u0161ie, a to je na\u0161im cie\u013eom.<\/span><\/div>\n<div dir=\"auto\">&nbsp;<\/div>\n<\/div>\n<div dir=\"auto\"><img fetchpriority=\"high\" decoding=\"async\" class=\" wp-image-31516 alignright\" src=\"https:\/\/www.adra.sk\/wp-content\/uploads\/2024\/03\/IMG-20240316-WA0023-1-300x225.jpg\" alt=\"\" width=\"500\" height=\"375\" srcset=\"https:\/\/www.adra.sk\/wp-content\/uploads\/2024\/03\/IMG-20240316-WA0023-1-300x225.jpg 300w, https:\/\/www.adra.sk\/wp-content\/uploads\/2024\/03\/IMG-20240316-WA0023-1-1024x768.jpg 1024w, https:\/\/www.adra.sk\/wp-content\/uploads\/2024\/03\/IMG-20240316-WA0023-1-768x576.jpg 768w, https:\/\/www.adra.sk\/wp-content\/uploads\/2024\/03\/IMG-20240316-WA0023-1-16x12.jpg 16w, https:\/\/www.adra.sk\/wp-content\/uploads\/2024\/03\/IMG-20240316-WA0023-1-1000x750.jpg 1000w, https:\/\/www.adra.sk\/wp-content\/uploads\/2024\/03\/IMG-20240316-WA0023-1.jpg 1280w\" sizes=\"(max-width: 500px) 100vw, 500px\" \/><\/div>\n<div class=\"x11i5rnm xat24cr x1mh8g0r x1vvkbs xtlvy1s x126k92a\">\n<div dir=\"auto\"><span style=\"color: #000000;\">Je \u0165a\u017ek\u00e9 po\u010d\u00fava\u0165 pr\u00edbehy t\u00fdchto \u013eud\u00ed. Mnoh\u00e9 \u017eeny maj\u00fa svojich mu\u017eov na fronte a denne \u010dakaj\u00fa na nejak\u00fa spr\u00e1vu, niektor\u00e9 s\u00fa u\u017e vdovy. Do\u010dasn\u00e9 \u00fato\u010disko na\u0161li v tejto malej obci, kde sa c\u00edtia relat\u00edvne bezpe\u010dne. Hovoria, \u017ee nevedia, \u010di ich domy e\u0161te stoja, alebo vedia, \u017ee u\u017e zhoreli a niet sa kam vr\u00e1ti\u0165. Nutne potrebuj\u00fa podporu a psychologick\u00fa pomoc, preto\u017ee u\u017e je toho na ne prive\u013ea. A pre\u010do \u00faplne neodi\u0161li? \u201eTu v tomto kraji sme doma. Nem\u00e1me kam \u00eds\u0165. \u010cak\u00e1me, kedy sa to skon\u010d\u00ed, a zase sa vr\u00e1time domov. Ver\u00edm, \u017ee n\u00e1\u0161 dom e\u0161te bude cel\u00fd,\u201c povedala n\u00e1m pani Daria z ne\u010falekej dediny Dru\u017eba, le\u017eiacej na hraniciach.<\/span><\/div>\n<div dir=\"auto\">&nbsp;<\/div>\n<\/div>\n<div class=\"x11i5rnm xat24cr x1mh8g0r x1vvkbs xtlvy1s x126k92a\">\n<div dir=\"auto\"><span style=\"color: #000000;\">Sprievodcu n\u00e1m rob\u00ed Valent\u00edn, vesel\u00fd star\u0161\u00ed p\u00e1n v mask\u00e1\u010doch. A\u017e nesk\u00f4r vysvitlo, \u017ee je v jednej osobe koordin\u00e1torom ADRA, miestnym pastorom cirkvi Adventistov a sl\u00fa\u017ei aj ako kapl\u00e1n v nemocniciach pri l\u00f4\u017eku chor\u00fdch a ranen\u00fdch. \u201eSom stra\u0161ne unaven\u00fd. Dennodenne \u017ei\u0165 v tomto strese je hlavne psychicky ve\u013emi n\u00e1ro\u010dn\u00e9. Ale sme tu a pom\u00e1hame, ako sa len d\u00e1.\u201c Valent\u00edn pozn\u00e1 miestne pomery a rizik\u00e1, ale hlavne potreby \u013eud\u00ed. Ka\u017ed\u00fd ho tu pozn\u00e1, a aj vojaci na kontroln\u00fdch postoch ho s \u00factou zdravia. N\u00e1\u0161 mal\u00fd konvoj ADRA tak prech\u00e1dza bez probl\u00e9mov tam, kam by sme sa za in\u00fdch okolnost\u00ed len \u0165a\u017eko dostali.<\/span><\/div>\n<div dir=\"auto\">&nbsp;<\/div>\n<\/div>\n<div dir=\"auto\"><img decoding=\"async\" class=\" wp-image-31522 alignleft\" src=\"https:\/\/www.adra.sk\/wp-content\/uploads\/2024\/03\/IMG-20240316-WA0019-246x300.jpg\" alt=\"\" width=\"438\" height=\"534\" srcset=\"https:\/\/www.adra.sk\/wp-content\/uploads\/2024\/03\/IMG-20240316-WA0019-246x300.jpg 246w, https:\/\/www.adra.sk\/wp-content\/uploads\/2024\/03\/IMG-20240316-WA0019-768x935.jpg 768w, https:\/\/www.adra.sk\/wp-content\/uploads\/2024\/03\/IMG-20240316-WA0019-10x12.jpg 10w, https:\/\/www.adra.sk\/wp-content\/uploads\/2024\/03\/IMG-20240316-WA0019.jpg 810w\" sizes=\"(max-width: 438px) 100vw, 438px\" \/><\/div>\n<div class=\"x11i5rnm xat24cr x1mh8g0r x1vvkbs xtlvy1s x126k92a\">\n<div dir=\"auto\"><span style=\"color: #000000;\">Modliteb\u0148u cirkvi Adventistov premenil na centrum pomoci a humanit\u00e1rny sklad. Dnes \u010dak\u00e1me pr\u00edchod kami\u00f3nu s humanit\u00e1rnymi bal\u00edkmi, na ktor\u00e9 n\u00e1m prispel n\u00e1\u0161 donor<\/span> <strong><a class=\"x1i10hfl xjbqb8w x1ejq31n xd10rxx x1sy0etr x17r0tee x972fbf xcfux6l x1qhh985 xm0m39n x9f619 x1ypdohk xt0psk2 xe8uvvx xdj266r x11i5rnm xat24cr x1mh8g0r xexx8yu x4uap5 x18d9i69 xkhd6sd x16tdsg8 x1hl2dhg xggy1nq x1a2a7pz xt0b8zv x1fey0fg xo1l8bm\" tabindex=\"0\" role=\"link\" href=\"https:\/\/www.facebook.com\/japanplatform?__cft__[0]=AZXnOQP4D6rbbH-dgrl75C33we2YWVjN3iLB2vUsX14BVqaW0viiT2gGVxDu_moJjyUruP59AU7iz87HckVEWchWf0jE-9F0LI_Txw80hNhWq67lkcYPTBk46aXWfwfQHfPmtAvIlGgtHM0DzYys6ooA&amp;__tn__=-]K-R\"><span class=\"xt0psk2\">Japan Platform<\/span><\/a><\/strong><span style=\"color: #000000;\">. Ako to do ich kostol\u00edka pomest\u00edme? \u201eNebojte sa, miesta m\u00e1me dos\u0165. Na pr\u00edzemie zmest\u00edme cel\u00fd kami\u00f3n, a druh\u00fd do s\u00e1ly na poschod\u00ed,\u201c uis\u0165uje n\u00e1s Valent\u00edn. Miestna cirkev m\u00e1 okolo 60 \u010dlenov, ale ostali tu u\u017e len star\u0161\u00ed \u013eudia. Mlad\u00ed utiekli do bezpe\u010dia.<\/span><\/div>\n<div dir=\"auto\">&nbsp;<\/div>\n<\/div>\n<div class=\"x11i5rnm xat24cr x1mh8g0r x1vvkbs xtlvy1s x126k92a\">\n<div dir=\"auto\"><span style=\"color: #000000;\">Sme radi, \u017ee sa pomoc dostala a\u017e sem. Poskytova\u0165 pomoc v tak\u00fdchto podmienkach je ve\u013emi zlo\u017eit\u00e9. Ke\u010f v\u0161ak po\u010dujeme pr\u00edbehy t\u00fdchto \u013eud\u00ed, vid\u00edme na vlastn\u00e9 o\u010di ich \u017eivotn\u00fa situ\u00e1ciu a potreby, d\u00e1va n\u00e1m to cel\u00e9 zmysel.<\/span><\/div>\n<\/div>\n<\/div>\n<\/div>\n<\/div>\n<\/div>\n<\/div>\n<\/div>\n<\/div>\n<\/div>\n<\/div>\n<\/div>\n<\/div>\n<\/div>\n<\/div>\n<\/div>\n<div class=\"x11i5rnm xat24cr x1mh8g0r x1vvkbs xtlvy1s x126k92a\">\n<div dir=\"auto\">\n<div class=\"x11i5rnm xat24cr x1mh8g0r x1vvkbs xtlvy1s x126k92a\">\n<div dir=\"auto\">\n<div class=\"x11i5rnm xat24cr x1mh8g0r x1vvkbs xtlvy1s x126k92a\">\n<div dir=\"auto\">&nbsp;<\/div>\n<div dir=\"auto\"><span style=\"color: initial;\"><strong><a href=\"http:\/\/bit.ly\/adra-pomahajme-spolu\">Podporte<\/a><\/strong> <span style=\"color: #000000;\">na\u0161u pr\u00e1cu na Ukrajine a pom\u00f4\u017eet tak \u013eu\u010fom v n\u00fadzi.<\/span><\/span><\/div>\n<div dir=\"auto\">&nbsp;<\/div>\n<\/div>\n<div class=\"x11i5rnm xat24cr x1mh8g0r x1vvkbs xtlvy1s x126k92a\">\n<div dir=\"auto\"><span style=\"color: #000000;\">\u010eakujeme<\/span><\/div>\n<\/div>\n<\/div>\n<\/div>\n<\/div>\n<\/div>\n<p><!--more--><\/p>\n\n\nngg_shortcode_0_placeholder\n\n\n\n<p><\/p>\n","protected":false},"excerpt":{"rendered":"<p>Na\u0161a cesta do prihrani\u010dn\u00fdch oblast\u00ed Ukrajiny pokra\u010duje. \u201eSem do prihrani\u010dnej oblasti sa dostane len ve\u013emi m\u00e1lo pomoci. Ke\u010f o nie\u010do \u017eiadame, dostaneme oby\u010dajne odpove\u010f: Ste pr\u00edli\u0161 bl\u00edzko frontovej l\u00ednii,\u201c povedala n\u00e1m starostka obce Jampi\u013e, ktor\u00e1 n\u00e1s po ukon\u010den\u00ed distrib\u00facie materi\u00e1lnej pomoci pozvala na \u010daj. N\u00e1\u0161 t\u00edm pod veden\u00edm Romana z ADRA Ukrajina, koordin\u00e1tora projektu, dopravil [&hellip;]<\/p>\n","protected":false},"author":64,"featured_media":31510,"comment_status":"closed","ping_status":"closed","sticky":false,"template":"","format":"standard","meta":{"_acf_changed":false,"ngg_post_thumbnail":0,"footnotes":""},"categories":[333],"tags":[362,332],"class_list":["post-31509","post","type-post","status-publish","format-standard","has-post-thumbnail","hentry","category-ukrajina","tag-japanplatform","tag-ukrajina"],"acf":[],"_links":{"self":[{"href":"https:\/\/www.adra.sk\/en\/wp-json\/wp\/v2\/posts\/31509","targetHints":{"allow":["GET"]}}],"collection":[{"href":"https:\/\/www.adra.sk\/en\/wp-json\/wp\/v2\/posts"}],"about":[{"href":"https:\/\/www.adra.sk\/en\/wp-json\/wp\/v2\/types\/post"}],"author":[{"embeddable":true,"href":"https:\/\/www.adra.sk\/en\/wp-json\/wp\/v2\/users\/64"}],"replies":[{"embeddable":true,"href":"https:\/\/www.adra.sk\/en\/wp-json\/wp\/v2\/comments?post=31509"}],"version-history":[{"count":14,"href":"https:\/\/www.adra.sk\/en\/wp-json\/wp\/v2\/posts\/31509\/revisions"}],"predecessor-version":[{"id":31541,"href":"https:\/\/www.adra.sk\/en\/wp-json\/wp\/v2\/posts\/31509\/revisions\/31541"}],"wp:featuredmedia":[{"embeddable":true,"href":"https:\/\/www.adra.sk\/en\/wp-json\/wp\/v2\/media\/31510"}],"wp:attachment":[{"href":"https:\/\/www.adra.sk\/en\/wp-json\/wp\/v2\/media?parent=31509"}],"wp:term":[{"taxonomy":"category","embeddable":true,"href":"https:\/\/www.adra.sk\/en\/wp-json\/wp\/v2\/categories?post=31509"},{"taxonomy":"post_tag","embeddable":true,"href":"https:\/\/www.adra.sk\/en\/wp-json\/wp\/v2\/tags?post=31509"}],"curies":[{"name":"wp","href":"https:\/\/api.w.org\/{rel}","templated":true}]}}