{"id":32440,"date":"2024-10-20T03:00:54","date_gmt":"2024-10-20T03:00:54","guid":{"rendered":"https:\/\/www.adra.sk\/?p=32440"},"modified":"2025-01-21T08:48:10","modified_gmt":"2025-01-21T08:48:10","slug":"nemocnica-v-meste-sumy","status":"publish","type":"post","link":"https:\/\/www.adra.sk\/en\/nemocnica-v-meste-sumy\/","title":{"rendered":"Hospital in Sumy"},"content":{"rendered":"<h1 class=\"wp-block-heading has-vivid-green-cyan-color has-text-color\"><\/h1>\n\n\n\n<p class=\"has-black-color has-text-color\">It has just been 20 days since the tragic attack on St Panteleimon's Hospital in Sumy, which killed 10 people and injured more than 22 others.<\/p>\n\n\n\n<p><\/p>\n\n\n<div>\n<div class=\"x11i5rnm xat24cr x1mh8g0r x1vvkbs xtlvy1s x126k92a\">\n<div dir=\"auto\">\n<div class=\"\" data-block=\"true\" data-editor=\"ap2m8\" data-offset-key=\"788g7-0-0\">\n<div dir=\"auto\">\n<div class=\"x11i5rnm xat24cr x1mh8g0r x1vvkbs xtlvy1s x126k92a\">\n<div dir=\"auto\">\n<div class=\"x11i5rnm xat24cr x1mh8g0r x1vvkbs xtlvy1s x126k92a\">\n<div dir=\"auto\">\n<div class=\"x11i5rnm xat24cr x1mh8g0r x1vvkbs xtlvy1s x126k92a\">\n<div dir=\"auto\">\n<div class=\"xdj266r x11i5rnm xat24cr x1mh8g0r x1vvkbs x126k92a\">\n<div class=\"x11i5rnm xat24cr x1mh8g0r x1vvkbs xtlvy1s x126k92a\">\n<div dir=\"auto\">\n<div class=\"x11i5rnm xat24cr x1mh8g0r x1vvkbs xtlvy1s x126k92a\">\n<div dir=\"auto\">\n<div class=\"\" data-block=\"true\" data-editor=\"134m\" data-offset-key=\"8shne-0-0\">\n<div class=\"_1mf _1mj\" data-offset-key=\"8shne-0-0\">\n<div class=\"x11i5rnm xat24cr x1mh8g0r x1vvkbs xtlvy1s x126k92a\">&nbsp;<\/div>\n<div class=\"x11i5rnm xat24cr x1mh8g0r x1vvkbs xtlvy1s x126k92a\">\n<div dir=\"auto\">\n<div class=\"x11i5rnm xat24cr x1mh8g0r x1vvkbs xtlvy1s x126k92a\">\n<div dir=\"auto\">\n<div class=\"\" data-block=\"true\" data-editor=\"ap2m8\" data-offset-key=\"788g7-0-0\">\n<div dir=\"auto\">\n<div class=\"x11i5rnm xat24cr x1mh8g0r x1vvkbs xtlvy1s x126k92a\">\n<div dir=\"auto\">\n<div class=\"x11i5rnm xat24cr x1mh8g0r x1vvkbs xtlvy1s x126k92a\">\n<div dir=\"auto\">\n<div class=\"x11i5rnm xat24cr x1mh8g0r x1vvkbs xtlvy1s x126k92a\">\n<div dir=\"auto\">\n<div class=\"xdj266r x11i5rnm xat24cr x1mh8g0r x1vvkbs x126k92a\">\n<div class=\"x11i5rnm xat24cr x1mh8g0r x1vvkbs xtlvy1s x126k92a\">\n<div dir=\"auto\">\n<div dir=\"auto\"><a href=\"https:\/\/plus.noviny.sk\/24podcast\/1004671-humanitarna-pomoc-pre-syriu?fbclid=IwY2xjawH8PH5leHRuA2FlbQIxMQABHSbJafeQemwWSPqjACU9NMv0X_GLZwTZdp9XQaVerUv1r3FIuIaFXy_NRw_aem_7HKh0xjzx5ba2MFl4AZDTA\"><span style=\"color: #000000;\"><strong>\u2192<\/strong> <\/span><\/a><strong><a href=\"https:\/\/plus.noviny.sk\/24podcast\/1004671-humanitarna-pomoc-pre-syriu?fbclid=IwY2xjawH8PH5leHRuA2FlbQIxMQABHSbJafeQemwWSPqjACU9NMv0X_GLZwTZdp9XQaVerUv1r3FIuIaFXy_NRw_aem_7HKh0xjzx5ba2MFl4AZDTA\">Listen to an interview with ADRA Director Stan Bielik about our aid in Syria on the 24 Podcast.<\/a><\/strong><\/div>\n<div dir=\"auto\">&nbsp;<\/div>\n<div class=\"x11i5rnm xat24cr x1mh8g0r x1vvkbs xtlvy1s x126k92a\">\n<div dir=\"auto\"><span style=\"color: #000000;\">Our ADRA Slovakia team is here with humanitarian aid. We are greeted in the city first thing in the morning by alarms and anti-aircraft fire. People show us a \u201eshahid\u201c in the sky, circling ominously over the city...<\/span><\/div>\n<div dir=\"auto\">&nbsp;<\/div>\n<div dir=\"auto\"><span style=\"color: #000000;\">Thanks to cooperation with partners <strong>ADRA Sweden<\/strong>, <strong>Direct to Ukraine<\/strong> and donors <strong><a href=\"https:\/\/www.onemed.se\/\">OneMed<\/a> <\/strong>we managed to obtain and transport a truckload of medical supplies worth \u20ac77,000 after a journey of more than 3,000 km.<\/span><\/div>\n<div dir=\"auto\">&nbsp;<\/div>\n<\/div>\n<div dir=\"auto\">\n<div style=\"width: 800px;\" class=\"wp-video\"><video class=\"wp-video-shortcode\" id=\"video-32440-1\" width=\"800\" height=\"451\" preload=\"metadata\" controls=\"controls\"><source type=\"video\/mp4\" src=\"https:\/\/www.adra.sk\/wp-content\/uploads\/2024\/10\/Video-WhatsApp-2024-10-18-o-14.20.50_02e67a12.mp4?_=1\" \/><a href=\"https:\/\/www.adra.sk\/wp-content\/uploads\/2024\/10\/Video-WhatsApp-2024-10-18-o-14.20.50_02e67a12.mp4\">https:\/\/www.adra.sk\/wp-content\/uploads\/2024\/10\/Video-WhatsApp-2024-10-18-o-14.20.50_02e67a12.mp4<\/a><\/video><\/div>\n<\/div>\n<div class=\"x11i5rnm xat24cr x1mh8g0r x1vvkbs xtlvy1s x126k92a\">\n<div dir=\"auto\">&nbsp;<\/div>\n<div dir=\"auto\"><span style=\"color: #000000;\"><span style=\"color: #000000;\">Hospital Director Volodimir Poceluev thanked us and said in an interview, \u201eWe have selected more than 40 items of medical supplies from OneMed's offer that we need the most at this time: various sterile and dressing materials, infusion sets and other supplies for surgery and traumatology, so that we can treat our patients in the catchment area where we are responsible for more than 200,000 people. As the area is under constant attacks, we also have to deal with a number of complicated injuries caused by gunfire, explosions or mines in both civilians and soldiers.\u201c.<\/span><\/span><\/div>\n<div dir=\"auto\">&nbsp;<\/div>\n<div dir=\"auto\"><span style=\"color: #000000;\">As the truck was too big to fit between the pavilions to the warehouse, we had to transport the pallets to the premises in our van. The team of local ADRA volunteers and the hospital staff who handled it all helped a lot.<\/span><\/div>\n<\/div>\n<div dir=\"auto\"><img fetchpriority=\"high\" decoding=\"async\" class=\"wp-image-32525 alignright\" src=\"https:\/\/www.adra.sk\/wp-content\/uploads\/2024\/10\/464196494_965048705663074_6554285185967120579_n-1-300x246.jpg\" alt=\"\" width=\"507\" height=\"416\" srcset=\"https:\/\/www.adra.sk\/wp-content\/uploads\/2024\/10\/464196494_965048705663074_6554285185967120579_n-1-300x246.jpg 300w, https:\/\/www.adra.sk\/wp-content\/uploads\/2024\/10\/464196494_965048705663074_6554285185967120579_n-1-1024x840.jpg 1024w, https:\/\/www.adra.sk\/wp-content\/uploads\/2024\/10\/464196494_965048705663074_6554285185967120579_n-1-768x630.jpg 768w, https:\/\/www.adra.sk\/wp-content\/uploads\/2024\/10\/464196494_965048705663074_6554285185967120579_n-1-1536x1260.jpg 1536w, https:\/\/www.adra.sk\/wp-content\/uploads\/2024\/10\/464196494_965048705663074_6554285185967120579_n-1-15x12.jpg 15w, https:\/\/www.adra.sk\/wp-content\/uploads\/2024\/10\/464196494_965048705663074_6554285185967120579_n-1-2000x1641.jpg 2000w, https:\/\/www.adra.sk\/wp-content\/uploads\/2024\/10\/464196494_965048705663074_6554285185967120579_n-1.jpg 2048w\" sizes=\"(max-width: 507px) 100vw, 507px\" \/><\/div>\n<div class=\"x11i5rnm xat24cr x1mh8g0r x1vvkbs xtlvy1s x126k92a\">\n<div dir=\"auto\">&nbsp;<\/div>\n<div dir=\"auto\"><span style=\"color: #000000;\">In the meantime, the hospital has already cleared out the rubble and is bricking up the large hole in the building caused by the rocket explosion. An entire floor has collapsed and it's a truly pitiful sight. A cross on the pile of rubble caught our eye, but when we got closer we discovered that it was actually a rack of charred monitors from the intensive care unit...<\/span><\/div>\n<div dir=\"auto\">&nbsp;<\/div>\n<div dir=\"auto\"><span style=\"color: #000000;\">During our visit to Ukraine, we also met with the Deputy Ambassador of the Slovak Republic to Ukraine, Mr. Juraj Sedmak, and informed him about our humanitarian aid activities in Ukraine.<\/span><\/div>\n<div dir=\"auto\"><span style=\"color: #000000;\"><img decoding=\"async\" class=\"wp-image-32462  alignleft\" src=\"https:\/\/www.adra.sk\/wp-content\/uploads\/2024\/10\/KBE_4083-scaled-e1729395071904-288x300.jpg\" alt=\"\" width=\"368\" height=\"383\" srcset=\"https:\/\/www.adra.sk\/wp-content\/uploads\/2024\/10\/KBE_4083-scaled-e1729395071904-288x300.jpg 288w, https:\/\/www.adra.sk\/wp-content\/uploads\/2024\/10\/KBE_4083-scaled-e1729395071904-982x1024.jpg 982w, https:\/\/www.adra.sk\/wp-content\/uploads\/2024\/10\/KBE_4083-scaled-e1729395071904-768x800.jpg 768w, https:\/\/www.adra.sk\/wp-content\/uploads\/2024\/10\/KBE_4083-scaled-e1729395071904-1474x1536.jpg 1474w, https:\/\/www.adra.sk\/wp-content\/uploads\/2024\/10\/KBE_4083-scaled-e1729395071904-12x12.jpg 12w, https:\/\/www.adra.sk\/wp-content\/uploads\/2024\/10\/KBE_4083-scaled-e1729395071904.jpg 1702w\" sizes=\"(max-width: 368px) 100vw, 368px\" \/><br><\/span><\/div>\n<div dir=\"auto\">&nbsp;<\/div>\n<div dir=\"auto\"><span style=\"color: #000000;\">Somehow it does not occur to us that even in the 21st century, on the European continent, hospitals are not a safe place for patients and health professionals. But we cannot solve this, so we focus on what our mission is - to help.<\/span><\/div>\n<div dir=\"auto\">&nbsp;<\/div>\n<div dir=\"auto\"><span style=\"color: #000000;\">Sirens still sounded a few times during the day and anti-aircraft battery fire could be heard in the distance, but no one paid much attention to it anymore. We just haven't got used to it yet... <\/span><\/div>\n<div dir=\"auto\">&nbsp;<\/div>\n<div dir=\"auto\"><span style=\"color: #000000;\">We leave town before dark, but these brave medics and people stay on to help.&nbsp;<\/span><\/div>\n<div dir=\"auto\">&nbsp;<\/div>\n<div dir=\"auto\"><span style=\"color: #000000;\">Thank you to the generous donors from OneMed, our colleagues from ADRA Sweden and our partners and volunteers in Ukraine, as well as to the small donors in Slovakia, whose dedication made it possible for us to transport the aid here.&nbsp;<\/span><\/div>\n<div dir=\"auto\">&nbsp;<\/div>\n<\/div>\n<div class=\"x11i5rnm xat24cr x1mh8g0r x1vvkbs xtlvy1s x126k92a\">&nbsp;<\/div>\n<div class=\"x11i5rnm xat24cr x1mh8g0r x1vvkbs xtlvy1s x126k92a\">\n<div dir=\"auto\"><span style=\"color: #000000;\">- From Sumy Stano Bielik, Director of ADRA Slovakia<\/span><\/div>\n<\/div>\n<\/div>\n<div dir=\"auto\">&nbsp;<\/div>\n<div dir=\"auto\">&nbsp;<\/div>\n<\/div>\n<div class=\"x11i5rnm xat24cr x1mh8g0r x1vvkbs xtlvy1s x126k92a\">\n<div dir=\"auto\">\n<div class=\"x11i5rnm xat24cr x1mh8g0r x1vvkbs xtlvy1s x126k92a\">\n<div dir=\"auto\">\n<div class=\"x11i5rnm xat24cr x1mh8g0r x1vvkbs xtlvy1s x126k92a\">\n<div dir=\"auto\">\n<div class=\"x11i5rnm xat24cr x1mh8g0r x1vvkbs xtlvy1s x126k92a\">\n<div dir=\"auto\"><span style=\"color: #000000;\">.<\/span><\/div>\n<\/div>\n<\/div>\n<\/div>\n<\/div>\n<\/div>\n<\/div>\n<\/div>\n<\/div>\n<\/div>\n<\/div>\n<\/div>\n<\/div>\n<\/div>\n<\/div>\n<\/div>\n<\/div>\n<\/div>\n<\/div>\n<\/div>\n<\/div>\n<\/div>\n<\/div>\n<\/div>\n<\/div>\n<\/div>\n<\/div>\n<\/div>\n<\/div>\n<\/div>\n<\/div>\n<\/div>\n<\/div>\n<\/div>\n<\/div>\n<\/div>\n<\/div>\n<\/div>\n<\/div>\nngg_shortcode_0_placeholder\n<p><span style=\"color: #000000;\"><!--more--><\/span><\/p>\n\n\n<p><\/p>","protected":false},"excerpt":{"rendered":"<p>Uplynulo pr\u00e1ve 20 dn\u00ed od tragick\u00e9ho \u00fatoku na nemocnicu Sv. Panteleimona v meste Sumy, pri ktorom zahynulo 10 \u013eud\u00ed a viac ako 22 bolo ranen\u00fdch. &nbsp; \u2192 Vypo\u010dujte si rozhovor s riadite\u013eom ADRA Stanom Bielikom o na\u0161ej pomoc v S\u00fdrii na 24 Podcast. &nbsp; N\u00e1\u0161 t\u00edm ADRA Slovensko sem prich\u00e1dza s humanit\u00e1rnou pomocou. V meste [&hellip;]<\/p>\n","protected":false},"author":11,"featured_media":32441,"comment_status":"closed","ping_status":"closed","sticky":false,"template":"","format":"standard","meta":{"_acf_changed":false,"ngg_post_thumbnail":0,"footnotes":""},"categories":[333],"tags":[332],"class_list":["post-32440","post","type-post","status-publish","format-standard","has-post-thumbnail","hentry","category-ukrajina","tag-ukrajina"],"acf":[],"_links":{"self":[{"href":"https:\/\/www.adra.sk\/en\/wp-json\/wp\/v2\/posts\/32440","targetHints":{"allow":["GET"]}}],"collection":[{"href":"https:\/\/www.adra.sk\/en\/wp-json\/wp\/v2\/posts"}],"about":[{"href":"https:\/\/www.adra.sk\/en\/wp-json\/wp\/v2\/types\/post"}],"author":[{"embeddable":true,"href":"https:\/\/www.adra.sk\/en\/wp-json\/wp\/v2\/users\/11"}],"replies":[{"embeddable":true,"href":"https:\/\/www.adra.sk\/en\/wp-json\/wp\/v2\/comments?post=32440"}],"version-history":[{"count":21,"href":"https:\/\/www.adra.sk\/en\/wp-json\/wp\/v2\/posts\/32440\/revisions"}],"predecessor-version":[{"id":32938,"href":"https:\/\/www.adra.sk\/en\/wp-json\/wp\/v2\/posts\/32440\/revisions\/32938"}],"wp:featuredmedia":[{"embeddable":true,"href":"https:\/\/www.adra.sk\/en\/wp-json\/wp\/v2\/media\/32441"}],"wp:attachment":[{"href":"https:\/\/www.adra.sk\/en\/wp-json\/wp\/v2\/media?parent=32440"}],"wp:term":[{"taxonomy":"category","embeddable":true,"href":"https:\/\/www.adra.sk\/en\/wp-json\/wp\/v2\/categories?post=32440"},{"taxonomy":"post_tag","embeddable":true,"href":"https:\/\/www.adra.sk\/en\/wp-json\/wp\/v2\/tags?post=32440"}],"curies":[{"name":"wp","href":"https:\/\/api.w.org\/{rel}","templated":true}]}}