{"id":32538,"date":"2024-10-22T07:15:54","date_gmt":"2024-10-22T07:15:54","guid":{"rendered":"https:\/\/www.adra.sk\/?p=32538"},"modified":"2024-10-30T07:22:48","modified_gmt":"2024-10-30T07:22:48","slug":"prva-eu-dobrovolnicka-je-uz-v-srbsku","status":"publish","type":"post","link":"https:\/\/www.adra.sk\/en\/prva-eu-dobrovolnicka-je-uz-v-srbsku\/","title":{"rendered":"The first EU volunteer is already in Serbia"},"content":{"rendered":"<h1 class=\"wp-block-heading has-vivid-green-cyan-color has-text-color\"><\/h1>\n\n\n\n<p class=\"has-black-color has-text-color\">Our first volunteer, Maria from Italy, has already arrived in Serbia.<\/p>\n\n\n\n<p><\/p>\n\n\n<div>\n<div class=\"x11i5rnm xat24cr x1mh8g0r x1vvkbs xtlvy1s x126k92a\">\n<div dir=\"auto\">\n<div class=\"\" data-block=\"true\" data-editor=\"ap2m8\" data-offset-key=\"788g7-0-0\">\n<div dir=\"auto\">\n<div class=\"x11i5rnm xat24cr x1mh8g0r x1vvkbs xtlvy1s x126k92a\">\n<div dir=\"auto\">\n<div class=\"x11i5rnm xat24cr x1mh8g0r x1vvkbs xtlvy1s x126k92a\">\n<div dir=\"auto\">\n<div class=\"x11i5rnm xat24cr x1mh8g0r x1vvkbs xtlvy1s x126k92a\">\n<div dir=\"auto\">\n<div class=\"xdj266r x11i5rnm xat24cr x1mh8g0r x1vvkbs x126k92a\">\n<div class=\"x11i5rnm xat24cr x1mh8g0r x1vvkbs xtlvy1s x126k92a\">\n<div dir=\"auto\">\n<div class=\"x11i5rnm xat24cr x1mh8g0r x1vvkbs xtlvy1s x126k92a\">\n<div dir=\"auto\">\n<div class=\"\" data-block=\"true\" data-editor=\"134m\" data-offset-key=\"8shne-0-0\">\n<div class=\"_1mf _1mj\" data-offset-key=\"8shne-0-0\">\n<div class=\"x11i5rnm xat24cr x1mh8g0r x1vvkbs xtlvy1s x126k92a\">\n<div class=\"xdj266r x11i5rnm xat24cr x1mh8g0r x1vvkbs x126k92a\">\n<div dir=\"auto\"><span style=\"color: #000000;\">Over the next nine months, it will work with Merhamet Sand\u017eak in Novi Pazar to develop social programmes and organise psychosocial activities for low-income communities and Serbian returnees.<\/span><\/div>\n<div dir=\"auto\"><img fetchpriority=\"high\" decoding=\"async\" class=\"wp-image-32539 alignright\" src=\"https:\/\/www.adra.sk\/wp-content\/uploads\/2024\/10\/Obrazok-WhatsApp-2024-10-16-o-20.03.52_4b772500-e1730272913965-300x201.jpg\" alt=\"\" width=\"545\" height=\"365\" srcset=\"https:\/\/www.adra.sk\/wp-content\/uploads\/2024\/10\/Obrazok-WhatsApp-2024-10-16-o-20.03.52_4b772500-e1730272913965-300x201.jpg 300w, https:\/\/www.adra.sk\/wp-content\/uploads\/2024\/10\/Obrazok-WhatsApp-2024-10-16-o-20.03.52_4b772500-e1730272913965-1024x684.jpg 1024w, https:\/\/www.adra.sk\/wp-content\/uploads\/2024\/10\/Obrazok-WhatsApp-2024-10-16-o-20.03.52_4b772500-e1730272913965-768x513.jpg 768w, https:\/\/www.adra.sk\/wp-content\/uploads\/2024\/10\/Obrazok-WhatsApp-2024-10-16-o-20.03.52_4b772500-e1730272913965-18x12.jpg 18w, https:\/\/www.adra.sk\/wp-content\/uploads\/2024\/10\/Obrazok-WhatsApp-2024-10-16-o-20.03.52_4b772500-e1730272913965.jpg 1200w\" sizes=\"(max-width: 545px) 100vw, 545px\" \/><\/div>\n<div dir=\"auto\">&nbsp;<\/div>\n<\/div>\n<div class=\"x11i5rnm xat24cr x1mh8g0r x1vvkbs xtlvy1s x126k92a\">\n<div dir=\"auto\"><span style=\"color: #000000;\">Through the European Solidarity Corps programme, we plan to send 10 more volunteers to humanitarian projects in Serbia and Uganda by 2026.<\/span><\/div>\n<div dir=\"auto\">&nbsp;<\/div>\n<\/div>\n<div class=\"x11i5rnm xat24cr x1mh8g0r x1vvkbs xtlvy1s x126k92a\">\n<div dir=\"auto\"><span style=\"color: #000000;\">We are currently looking for<\/span> <strong><a href=\"https:\/\/youth.europa.eu\/solidarity\/opportunity\/42227_en?fbclid=IwZXh0bgNhZW0CMTAAAR2aWwjUdx2oDfb5GP6SwvI4UXze8FtqHaizf70fLJZxSqIStHKf8MmKrhQ_aem_jMzFkWZ7nroKgGpFKO3Tpg\">PR and Communications Assistant<\/a><\/strong><span style=\"color: #000000;\"> for our project in Serbia! Apply if you have experience in social media management, creating communication plans and know the basics of fundraising.<\/span><\/div>\n<\/div>\n<div class=\"x11i5rnm xat24cr x1mh8g0r x1vvkbs xtlvy1s x126k92a\">\n<div dir=\"auto\">&nbsp;<\/div>\n<div dir=\"auto\"><span style=\"color: #000000;\">. . .<\/span><\/div>\n<div dir=\"auto\"><span style=\"color: #000000;\">The project \u201eHumanitarian Volunteering for Solidarity Activities\u201c (ref. 101140258), running from 1 February 2024 to 31 January 2027, is co-funded by the European Union.<\/span><\/div>\n<\/div>\n<\/div>\n<div class=\"x11i5rnm xat24cr x1mh8g0r x1vvkbs xtlvy1s x126k92a\">\n<div dir=\"auto\">\n<div class=\"x11i5rnm xat24cr x1mh8g0r x1vvkbs xtlvy1s x126k92a\">\n<div dir=\"auto\">\n<div class=\"\" data-block=\"true\" data-editor=\"ap2m8\" data-offset-key=\"788g7-0-0\">\n<div dir=\"auto\">\n<div class=\"x11i5rnm xat24cr x1mh8g0r x1vvkbs xtlvy1s x126k92a\">\n<div dir=\"auto\">\n<div class=\"x11i5rnm xat24cr x1mh8g0r x1vvkbs xtlvy1s x126k92a\">\n<div dir=\"auto\">\n<div class=\"x11i5rnm xat24cr x1mh8g0r x1vvkbs xtlvy1s x126k92a\">\n<div dir=\"auto\">\n<div class=\"xdj266r x11i5rnm xat24cr x1mh8g0r x1vvkbs x126k92a\">\n<div class=\"x11i5rnm xat24cr x1mh8g0r x1vvkbs xtlvy1s x126k92a\">\n<div dir=\"auto\">\n<p><img decoding=\"async\" class=\"aligncenter wp-image-31725\" src=\"https:\/\/www.adra.sk\/wp-content\/uploads\/2024\/05\/EU-ESC-logos.png\" alt=\"\" width=\"534\" height=\"133\" srcset=\"https:\/\/www.adra.sk\/wp-content\/uploads\/2024\/05\/EU-ESC-logos.png 450w, https:\/\/www.adra.sk\/wp-content\/uploads\/2024\/05\/EU-ESC-logos-300x75.png 300w, https:\/\/www.adra.sk\/wp-content\/uploads\/2024\/05\/EU-ESC-logos-18x4.png 18w\" sizes=\"(max-width: 534px) 100vw, 534px\" \/><\/p>\n<p>&nbsp;<\/p>\n<\/div>\n<\/div>\n<\/div>\n<\/div>\n<\/div>\n<\/div>\n<\/div>\n<\/div>\n<\/div>\n<\/div>\n<\/div>\n<\/div>\n<\/div>\n<\/div>\n<\/div>\n<\/div>\n<\/div>\n<\/div>\n<\/div>\n<\/div>\n<\/div>\n<\/div>\n<\/div>\n<\/div>\n<\/div>\n<\/div>\n<\/div>\n<\/div>\n<\/div>\n<\/div>\n<\/div>\n<\/div>\n<\/div>\n<p><span style=\"color: #000000;\"><!--more--><\/span><\/p>\n\n\n<p><\/p>","protected":false},"excerpt":{"rendered":"<p>Na\u0161a prv\u00e1 dobrovo\u013en\u00ed\u010dka, Maria z Talianska, u\u017e dorazila do Srbska. Po\u010das nasleduj\u00facich deviatich mesiacov bude spolupracova\u0165 s organiz\u00e1ciou Merhamet Sand\u017eak v Novom Pazare na rozvoji soci\u00e1lnych programov a organizovan\u00ed psychosoci\u00e1lnych aktiv\u00edt pre n\u00edzkopr\u00edjmov\u00e9 komunity a srbsk\u00fdch navr\u00e1tilcov. &nbsp; Prostredn\u00edctvom programu Eur\u00f3psky zbor solidarity pl\u00e1nujeme do roku 2026 vysla\u0165 \u010fal\u0161\u00edch 10 dobrovo\u013en\u00edkov a dobrovo\u013en\u00ed\u010dok na humanit\u00e1rne [&hellip;]<\/p>\n","protected":false},"author":64,"featured_media":32539,"comment_status":"closed","ping_status":"closed","sticky":false,"template":"","format":"standard","meta":{"_acf_changed":false,"ngg_post_thumbnail":0,"footnotes":""},"categories":[380,331],"tags":[317,330],"class_list":["post-32538","post","type-post","status-publish","format-standard","has-post-thumbnail","hentry","category-dobrovolnictvo","category-srbsko","tag-dobrovolnictvo","tag-srbsko"],"acf":[],"_links":{"self":[{"href":"https:\/\/www.adra.sk\/en\/wp-json\/wp\/v2\/posts\/32538","targetHints":{"allow":["GET"]}}],"collection":[{"href":"https:\/\/www.adra.sk\/en\/wp-json\/wp\/v2\/posts"}],"about":[{"href":"https:\/\/www.adra.sk\/en\/wp-json\/wp\/v2\/types\/post"}],"author":[{"embeddable":true,"href":"https:\/\/www.adra.sk\/en\/wp-json\/wp\/v2\/users\/64"}],"replies":[{"embeddable":true,"href":"https:\/\/www.adra.sk\/en\/wp-json\/wp\/v2\/comments?post=32538"}],"version-history":[{"count":2,"href":"https:\/\/www.adra.sk\/en\/wp-json\/wp\/v2\/posts\/32538\/revisions"}],"predecessor-version":[{"id":32541,"href":"https:\/\/www.adra.sk\/en\/wp-json\/wp\/v2\/posts\/32538\/revisions\/32541"}],"wp:featuredmedia":[{"embeddable":true,"href":"https:\/\/www.adra.sk\/en\/wp-json\/wp\/v2\/media\/32539"}],"wp:attachment":[{"href":"https:\/\/www.adra.sk\/en\/wp-json\/wp\/v2\/media?parent=32538"}],"wp:term":[{"taxonomy":"category","embeddable":true,"href":"https:\/\/www.adra.sk\/en\/wp-json\/wp\/v2\/categories?post=32538"},{"taxonomy":"post_tag","embeddable":true,"href":"https:\/\/www.adra.sk\/en\/wp-json\/wp\/v2\/tags?post=32538"}],"curies":[{"name":"wp","href":"https:\/\/api.w.org\/{rel}","templated":true}]}}