{"id":32547,"date":"2024-09-26T08:43:15","date_gmt":"2024-09-26T08:43:15","guid":{"rendered":"https:\/\/www.adra.sk\/?p=32547"},"modified":"2024-10-30T08:47:32","modified_gmt":"2024-10-30T08:47:32","slug":"pomoc-pre-zaplavene-obce","status":"publish","type":"post","link":"https:\/\/www.adra.sk\/en\/pomoc-pre-zaplavene-obce\/","title":{"rendered":"Aid for flooded villages"},"content":{"rendered":"\n<h1 class=\"wp-block-heading has-vivid-green-cyan-color has-text-color\"><\/h1>\n\n\n\n<p class=\"has-black-color has-text-color\">V povod\u0148ami zasiahnutej \u010cadci a Turzovke sme odovzdali 7 odvlh\u010dova\u010dov.<\/p>\n\n\n\n<p><\/p>\n\n\n<div>\n<div class=\"x11i5rnm xat24cr x1mh8g0r x1vvkbs xtlvy1s x126k92a\">\n<div dir=\"auto\">\n<div class=\"\" data-block=\"true\" data-editor=\"ap2m8\" data-offset-key=\"788g7-0-0\">\n<div dir=\"auto\">\n<div class=\"x11i5rnm xat24cr x1mh8g0r x1vvkbs xtlvy1s x126k92a\">\n<div dir=\"auto\">\n<div class=\"x11i5rnm xat24cr x1mh8g0r x1vvkbs xtlvy1s x126k92a\">\n<div dir=\"auto\">\n<div class=\"x11i5rnm xat24cr x1mh8g0r x1vvkbs xtlvy1s x126k92a\">\n<div dir=\"auto\">\n<div class=\"xdj266r x11i5rnm xat24cr x1mh8g0r x1vvkbs x126k92a\">\n<div class=\"x11i5rnm xat24cr x1mh8g0r x1vvkbs xtlvy1s x126k92a\">\n<div dir=\"auto\">\n<div class=\"x11i5rnm xat24cr x1mh8g0r x1vvkbs xtlvy1s x126k92a\">\n<div dir=\"auto\">\n<div class=\"\" data-block=\"true\" data-editor=\"134m\" data-offset-key=\"8shne-0-0\">\n<div class=\"_1mf _1mj\" data-offset-key=\"8shne-0-0\">\n<div class=\"x11i5rnm xat24cr x1mh8g0r x1vvkbs xtlvy1s x126k92a\">\n<div class=\"xdj266r x11i5rnm xat24cr x1mh8g0r x1vvkbs x126k92a\">\n<div class=\"xdj266r x11i5rnm xat24cr x1mh8g0r x1vvkbs x126k92a\">&nbsp;<\/div>\n<div class=\"x11i5rnm xat24cr x1mh8g0r x1vvkbs xtlvy1s x126k92a\">\n<div dir=\"auto\">\n<div class=\"xdj266r x11i5rnm xat24cr x1mh8g0r x1vvkbs x126k92a\">\n<div dir=\"auto\"><span style=\"color: #000000;\">Tieto pr\u00edstroje pom\u00f4\u017eu zatopen\u00fdm dom\u00e1cnostiam pri vysporiadan\u00ed sa s materi\u00e1lnymi \u0161kodami po opadnut\u00ed vody.<\/span><\/div>\n<div dir=\"auto\"><img fetchpriority=\"high\" decoding=\"async\" class=\" wp-image-32548 alignright\" src=\"https:\/\/www.adra.sk\/wp-content\/uploads\/2024\/10\/461304868_942346444599967_6121365028901434794_n-300x300.jpg\" alt=\"\" width=\"455\" height=\"455\"><\/div>\n<div dir=\"auto\">&nbsp;<\/div>\n<\/div>\n<div class=\"x11i5rnm xat24cr x1mh8g0r x1vvkbs xtlvy1s x126k92a\">\n<div dir=\"auto\"><span style=\"color: #000000;\">V\u010faka va\u0161ej podpore sme mohli okam\u017eite zasiahnu\u0165 priamo v oblastiach postihnut\u00fdch povod\u0148ami a pom\u00f4c\u0165 \u013eu\u010fom, ktor\u00fdch domovy boli v\u00e1\u017ene po\u0161koden\u00e9.<\/span><\/div>\n<div dir=\"auto\">&nbsp;<\/div>\n<\/div>\n<div class=\"x11i5rnm xat24cr x1mh8g0r x1vvkbs xtlvy1s x126k92a\">\n<div dir=\"auto\"><span style=\"color: #000000;\">Na\u0161a zbierka na pomoc postihnut\u00fdm dom\u00e1cnostiam na\u010falej pokra\u010duje. Ak chcete prispie\u0165, m\u00f4\u017eete tak urobi\u0165 cez n\u00e1\u0161 SOS fond na pomoc po povodniach:<\/span> <span class=\"html-span xdj266r x11i5rnm xat24cr x1mh8g0r xexx8yu x4uap5 x18d9i69 xkhd6sd x1hl2dhg x16tdsg8 x1vvkbs\"><a class=\"x1i10hfl xjbqb8w x1ejq31n xd10rxx x1sy0etr x17r0tee x972fbf xcfux6l x1qhh985 xm0m39n x9f619 x1ypdohk xt0psk2 xe8uvvx xdj266r x11i5rnm xat24cr x1mh8g0r xexx8yu x4uap5 x18d9i69 xkhd6sd x16tdsg8 x1hl2dhg xggy1nq x1a2a7pz x1sur9pj xkrqix3 x1fey0fg x1s688f\" tabindex=\"0\" role=\"link\" href=\"https:\/\/l.facebook.com\/l.php?u=https%3A%2F%2Fadra.darujme.sk%2Fadra-sos-povodne%2F%3Ffbclid%3DIwZXh0bgNhZW0CMTAAAR05VGzCyaf79PIUxXdPDm4ko9ENwQKCPBzzgPlZEGwVBV8nCOQTbgk2wrE_aem_efrtmfae_-KBM3PHbTfwaA&amp;h=AT0gnRx-LxStVKcUVQJTS_3wuAYisg1818DD681O40CyonALrnMmEgoxnmaOzTT7kv3ll5BNLhs_Bl-WoZLpKKlFVVJhm7aHk2Ob8-YmKxz4Bdbs9oeDVWxmoNKC5IoegQ&amp;__tn__=-UK-R&amp;c[0]=AT0sQ9OKfAo9NiUEB-YF-pznWMh5mZYF9m9zpmdZzFM8Kd4J3qFYBqgAOufXR-_ZnsLoK9kRTDE5llGIAycDMSW7ArlG8kDPj6zaGGitMu2km8GrcoG7FytnCRGCV5CEY95TvAZMNx_hG072d864fpyR_meJKs0U5iUQDIRupmiVbgyPipDKfbaQV9B4zjhy\" target=\"_blank\" rel=\"nofollow noopener noreferrer\">https:\/\/adra.darujme.sk\/adra-sos-povodne\/<\/a><\/span><\/div>\n<\/div>\n<div class=\"x11i5rnm xat24cr x1mh8g0r x1vvkbs xtlvy1s x126k92a\">\n<div dir=\"auto\">&nbsp;<\/div>\n<div dir=\"auto\"><span style=\"color: #000000;\">Alebo prevodom na n\u00e1\u0161 \u00fa\u010det verejnej zbierky:<\/span><\/div>\n<div dir=\"auto\">&nbsp;<\/div>\n<div dir=\"auto\"><span style=\"color: #000000;\">IBAN: SK83 8330 0000 0028 0179 0152<\/span><\/div>\n<div dir=\"auto\"><span style=\"color: #000000;\">Variabiln\u00fd symbol: 2024002<\/span><\/div>\n<\/div>\n<div class=\"x11i5rnm xat24cr x1mh8g0r x1vvkbs xtlvy1s x126k92a\">\n<div dir=\"auto\">&nbsp;<\/div>\n<div dir=\"auto\"><span style=\"color: #000000;\">\u010eakujeme za ka\u017ed\u00fa pomoc!<\/span><\/div>\n<\/div>\n<\/div>\n<\/div>\n<\/div>\n<\/div>\n<div class=\"x11i5rnm xat24cr x1mh8g0r x1vvkbs xtlvy1s x126k92a\">\n<div dir=\"auto\">\n<div class=\"x11i5rnm xat24cr x1mh8g0r x1vvkbs xtlvy1s x126k92a\">\n<div dir=\"auto\">\n<div class=\"\" data-block=\"true\" data-editor=\"ap2m8\" data-offset-key=\"788g7-0-0\">\n<div dir=\"auto\">\n<div class=\"x11i5rnm xat24cr x1mh8g0r x1vvkbs xtlvy1s x126k92a\">\n<div dir=\"auto\">\n<div class=\"x11i5rnm xat24cr x1mh8g0r x1vvkbs xtlvy1s x126k92a\">\n<div dir=\"auto\">\n<div class=\"x11i5rnm xat24cr x1mh8g0r x1vvkbs xtlvy1s x126k92a\">\n<div dir=\"auto\">\n<div class=\"xdj266r x11i5rnm xat24cr x1mh8g0r x1vvkbs x126k92a\">\n<div class=\"x11i5rnm xat24cr x1mh8g0r x1vvkbs xtlvy1s x126k92a\">\n<div dir=\"auto\">\n<p>&nbsp;<\/p>\n<p>&nbsp;<\/p>\n<\/div>\n<\/div>\n<\/div>\n<\/div>\n<\/div>\n<\/div>\n<\/div>\n<\/div>\n<\/div>\n<\/div>\n<\/div>\n<\/div>\n<\/div>\n<\/div>\n<\/div>\n<\/div>\n<\/div>\n<\/div>\n<\/div>\n<\/div>\n<\/div>\n<\/div>\n<\/div>\n<\/div>\n<\/div>\n<\/div>\n<\/div>\n<\/div>\n<\/div>\n<\/div>\n<\/div>\n<\/div>\n<\/div>\n<p><span style=\"color: #000000;\"><!--more--><\/span><\/p>\n\n\n<p><\/p>\n","protected":false},"excerpt":{"rendered":"<p>V povod\u0148ami zasiahnutej \u010cadci a Turzovke sme odovzdali 7 odvlh\u010dova\u010dov. &nbsp; Tieto pr\u00edstroje pom\u00f4\u017eu zatopen\u00fdm dom\u00e1cnostiam pri vysporiadan\u00ed sa s materi\u00e1lnymi \u0161kodami po opadnut\u00ed vody. &nbsp; V\u010faka va\u0161ej podpore sme mohli okam\u017eite zasiahnu\u0165 priamo v oblastiach postihnut\u00fdch povod\u0148ami a pom\u00f4c\u0165 \u013eu\u010fom, ktor\u00fdch domovy boli v\u00e1\u017ene po\u0161koden\u00e9. &nbsp; Na\u0161a zbierka na pomoc postihnut\u00fdm dom\u00e1cnostiam na\u010falej pokra\u010duje. [&hellip;]<\/p>\n","protected":false},"author":64,"featured_media":32548,"comment_status":"closed","ping_status":"closed","sticky":false,"template":"","format":"standard","meta":{"_acf_changed":false,"ngg_post_thumbnail":0,"footnotes":""},"categories":[288],"tags":[341,371],"class_list":["post-32547","post","type-post","status-publish","format-standard","has-post-thumbnail","hentry","category-na-slovensku","tag-slovensko","tag-zaplavy"],"acf":[],"_links":{"self":[{"href":"https:\/\/www.adra.sk\/en\/wp-json\/wp\/v2\/posts\/32547","targetHints":{"allow":["GET"]}}],"collection":[{"href":"https:\/\/www.adra.sk\/en\/wp-json\/wp\/v2\/posts"}],"about":[{"href":"https:\/\/www.adra.sk\/en\/wp-json\/wp\/v2\/types\/post"}],"author":[{"embeddable":true,"href":"https:\/\/www.adra.sk\/en\/wp-json\/wp\/v2\/users\/64"}],"replies":[{"embeddable":true,"href":"https:\/\/www.adra.sk\/en\/wp-json\/wp\/v2\/comments?post=32547"}],"version-history":[{"count":2,"href":"https:\/\/www.adra.sk\/en\/wp-json\/wp\/v2\/posts\/32547\/revisions"}],"predecessor-version":[{"id":32551,"href":"https:\/\/www.adra.sk\/en\/wp-json\/wp\/v2\/posts\/32547\/revisions\/32551"}],"wp:featuredmedia":[{"embeddable":true,"href":"https:\/\/www.adra.sk\/en\/wp-json\/wp\/v2\/media\/32548"}],"wp:attachment":[{"href":"https:\/\/www.adra.sk\/en\/wp-json\/wp\/v2\/media?parent=32547"}],"wp:term":[{"taxonomy":"category","embeddable":true,"href":"https:\/\/www.adra.sk\/en\/wp-json\/wp\/v2\/categories?post=32547"},{"taxonomy":"post_tag","embeddable":true,"href":"https:\/\/www.adra.sk\/en\/wp-json\/wp\/v2\/tags?post=32547"}],"curies":[{"name":"wp","href":"https:\/\/api.w.org\/{rel}","templated":true}]}}