{"id":32552,"date":"2024-09-26T08:50:44","date_gmt":"2024-09-26T08:50:44","guid":{"rendered":"https:\/\/www.adra.sk\/?p=32552"},"modified":"2024-10-30T08:54:24","modified_gmt":"2024-10-30T08:54:24","slug":"navsteva-nasej-adra-farmy-v-ugande","status":"publish","type":"post","link":"https:\/\/www.adra.sk\/en\/navsteva-nasej-adra-farmy-v-ugande\/","title":{"rendered":"A visit to our ADRA farm in Uganda"},"content":{"rendered":"\n<h1 class=\"wp-block-heading has-vivid-green-cyan-color has-text-color\"><\/h1>\n\n\n\n<p class=\"has-black-color has-text-color\">V Ugande sme sa stretli s \u013eu\u010fmi, ktor\u00ed ako ute\u010denci z Konga, Ju\u017en\u00e9ho Sud\u00e1nu, Burundi a Rwandy \u017eij\u00fa v t\u00e1bore Kyaka II.<\/p>\n\n\n\n<p><\/p>\n\n\n<div>\n<div class=\"x11i5rnm xat24cr x1mh8g0r x1vvkbs xtlvy1s x126k92a\">\n<div dir=\"auto\">\n<div class=\"\" data-block=\"true\" data-editor=\"ap2m8\" data-offset-key=\"788g7-0-0\">\n<div dir=\"auto\">\n<div class=\"x11i5rnm xat24cr x1mh8g0r x1vvkbs xtlvy1s x126k92a\">\n<div dir=\"auto\">\n<div class=\"x11i5rnm xat24cr x1mh8g0r x1vvkbs xtlvy1s x126k92a\">\n<div dir=\"auto\">\n<div class=\"x11i5rnm xat24cr x1mh8g0r x1vvkbs xtlvy1s x126k92a\">\n<div dir=\"auto\">\n<div class=\"xdj266r x11i5rnm xat24cr x1mh8g0r x1vvkbs x126k92a\">\n<div class=\"x11i5rnm xat24cr x1mh8g0r x1vvkbs xtlvy1s x126k92a\">\n<div dir=\"auto\">\n<div class=\"x11i5rnm xat24cr x1mh8g0r x1vvkbs xtlvy1s x126k92a\">\n<div dir=\"auto\">\n<div class=\"\" data-block=\"true\" data-editor=\"134m\" data-offset-key=\"8shne-0-0\">\n<div class=\"_1mf _1mj\" data-offset-key=\"8shne-0-0\">\n<div class=\"x11i5rnm xat24cr x1mh8g0r x1vvkbs xtlvy1s x126k92a\">\n<div class=\"xdj266r x11i5rnm xat24cr x1mh8g0r x1vvkbs x126k92a\">\n<div class=\"xdj266r x11i5rnm xat24cr x1mh8g0r x1vvkbs x126k92a\">&nbsp;<\/div>\n<div class=\"x11i5rnm xat24cr x1mh8g0r x1vvkbs xtlvy1s x126k92a\">\n<div dir=\"auto\"><span style=\"color: #000000;\">Tieto stretnutia s\u00fa pln\u00e9 zmie\u0161an\u00fdch pocitov, preto\u017ee ka\u017ed\u00fd z nich m\u00e1 svoj jedine\u010dn\u00fd a \u010dasto ve\u013emi \u0165a\u017ek\u00fd pr\u00edbeh. \u201eSme radi, \u017ee aspo\u0148 niektor\u00fdm m\u00f4\u017eeme pom\u00e1ha\u0165 aj v\u010faka va\u0161ej podpore,\u201c vrav\u00ed n\u00e1\u0161 riadite\u013e Stano Bielik, ktor\u00fd pravidelne nav\u0161tevuje na\u0161e projekty v Ugande a dohliada na to, aby sa v\u0161etky aktivity vyv\u00edjali pod\u013ea pl\u00e1nu.<\/span><\/div>\n<div dir=\"auto\">&nbsp;<\/div>\n<div dir=\"auto\">\n<div class=\"xdj266r x11i5rnm xat24cr x1mh8g0r x1vvkbs x126k92a\">\n<div dir=\"auto\"><span style=\"color: #000000;\"><img fetchpriority=\"high\" decoding=\"async\" class=\" wp-image-32561 alignleft\" src=\"https:\/\/www.adra.sk\/wp-content\/uploads\/2024\/09\/461232098_941773407990604_2619835277455637746_n-300x223.jpg\" alt=\"\" width=\"560\" height=\"416\" srcset=\"https:\/\/www.adra.sk\/wp-content\/uploads\/2024\/09\/461232098_941773407990604_2619835277455637746_n-300x223.jpg 300w, https:\/\/www.adra.sk\/wp-content\/uploads\/2024\/09\/461232098_941773407990604_2619835277455637746_n-1024x761.jpg 1024w, https:\/\/www.adra.sk\/wp-content\/uploads\/2024\/09\/461232098_941773407990604_2619835277455637746_n-768x571.jpg 768w, https:\/\/www.adra.sk\/wp-content\/uploads\/2024\/09\/461232098_941773407990604_2619835277455637746_n-1536x1141.jpg 1536w, https:\/\/www.adra.sk\/wp-content\/uploads\/2024\/09\/461232098_941773407990604_2619835277455637746_n-16x12.jpg 16w, https:\/\/www.adra.sk\/wp-content\/uploads\/2024\/09\/461232098_941773407990604_2619835277455637746_n.jpg 1992w\" sizes=\"(max-width: 560px) 100vw, 560px\" \/><\/span><\/div>\n<\/div>\n<div class=\"x11i5rnm xat24cr x1mh8g0r x1vvkbs xtlvy1s x126k92a\">\n<div dir=\"auto\"><span style=\"color: #000000;\">Na na\u0161ej ADRA farme budujeme nov\u00e9 hospod\u00e1rske budovy pre kozy&nbsp;a kravy aby sme mohli zabezpe\u010di\u0165 mlieko pre \u0161koly a nemocnicu. Pr\u00e1ve teraz prebieha \u0161kolenie pre mal\u00fdch farm\u00e1rov, ktor\u00fdm sme poskytli semen\u00e1 a n\u00e1radie, aby si mohli vypestova\u0165 vlastn\u00fa \u00farodu.<\/span><\/div>\n<div dir=\"auto\">&nbsp;<\/div>\n<\/div>\n<div class=\"x11i5rnm xat24cr x1mh8g0r x1vvkbs xtlvy1s x126k92a\">\n<div dir=\"auto\"><span style=\"color: #000000;\">Nav\u0161t\u00edvili sme aj n\u00e1\u0161 program HELPKIDS, prostredn\u00edctvom ktor\u00e9ho m\u00f4\u017eete aj vy venova\u0165 vzdelanie de\u0165om v ute\u010deneckom t\u00e1bore. Stretli sme sa s rodinami det\u00ed, ktor\u00e9 s\u00fa s\u00fa\u010das\u0165ou programu, a videli sme, ak\u00fd obrovsk\u00fd dopad m\u00e1 va\u0161a podpora.<\/span><\/div>\n<div dir=\"auto\">&nbsp;<\/div>\n<\/div>\n<div class=\"x11i5rnm xat24cr x1mh8g0r x1vvkbs xtlvy1s x126k92a\">\n<div dir=\"auto\"><span style=\"color: #000000;\">Na\u0161a cesta sa pomaly bl\u00ed\u017ei ku koncu, no e\u0161te n\u00e1s \u010dak\u00e1 nieko\u013eko d\u00f4le\u017eit\u00fdch n\u00e1v\u0161tev a stretnut\u00ed, o ktor\u00fdch v\u00e1s budeme informova\u0165 u\u017e zajtra.<\/span><\/div>\n<div dir=\"auto\">&nbsp;<\/div>\n<\/div>\n<div class=\"x11i5rnm xat24cr x1mh8g0r x1vvkbs xtlvy1s x126k92a\">\n<div dir=\"auto\"><span style=\"color: #000000;\">Podporte n\u00e1\u0161 farm\u00e1rsky projekt:<\/span> <span class=\"html-span xdj266r x11i5rnm xat24cr x1mh8g0r xexx8yu x4uap5 x18d9i69 xkhd6sd x1hl2dhg x16tdsg8 x1vvkbs\"><a class=\"x1i10hfl xjbqb8w x1ejq31n xd10rxx x1sy0etr x17r0tee x972fbf xcfux6l x1qhh985 xm0m39n x9f619 x1ypdohk xt0psk2 xe8uvvx xdj266r x11i5rnm xat24cr x1mh8g0r xexx8yu x4uap5 x18d9i69 xkhd6sd x16tdsg8 x1hl2dhg xggy1nq x1a2a7pz x1sur9pj xkrqix3 x1fey0fg x1s688f\" tabindex=\"0\" role=\"link\" href=\"https:\/\/l.facebook.com\/l.php?u=https%3A%2F%2Fbit.ly%2Fadra-pomahajme-spolu%3Ffbclid%3DIwZXh0bgNhZW0CMTAAAR3pFLWGHQ9orVvSU5VIBb0sYJ_ecjMxYb6laPEllrdEHGXUKaV8bBidiVI_aem_DCBoyLV3T2FJewozRbqCtA&amp;h=AT2FtbR9MK0tzJ2-m5Ah4kAgKAxcK2RsLSOgdGCg3PW8S181Rhti3gJi0bA9ZALcs0tRZqUCfGHw5OBISA-YIVWt_y76pqUo1L2qBwhK9fbd8wuCZ_I3Earu17czvH5DYA&amp;__tn__=-UK-R&amp;c[0]=AT12DGeCV2hgFpwlz5Uf-rgfEbjTt0GA3zigpMX9cxs6vAb9pLR5TU0JP8aLegsg1jySWEET1sK_Qp0vF9CT8IqMygvG0KeUjQhta7LzrMeC5wTWk2LjeYjszcdwBDM2ZcVsCwIyWM1H5znJ_oOOOjhgN9ysEqGcPciP3947AOclEkLhcaJpfjbEgNhvkrKq\" target=\"_blank\" rel=\"nofollow noopener noreferrer\">http:\/\/bit.ly\/adra-pomahajme-spolu<\/a><\/span><\/div>\n<div dir=\"auto\">&nbsp;<\/div>\n<div dir=\"auto\"><span style=\"color: #000000;\">Venujte vzdelanie prostredn\u00edctvom programu HelpKids:<\/span> <span class=\"html-span xdj266r x11i5rnm xat24cr x1mh8g0r xexx8yu x4uap5 x18d9i69 xkhd6sd x1hl2dhg x16tdsg8 x1vvkbs\"><a class=\"x1i10hfl xjbqb8w x1ejq31n xd10rxx x1sy0etr x17r0tee x972fbf xcfux6l x1qhh985 xm0m39n x9f619 x1ypdohk xt0psk2 xe8uvvx xdj266r x11i5rnm xat24cr x1mh8g0r xexx8yu x4uap5 x18d9i69 xkhd6sd x16tdsg8 x1hl2dhg xggy1nq x1a2a7pz x1sur9pj xkrqix3 x1fey0fg x1s688f\" tabindex=\"0\" role=\"link\" href=\"https:\/\/l.facebook.com\/l.php?u=https%3A%2F%2Fwww.adra.sk%2Fako-pomahame%2Fvo-svete%2Fhelp_kids%2F%3Ffbclid%3DIwZXh0bgNhZW0CMTAAAR3yQ2ZZrxx0kAG8kQNfWykWxCVtk5H1UF9w7WanuildVc4Ze4Ml9eKPkEc_aem_xSQCxv00KeW_Vd9wMaug_w&amp;h=AT066ygv-c2LfUg-5JGCswANlCvvQM2tk9VdsqdE1KSpcip8lLYAXPaEt0G95c389gFWj-MvUw74MTgIC9hFWM-bcQQVTBAvVBZJKESkpT24RFUxr0SapY4H4vwBawj4Vw&amp;__tn__=-UK-R&amp;c[0]=AT12DGeCV2hgFpwlz5Uf-rgfEbjTt0GA3zigpMX9cxs6vAb9pLR5TU0JP8aLegsg1jySWEET1sK_Qp0vF9CT8IqMygvG0KeUjQhta7LzrMeC5wTWk2LjeYjszcdwBDM2ZcVsCwIyWM1H5znJ_oOOOjhgN9ysEqGcPciP3947AOclEkLhcaJpfjbEgNhvkrKq\" target=\"_blank\" rel=\"nofollow noopener noreferrer\">https:\/\/www.adra.sk\/ako-pomahame\/vo-svete\/help_kids\/<\/a><\/span><\/div>\n<\/div>\n<div class=\"x11i5rnm xat24cr x1mh8g0r x1vvkbs xtlvy1s x126k92a\">\n<div dir=\"auto\">&nbsp;<\/div>\n<div dir=\"auto\"><span style=\"color: #000000;\">\u010eakujeme za va\u0161u podporu!<\/span><\/div>\n<\/div>\n<\/div>\n<\/div>\n<\/div>\n<\/div>\n<div class=\"x11i5rnm xat24cr x1mh8g0r x1vvkbs xtlvy1s x126k92a\">\n<div dir=\"auto\">\n<div class=\"x11i5rnm xat24cr x1mh8g0r x1vvkbs xtlvy1s x126k92a\">\n<div dir=\"auto\">\n<div class=\"\" data-block=\"true\" data-editor=\"ap2m8\" data-offset-key=\"788g7-0-0\">\n<div dir=\"auto\">\n<div class=\"x11i5rnm xat24cr x1mh8g0r x1vvkbs xtlvy1s x126k92a\">\n<div dir=\"auto\">\n<div class=\"x11i5rnm xat24cr x1mh8g0r x1vvkbs xtlvy1s x126k92a\">\n<div dir=\"auto\">\n<div class=\"x11i5rnm xat24cr x1mh8g0r x1vvkbs xtlvy1s x126k92a\">\n<div dir=\"auto\">\n<div class=\"xdj266r x11i5rnm xat24cr x1mh8g0r x1vvkbs x126k92a\">\n<div class=\"x11i5rnm xat24cr x1mh8g0r x1vvkbs xtlvy1s x126k92a\">\n<div dir=\"auto\">\n<p>&nbsp;<\/p>\n<p>&nbsp;<\/p>\n<\/div>\n<\/div>\n<\/div>\n<\/div>\n<\/div>\n<\/div>\n<\/div>\n<\/div>\n<\/div>\n<\/div>\n<\/div>\n<\/div>\n<\/div>\n<\/div>\n<\/div>\n<\/div>\n<\/div>\n<\/div>\n<\/div>\n<\/div>\n<\/div>\n<\/div>\n<\/div>\n<\/div>\n<\/div>\n<\/div>\n<\/div>\n<\/div>\n<\/div>\n<\/div>\n<\/div>\n<\/div>\n<\/div>\n<p><span style=\"color: #000000;\"><!--more--><\/span><\/p>\n\n\n<p><\/p>\n","protected":false},"excerpt":{"rendered":"<p>V Ugande sme sa stretli s \u013eu\u010fmi, ktor\u00ed ako ute\u010denci z Konga, Ju\u017en\u00e9ho Sud\u00e1nu, Burundi a Rwandy \u017eij\u00fa v t\u00e1bore Kyaka II. &nbsp; Tieto stretnutia s\u00fa pln\u00e9 zmie\u0161an\u00fdch pocitov, preto\u017ee ka\u017ed\u00fd z nich m\u00e1 svoj jedine\u010dn\u00fd a \u010dasto ve\u013emi \u0165a\u017ek\u00fd pr\u00edbeh. \u201eSme radi, \u017ee aspo\u0148 niektor\u00fdm m\u00f4\u017eeme pom\u00e1ha\u0165 aj v\u010faka va\u0161ej podpore,\u201c vrav\u00ed n\u00e1\u0161 riadite\u013e [&hellip;]<\/p>\n","protected":false},"author":64,"featured_media":32553,"comment_status":"closed","ping_status":"closed","sticky":false,"template":"","format":"standard","meta":{"_acf_changed":false,"ngg_post_thumbnail":0,"footnotes":""},"categories":[305],"tags":[322],"class_list":["post-32552","post","type-post","status-publish","format-standard","has-post-thumbnail","hentry","category-uganda","tag-uganda"],"acf":[],"_links":{"self":[{"href":"https:\/\/www.adra.sk\/en\/wp-json\/wp\/v2\/posts\/32552","targetHints":{"allow":["GET"]}}],"collection":[{"href":"https:\/\/www.adra.sk\/en\/wp-json\/wp\/v2\/posts"}],"about":[{"href":"https:\/\/www.adra.sk\/en\/wp-json\/wp\/v2\/types\/post"}],"author":[{"embeddable":true,"href":"https:\/\/www.adra.sk\/en\/wp-json\/wp\/v2\/users\/64"}],"replies":[{"embeddable":true,"href":"https:\/\/www.adra.sk\/en\/wp-json\/wp\/v2\/comments?post=32552"}],"version-history":[{"count":9,"href":"https:\/\/www.adra.sk\/en\/wp-json\/wp\/v2\/posts\/32552\/revisions"}],"predecessor-version":[{"id":32566,"href":"https:\/\/www.adra.sk\/en\/wp-json\/wp\/v2\/posts\/32552\/revisions\/32566"}],"wp:featuredmedia":[{"embeddable":true,"href":"https:\/\/www.adra.sk\/en\/wp-json\/wp\/v2\/media\/32553"}],"wp:attachment":[{"href":"https:\/\/www.adra.sk\/en\/wp-json\/wp\/v2\/media?parent=32552"}],"wp:term":[{"taxonomy":"category","embeddable":true,"href":"https:\/\/www.adra.sk\/en\/wp-json\/wp\/v2\/categories?post=32552"},{"taxonomy":"post_tag","embeddable":true,"href":"https:\/\/www.adra.sk\/en\/wp-json\/wp\/v2\/tags?post=32552"}],"curies":[{"name":"wp","href":"https:\/\/api.w.org\/{rel}","templated":true}]}}