{"id":32723,"date":"2024-12-11T21:21:16","date_gmt":"2024-12-11T21:21:16","guid":{"rendered":"https:\/\/www.adra.sk\/?p=32723"},"modified":"2024-12-11T21:24:51","modified_gmt":"2024-12-11T21:24:51","slug":"beneficny-koncert-spolu-za-pokoj","status":"publish","type":"post","link":"https:\/\/www.adra.sk\/en\/beneficny-koncert-spolu-za-pokoj\/","title":{"rendered":"Charity concert \u201eTogether for Peace\u201c"},"content":{"rendered":"\n<h1 class=\"wp-block-heading has-vivid-green-cyan-color has-text-color\"><\/h1>\n\n\n\n<p class=\"has-black-color has-text-color\"><strong>22.12.2024 o 16:00 v Gr\u00e9ckokatol\u00edckom chr\u00e1me sv. Cyrila a Metoda v Tren\u010d\u00edne<\/strong>.<\/p>\n\n\n\n<p><\/p>\n\n\n<div>\n<div class=\"x11i5rnm xat24cr x1mh8g0r x1vvkbs xtlvy1s x126k92a\">\n<div dir=\"auto\">\n<div class=\"\" data-block=\"true\" data-editor=\"ap2m8\" data-offset-key=\"788g7-0-0\">\n<div dir=\"auto\">\n<div class=\"x11i5rnm xat24cr x1mh8g0r x1vvkbs xtlvy1s x126k92a\">\n<div dir=\"auto\">\n<div class=\"x11i5rnm xat24cr x1mh8g0r x1vvkbs xtlvy1s x126k92a\">\n<div dir=\"auto\">\n<div class=\"x11i5rnm xat24cr x1mh8g0r x1vvkbs xtlvy1s x126k92a\">\n<div dir=\"auto\">\n<div class=\"xdj266r x11i5rnm xat24cr x1mh8g0r x1vvkbs x126k92a\">\n<div class=\"x11i5rnm xat24cr x1mh8g0r x1vvkbs xtlvy1s x126k92a\">\n<div dir=\"auto\">\n<div class=\"x11i5rnm xat24cr x1mh8g0r x1vvkbs xtlvy1s x126k92a\">\n<div dir=\"auto\">\n<div class=\"\" data-block=\"true\" data-editor=\"134m\" data-offset-key=\"8shne-0-0\">\n<div class=\"_1mf _1mj\" data-offset-key=\"8shne-0-0\">\n<div class=\"x11i5rnm xat24cr x1mh8g0r x1vvkbs xtlvy1s x126k92a\">\n<div class=\"x11i5rnm xat24cr x1mh8g0r x1vvkbs xtlvy1s x126k92a\">\n<div dir=\"auto\">\n<div class=\"x11i5rnm xat24cr x1mh8g0r x1vvkbs xtlvy1s x126k92a\">\n<div dir=\"auto\">\n<div class=\"xdj266r x11i5rnm xat24cr x1mh8g0r x1vvkbs\"><span style=\"color: #000000;\">Poz\u00fdvame v\u00e1s na <strong><a href=\"https:\/\/www.facebook.com\/share\/14iCDcC4Lwy\/\">benefi\u010dn\u00fd koncert &#8222;Spolu za pokoj&#8220;<\/a><\/strong>, ktor\u00fd organizujeme v spolupr\u00e1ci s Gr\u00e9ckokatol\u00edckou farnos\u0165ou v Tren\u010d\u00edne.<\/span><\/div>\n<div>&nbsp;<\/div>\n<div class=\"x11i5rnm xat24cr x1mh8g0r x1vvkbs xtlvy1s\"><span style=\"color: #000000;\">Koncert m\u00e1 vo\u013en\u00fd vstup, no dobrovo\u013en\u00e9 pr\u00edspevky bud\u00fa venovan\u00e9 na pomoc obetiam vojny na Ukrajine.<\/span><\/div>\n<div>&nbsp;<\/div>\n<div class=\"x11i5rnm xat24cr x1mh8g0r x1vvkbs xtlvy1s\"><span style=\"color: #000000;\">Oksana Kozun-Turcer je kres\u0165ansk\u00e1 spev\u00e1\u010dka, zn\u00e1ma ako interpretka, autorka textov, skladate\u013eka, scen\u00e1ristka a vok\u00e1lna pedagogi\u010dka. Jej piesne sa dot\u00fdkaj\u00fa du\u0161e, preto\u017ee jej \u017eivotn\u00fdm kr\u00e9dom je sl\u00fa\u017ei\u0165 Bohu a \u013eu\u010fom prostredn\u00edctvom svojho talentu. Ka\u017ed\u00e1 piese\u0148 je odrazom osobn\u00fdch sk\u00fasenost\u00ed, v\u00ed\u0165azstiev a l\u00e1sky, no z\u00e1rove\u0148 aj t\u00fa\u017ebou pom\u00f4c\u0165 t\u00fdm, ktor\u00ed sa ocitli v \u0165a\u017ek\u00fdch \u017eivotn\u00fdch situ\u00e1ci\u00e1ch.<\/span><\/div>\n<div>&nbsp;<\/div>\n<div class=\"x11i5rnm xat24cr x1mh8g0r x1vvkbs xtlvy1s\"><span style=\"color: #000000;\">Aj tento koncert je charitat\u00edvny a Oksana sa n\u00edm op\u00e4\u0165 sna\u017e\u00ed podpori\u0165 svoju krajinu a rodiny na Ukrajine. Sme jej v\u010fa\u010dn\u00ed za jej starostliv\u00e9 srdce a ochotu poda\u0165 pomocn\u00fa ruku.<\/span><\/div>\n<div>&nbsp;<\/div>\n<div class=\"x11i5rnm xat24cr x1mh8g0r x1vvkbs xtlvy1s\"><span style=\"color: #000000;\">. . .<\/span><br class=\"html-br\"><span style=\"color: #000000;\">Venujte charitat\u00edvny pr\u00edspevok e\u0161te dnes:<\/span><br class=\"html-br\"><a class=\"x1i10hfl xjbqb8w x1ejq31n xd10rxx x1sy0etr x17r0tee x972fbf xcfux6l x1qhh985 xm0m39n x9f619 x1ypdohk xt0psk2 xe8uvvx xdj266r x11i5rnm xat24cr x1mh8g0r xexx8yu x4uap5 x18d9i69 xkhd6sd x16tdsg8 x1hl2dhg xggy1nq x1a2a7pz x1sur9pj xkrqix3 x1fey0fg x1s688f\" tabindex=\"0\" role=\"link\" href=\"https:\/\/l.facebook.com\/l.php?u=https%3A%2F%2Fbit.ly%2Fadra-pomahajme-spolu%3Ffbclid%3DIwZXh0bgNhZW0CMTAAAR23hEgLs1wyk_-ROTknqprN2snyhWDbWwqjd5HxAJpLb_pfdD8UopXVJhA_aem_YjiKGlDe2JY40lrSK7LJsw&amp;h=AT0mZAeLJjmXSw4-LSaaphYMQ8q_lDZ3DYO0mvHhHOlokAZ3NND0mIU8phnnOF-GQkxNrpDsPXI37u6bSo9Xjo4cbo5yWrISHwYP6EqUF14NbLx5KlmX3xFWGs95aejy1w&amp;__tn__=q&amp;c[0]=AT2xaruSoAkMUDpd0_8rF0LFCEMvN5rF2gZZtjyxrsuOJSyynOpobnJdXeJhKlT6nv1TpGsz9GmiPWGmo60ZQ24P4kISQ7Dzzv4dN0qz-jSpIOLlfICF5loxtTYNxWi0HCWYAnXBsv7zC4N4m-BPXExGuRoGs1ZpQovYGQ\" target=\"_blank\" rel=\"nofollow noopener noreferrer\">http:\/\/bit.ly\/adra-pomahajme-spolu<\/a>&nbsp;<\/div>\n<\/div>\n<\/div>\n<\/div>\n<div dir=\"auto\">&nbsp;<\/div>\n<\/div>\n<\/div>\n<\/div>\n<\/div>\n<div>&nbsp;<\/div>\n<\/div>\n<\/div>\n<\/div>\n<\/div>\n<\/div>\n<\/div>\n<\/div>\n<\/div>\n<\/div>\n<\/div>\n<\/div>\n<\/div>\n<\/div>\n<\/div>\n<\/div>\n<\/div>\n<p><span style=\"color: #000000;\"><!--more--><\/span><\/p>\n\n\n<p><\/p>\n","protected":false},"excerpt":{"rendered":"<p>22.12.2024 o 16:00 v Gr\u00e9ckokatol\u00edckom chr\u00e1me sv. Cyrila a Metoda v Tren\u010d\u00edne. Poz\u00fdvame v\u00e1s na benefi\u010dn\u00fd koncert &#8222;Spolu za pokoj&#8220;, ktor\u00fd organizujeme v spolupr\u00e1ci s Gr\u00e9ckokatol\u00edckou farnos\u0165ou v Tren\u010d\u00edne. &nbsp; Koncert m\u00e1 vo\u013en\u00fd vstup, no dobrovo\u013en\u00e9 pr\u00edspevky bud\u00fa venovan\u00e9 na pomoc obetiam vojny na Ukrajine. &nbsp; Oksana Kozun-Turcer je kres\u0165ansk\u00e1 spev\u00e1\u010dka, zn\u00e1ma ako interpretka, autorka [&hellip;]<\/p>\n","protected":false},"author":64,"featured_media":32724,"comment_status":"closed","ping_status":"closed","sticky":false,"template":"","format":"standard","meta":{"_acf_changed":false,"ngg_post_thumbnail":0,"footnotes":""},"categories":[288],"tags":[341],"class_list":["post-32723","post","type-post","status-publish","format-standard","has-post-thumbnail","hentry","category-na-slovensku","tag-slovensko"],"acf":[],"_links":{"self":[{"href":"https:\/\/www.adra.sk\/en\/wp-json\/wp\/v2\/posts\/32723","targetHints":{"allow":["GET"]}}],"collection":[{"href":"https:\/\/www.adra.sk\/en\/wp-json\/wp\/v2\/posts"}],"about":[{"href":"https:\/\/www.adra.sk\/en\/wp-json\/wp\/v2\/types\/post"}],"author":[{"embeddable":true,"href":"https:\/\/www.adra.sk\/en\/wp-json\/wp\/v2\/users\/64"}],"replies":[{"embeddable":true,"href":"https:\/\/www.adra.sk\/en\/wp-json\/wp\/v2\/comments?post=32723"}],"version-history":[{"count":2,"href":"https:\/\/www.adra.sk\/en\/wp-json\/wp\/v2\/posts\/32723\/revisions"}],"predecessor-version":[{"id":32727,"href":"https:\/\/www.adra.sk\/en\/wp-json\/wp\/v2\/posts\/32723\/revisions\/32727"}],"wp:featuredmedia":[{"embeddable":true,"href":"https:\/\/www.adra.sk\/en\/wp-json\/wp\/v2\/media\/32724"}],"wp:attachment":[{"href":"https:\/\/www.adra.sk\/en\/wp-json\/wp\/v2\/media?parent=32723"}],"wp:term":[{"taxonomy":"category","embeddable":true,"href":"https:\/\/www.adra.sk\/en\/wp-json\/wp\/v2\/categories?post=32723"},{"taxonomy":"post_tag","embeddable":true,"href":"https:\/\/www.adra.sk\/en\/wp-json\/wp\/v2\/tags?post=32723"}],"curies":[{"name":"wp","href":"https:\/\/api.w.org\/{rel}","templated":true}]}}