{"id":32907,"date":"2025-01-16T07:36:38","date_gmt":"2025-01-16T07:36:38","guid":{"rendered":"https:\/\/www.adra.sk\/?p=32907"},"modified":"2025-02-11T03:34:16","modified_gmt":"2025-02-11T03:34:16","slug":"jean-robert-manembo-uga57","status":"publish","type":"post","link":"https:\/\/www.adra.sk\/en\/jean-robert-manembo-uga57\/","title":{"rendered":"Jean Robert Manembo UGA57"},"content":{"rendered":"<h1 class=\"wp-block-heading has-vivid-green-cyan-color has-text-color\"><\/h1>\n\n\n<p>&nbsp;<\/p>\n<p><img fetchpriority=\"high\" decoding=\"async\" class=\"alignnone size-medium wp-image-32909\" src=\"https:\/\/www.adra.sk\/wp-content\/uploads\/2025\/01\/Jean-Robert-Manembo-PT-255x300.jpg\" alt=\"\" width=\"255\" height=\"300\" srcset=\"https:\/\/www.adra.sk\/wp-content\/uploads\/2025\/01\/Jean-Robert-Manembo-PT-255x300.jpg 255w, https:\/\/www.adra.sk\/wp-content\/uploads\/2025\/01\/Jean-Robert-Manembo-PT-870x1024.jpg 870w, https:\/\/www.adra.sk\/wp-content\/uploads\/2025\/01\/Jean-Robert-Manembo-PT-768x904.jpg 768w, https:\/\/www.adra.sk\/wp-content\/uploads\/2025\/01\/Jean-Robert-Manembo-PT-1305x1536.jpg 1305w, https:\/\/www.adra.sk\/wp-content\/uploads\/2025\/01\/Jean-Robert-Manembo-PT-1740x2048.jpg 1740w, https:\/\/www.adra.sk\/wp-content\/uploads\/2025\/01\/Jean-Robert-Manembo-PT-10x12.jpg 10w, https:\/\/www.adra.sk\/wp-content\/uploads\/2025\/01\/Jean-Robert-Manembo-PT-2000x2353.jpg 2000w\" sizes=\"(max-width: 255px) 100vw, 255px\" \/><\/p>\n<p>Jean Robert Manembo<br><!--more--><\/p>\n<p><strong>Age\/Gender:<\/strong> 7 rokov, clapec<\/p>\n<div class=\"x11i5rnm xat24cr x1mh8g0r x1vvkbs xtlvy1s x126k92a\">\n<div dir=\"auto\"><strong>Parent\/Guardian:<\/strong> Marie Gilbert Manembo \u2013 mama<\/div>\n<\/div>\n<div dir=\"auto\">&nbsp;<\/div>\n<div class=\"x11i5rnm xat24cr x1mh8g0r x1vvkbs xtlvy1s x126k92a\">\n<div dir=\"auto\"><strong><strong>Child's situation:<\/strong><\/strong>\n<p><img decoding=\"async\" class=\"wp-image-32910 alignleft\" src=\"https:\/\/www.adra.sk\/wp-content\/uploads\/2025\/01\/Gilbert-Manege-200x300.jpg\" alt=\"\" width=\"300\" height=\"450\" srcset=\"https:\/\/www.adra.sk\/wp-content\/uploads\/2025\/01\/Gilbert-Manege-200x300.jpg 200w, https:\/\/www.adra.sk\/wp-content\/uploads\/2025\/01\/Gilbert-Manege-683x1024.jpg 683w, https:\/\/www.adra.sk\/wp-content\/uploads\/2025\/01\/Gilbert-Manege-768x1152.jpg 768w, https:\/\/www.adra.sk\/wp-content\/uploads\/2025\/01\/Gilbert-Manege-1024x1536.jpg 1024w, https:\/\/www.adra.sk\/wp-content\/uploads\/2025\/01\/Gilbert-Manege-8x12.jpg 8w, https:\/\/www.adra.sk\/wp-content\/uploads\/2025\/01\/Gilbert-Manege.jpg 1365w\" sizes=\"(max-width: 300px) 100vw, 300px\" \/><\/p>\n<p>5 \u010dlenn\u00e1 rodina ute\u010dencov \u017eije v osade Kyaka II. Otec Gilbert m\u00e1 v\u00e1\u017ene zdravotn\u00e9 probl\u00e9my pre po\u0161kodenie chrbtice, preto nem\u00f4\u017ee manu\u00e1lne pracova\u0165, \u010do s\u0165a\u017euje \u017eivotn\u00e9 podmienky rodiny. Man\u017eelka <span data-is-focusable=\"true\">Judith Lumo<\/span><span data-is-focusable=\"true\">,<\/span> <span data-is-focusable=\"true\">preber\u00e1<\/span> <span data-is-focusable=\"true\">v\u0161etku<\/span> <span data-is-focusable=\"true\">zodpovednos\u0165<\/span> a&nbsp;star\u00e1 sa o&nbsp;\u017eivobytie celej rodiny.<\/p>\n<p>Rodina je z\u00e1visl\u00e1 od mesa\u010dn\u00fdch pr\u00eddelov pomoci (WFP &#8211; World food program) vo v\u00fd\u0161ke 12 000 UGX, (3,50.-\u20ac)\/mesiac\/osoba), a \u00fasilia man\u017eelky. Ke\u010f sa v\u0161ak sna\u017eila h\u013eada\u0165 si pr\u00e1cu na zaistenie jedla mimo ute\u010deneck\u00e9ho t\u00e1bora, \u010delila vyhr\u00e1\u017eaniu a pokusu o zn\u00e1silnenie, preto m\u00e1 strach h\u013eada\u0165 si pr\u00e1cu u miestnych obyvate\u013eov. T\u00fdm sa situ\u00e1cia rodiny e\u0161te zhor\u0161ila.<\/p>\n<p>JUDITH je \u0161ikovn\u00e1 kadern\u00ed\u010dka a h\u013ead\u00e1 mal\u00fa finan\u010dn\u00fa podporu, aby sa mohla k\u00fapi\u0165 potrebn\u00e9 vybavenie a za\u010da\u0165 sa sama \u017eivi\u0165 zapletan\u00edm vlasov a t\u00fdm u\u017eivi\u0165 rodinu.<img decoding=\"async\" class=\"size-medium wp-image-32911 alignright\" src=\"https:\/\/www.adra.sk\/wp-content\/uploads\/2025\/01\/Jean-Robert-Manembo-200x300.jpg\" alt=\"\" width=\"200\" height=\"300\" srcset=\"https:\/\/www.adra.sk\/wp-content\/uploads\/2025\/01\/Jean-Robert-Manembo-200x300.jpg 200w, https:\/\/www.adra.sk\/wp-content\/uploads\/2025\/01\/Jean-Robert-Manembo-683x1024.jpg 683w, https:\/\/www.adra.sk\/wp-content\/uploads\/2025\/01\/Jean-Robert-Manembo-768x1152.jpg 768w, https:\/\/www.adra.sk\/wp-content\/uploads\/2025\/01\/Jean-Robert-Manembo-1024x1536.jpg 1024w, https:\/\/www.adra.sk\/wp-content\/uploads\/2025\/01\/Jean-Robert-Manembo-1365x2048.jpg 1365w, https:\/\/www.adra.sk\/wp-content\/uploads\/2025\/01\/Jean-Robert-Manembo-8x12.jpg 8w, https:\/\/www.adra.sk\/wp-content\/uploads\/2025\/01\/Jean-Robert-Manembo-2000x3000.jpg 2000w, https:\/\/www.adra.sk\/wp-content\/uploads\/2025\/01\/Jean-Robert-Manembo-scaled.jpg 1707w\" sizes=\"(max-width: 200px) 100vw, 200px\" \/><\/p>\n<p>Podpora je ur\u010den\u00e1 pre ich najstar\u0161ieho syna, ktor\u00fd by u\u017e mal za\u010da\u0165 chodi\u0165 do \u0161koly. Podpora n\u00e1kladov na \u0161kolu pom\u00f4\u017ee celej rodine.<\/p>\n<\/div>\n<\/div>\n<div class=\"x11i5rnm xat24cr x1mh8g0r x1vvkbs xtlvy1s x126k92a\">\n<div dir=\"auto\"><strong>Family income:<\/strong> Support from the WFP Food Fund of 12 000 UGX (3,50.-\u20ac)\/month\/person.<\/div>\n<div dir=\"auto\">Pr\u00edle\u017eitostn\u00e1 pr\u00e1ca una tr\u017enici alebo v okol\u00ed.<\/div>\n<div dir=\"auto\">&nbsp;<\/div>\n<div dir=\"auto\"><strong>Sponsorship support needed:<\/strong> 20.-\u20ac\/month,<\/div>\n<div dir=\"auto\"><strong>Sponsorship will cover:<\/strong> school fees, school supplies, school uniform, hot lunch, basic medicines and first aid for children at school.<\/div>\n<\/div>\n<div dir=\"auto\">&nbsp;<\/div>\n<div dir=\"auto\"><span style=\"color: #008000;\"><span style=\"color: #000000;\"><b>Jean Robert Manembo <\/b><\/span>has already found a donor family. <\/span><br><span style=\"color: #008000;\"><strong>THANK YOU! \ud83d\ude42<\/strong><\/span><\/div>\n<p><!--more--><\/p>\n\n\n<div class=\"wp-block-group is-layout-flow wp-block-group-is-layout-flow\">\n<div class=\"wp-block-columns are-vertically-aligned-top is-layout-flex wp-container-core-columns-is-layout-28f84493 wp-block-columns-is-layout-flex\">\n<div class=\"wp-block-column is-vertically-aligned-top is-layout-flow wp-block-column-is-layout-flow\" style=\"flex-basis:100%\">\n<div class=\"wp-block-group is-layout-flow wp-block-group-is-layout-flow\"><\/div>\n<\/div>\n<\/div>\n<\/div>\n\n\n\n\n\n<p><\/p>","protected":false},"excerpt":{"rendered":"<p>&nbsp; Jean Robert Manembo<\/p>","protected":false},"author":11,"featured_media":32909,"comment_status":"closed","ping_status":"closed","sticky":false,"template":"","format":"standard","meta":{"_acf_changed":false,"ngg_post_thumbnail":0,"footnotes":""},"categories":[354],"tags":[],"class_list":["post-32907","post","type-post","status-publish","format-standard","has-post-thumbnail","hentry","category-helpkids-podporene"],"acf":[],"_links":{"self":[{"href":"https:\/\/www.adra.sk\/en\/wp-json\/wp\/v2\/posts\/32907","targetHints":{"allow":["GET"]}}],"collection":[{"href":"https:\/\/www.adra.sk\/en\/wp-json\/wp\/v2\/posts"}],"about":[{"href":"https:\/\/www.adra.sk\/en\/wp-json\/wp\/v2\/types\/post"}],"author":[{"embeddable":true,"href":"https:\/\/www.adra.sk\/en\/wp-json\/wp\/v2\/users\/11"}],"replies":[{"embeddable":true,"href":"https:\/\/www.adra.sk\/en\/wp-json\/wp\/v2\/comments?post=32907"}],"version-history":[{"count":3,"href":"https:\/\/www.adra.sk\/en\/wp-json\/wp\/v2\/posts\/32907\/revisions"}],"predecessor-version":[{"id":33050,"href":"https:\/\/www.adra.sk\/en\/wp-json\/wp\/v2\/posts\/32907\/revisions\/33050"}],"wp:featuredmedia":[{"embeddable":true,"href":"https:\/\/www.adra.sk\/en\/wp-json\/wp\/v2\/media\/32909"}],"wp:attachment":[{"href":"https:\/\/www.adra.sk\/en\/wp-json\/wp\/v2\/media?parent=32907"}],"wp:term":[{"taxonomy":"category","embeddable":true,"href":"https:\/\/www.adra.sk\/en\/wp-json\/wp\/v2\/categories?post=32907"},{"taxonomy":"post_tag","embeddable":true,"href":"https:\/\/www.adra.sk\/en\/wp-json\/wp\/v2\/tags?post=32907"}],"curies":[{"name":"wp","href":"https:\/\/api.w.org\/{rel}","templated":true}]}}