{"id":33086,"date":"2025-02-26T12:07:54","date_gmt":"2025-02-26T12:07:54","guid":{"rendered":"https:\/\/www.adra.sk\/?p=33086"},"modified":"2025-03-11T05:22:01","modified_gmt":"2025-03-11T05:22:01","slug":"pomoc-po-poziari-v-lomnicke","status":"publish","type":"post","link":"https:\/\/www.adra.sk\/en\/pomoc-po-poziari-v-lomnicke\/","title":{"rendered":"Help after the fire in Lomni\u010dka"},"content":{"rendered":"<p><\/p>\n\n\n\n<h1 class=\"wp-block-heading has-vivid-green-cyan-color has-text-color\"><\/h1>\n\n\n\n<p class=\"has-black-color has-text-color\"><strong>Let's help the families affected by the fire in Lomni\u010dka.<\/strong><\/p>\n\n\n<div>\n<div class=\"x11i5rnm xat24cr x1mh8g0r x1vvkbs xtlvy1s x126k92a\">\n<div dir=\"auto\">\n<div class=\"\" data-block=\"true\" data-editor=\"ap2m8\" data-offset-key=\"788g7-0-0\">\n<div dir=\"auto\">\n<div class=\"x11i5rnm xat24cr x1mh8g0r x1vvkbs xtlvy1s x126k92a\">\n<div dir=\"auto\">\n<div class=\"x11i5rnm xat24cr x1mh8g0r x1vvkbs xtlvy1s x126k92a\">\n<div dir=\"auto\">\n<div class=\"x11i5rnm xat24cr x1mh8g0r x1vvkbs xtlvy1s x126k92a\">\n<div dir=\"auto\">\n<div class=\"xdj266r x11i5rnm xat24cr x1mh8g0r x1vvkbs x126k92a\">\n<div class=\"x11i5rnm xat24cr x1mh8g0r x1vvkbs xtlvy1s x126k92a\">\n<div dir=\"auto\">\n<div class=\"x11i5rnm xat24cr x1mh8g0r x1vvkbs xtlvy1s x126k92a\">\n<div dir=\"auto\">\n<div class=\"\" data-block=\"true\" data-editor=\"134m\" data-offset-key=\"8shne-0-0\">\n<div class=\"_1mf _1mj\" data-offset-key=\"8shne-0-0\">\n<div class=\"x11i5rnm xat24cr x1mh8g0r x1vvkbs xtlvy1s x126k92a\">\n<div class=\"x11i5rnm xat24cr x1mh8g0r x1vvkbs xtlvy1s x126k92a\">\n<div dir=\"auto\">\n<div class=\"x11i5rnm xat24cr x1mh8g0r x1vvkbs xtlvy1s x126k92a\">\n<div dir=\"auto\">\n<div class=\"x11i5rnm xat24cr x1mh8g0r x1vvkbs xtlvy1s\">\n<div class=\"x11i5rnm xat24cr x1mh8g0r x1vvkbs xtlvy1s x126k92a\"><span style=\"color: #000000;\">On Sunday, the village of Lomni\u010dka near Stara \u013dubov\u0148a was hit by a devastating fire that left 50 people - 24 adults and 26 children - homeless. Residents affected by the tragedy found temporary shelter in the village's cultural centre, where an emergency situation was declared.<\/span><\/div>\n<div><span style=\"color: #000000;\"><img fetchpriority=\"high\" decoding=\"async\" class=\"wp-image-33096 alignright\" src=\"https:\/\/www.adra.sk\/wp-content\/uploads\/2025\/02\/IMG-20250224-WA0001-300x225.jpg\" alt=\"\" width=\"493\" height=\"370\" srcset=\"https:\/\/www.adra.sk\/wp-content\/uploads\/2025\/02\/IMG-20250224-WA0001-300x225.jpg 300w, https:\/\/www.adra.sk\/wp-content\/uploads\/2025\/02\/IMG-20250224-WA0001-1024x768.jpg 1024w, https:\/\/www.adra.sk\/wp-content\/uploads\/2025\/02\/IMG-20250224-WA0001-768x576.jpg 768w, https:\/\/www.adra.sk\/wp-content\/uploads\/2025\/02\/IMG-20250224-WA0001-1536x1152.jpg 1536w, https:\/\/www.adra.sk\/wp-content\/uploads\/2025\/02\/IMG-20250224-WA0001-16x12.jpg 16w, https:\/\/www.adra.sk\/wp-content\/uploads\/2025\/02\/IMG-20250224-WA0001-1000x750.jpg 1000w, https:\/\/www.adra.sk\/wp-content\/uploads\/2025\/02\/IMG-20250224-WA0001.jpg 1600w\" sizes=\"(max-width: 493px) 100vw, 493px\" \/><\/span><\/div>\n<div class=\"x11i5rnm xat24cr x1mh8g0r x1vvkbs xtlvy1s x126k92a\">\n<div dir=\"auto\">\n<div class=\"x11i5rnm xat24cr x1mh8g0r x1vvkbs xtlvy1s x126k92a\">\n<div dir=\"auto\">\n<div class=\"x11i5rnm xat24cr x1mh8g0r x1vvkbs xtlvy1s x126k92a\">\n<div dir=\"auto\">&nbsp;<\/div>\n<\/div>\n<div class=\"x11i5rnm xat24cr x1mh8g0r x1vvkbs xtlvy1s x126k92a\">\n<div dir=\"auto\"><span style=\"color: #000000;\">Our crisis team responded immediately to the call for help. In consultation with the village leadership, we delivered humanitarian aid to all 13 families who had lost their homes. Our assistance included warm clothing, shoes, dry food, hygiene items, children's toys, coloring books, crayons, hats and gloves, diapers, blankets, strollers, cribs, cabinets and even a refrigerator.<\/span><\/div>\n<div dir=\"auto\">&nbsp;<\/div>\n<\/div>\n<div class=\"x11i5rnm xat24cr x1mh8g0r x1vvkbs xtlvy1s x126k92a\">\n<div dir=\"auto\"><span style=\"color: #000000;\">We were able to provide this aid mainly thanks to our donors from Bratislava and Tren\u010d\u00edn, as well as volunteers from ADRA DobroCentrum Tren\u010d\u00edn, who carefully prepared and packed the aid packages. A big thank you to everyone who participated and contributed in any way.<\/span><\/div>\n<div dir=\"auto\">&nbsp;<\/div>\n<\/div>\n<div class=\"x11i5rnm xat24cr x1mh8g0r x1vvkbs xtlvy1s x126k92a\">\n<div dir=\"auto\"><span style=\"color: #000000;\">We continue to monitor the situation in Lomni\u010dka and are ready to help in case of further needs of the affected families.<\/span><\/div>\n<div dir=\"auto\">\nngg_shortcode_0_placeholder\n<\/div>\n<\/div>\n<\/div>\n<\/div>\n<\/div>\n<\/div>\n<\/div>\n<\/div>\n<\/div>\n<\/div>\n<\/div>\n<\/div>\n<\/div>\n<\/div>\n<\/div>\n<\/div>\n<\/div>\n<\/div>\n<\/div>\n<\/div>\n<\/div>\n<\/div>\n<\/div>\n<\/div>\n<\/div>\n<\/div>\n<\/div>\n<\/div>\n<\/div>\n<\/div>\n<p><span style=\"color: #000000;\"><!--more--><\/span><\/p>\n\n\n<p><\/p>","protected":false},"excerpt":{"rendered":"<p>Pom\u00e1hme rodin\u00e1m postihnut\u00fdm po\u017eiarom v Lomni\u010dke. V nede\u013eu postihol obec Lomni\u010dka pri Starej \u013dubovni ni\u010div\u00fd po\u017eiar, ktor\u00fd pripravil o domov 50 \u013eud\u00ed \u2013 24 dospel\u00fdch a 26 det\u00ed. Obyvatelia zasiahnut\u00ed trag\u00e9diou na\u0161li do\u010dasn\u00e9 \u00fato\u010disko v kult\u00farnom dome obce, kde bola vyhl\u00e1sen\u00e1 mimoriadna situ\u00e1cia. &nbsp; N\u00e1\u0161 kr\u00edzov\u00fd t\u00edm okam\u017eite zareagoval na v\u00fdzvu o pomoc. Po konzult\u00e1cii [&hellip;]<\/p>\n","protected":false},"author":64,"featured_media":33097,"comment_status":"closed","ping_status":"closed","sticky":false,"template":"","format":"standard","meta":{"_acf_changed":false,"ngg_post_thumbnail":0,"footnotes":""},"categories":[288],"tags":[341],"class_list":["post-33086","post","type-post","status-publish","format-standard","has-post-thumbnail","hentry","category-na-slovensku","tag-slovensko"],"acf":[],"_links":{"self":[{"href":"https:\/\/www.adra.sk\/en\/wp-json\/wp\/v2\/posts\/33086","targetHints":{"allow":["GET"]}}],"collection":[{"href":"https:\/\/www.adra.sk\/en\/wp-json\/wp\/v2\/posts"}],"about":[{"href":"https:\/\/www.adra.sk\/en\/wp-json\/wp\/v2\/types\/post"}],"author":[{"embeddable":true,"href":"https:\/\/www.adra.sk\/en\/wp-json\/wp\/v2\/users\/64"}],"replies":[{"embeddable":true,"href":"https:\/\/www.adra.sk\/en\/wp-json\/wp\/v2\/comments?post=33086"}],"version-history":[{"count":2,"href":"https:\/\/www.adra.sk\/en\/wp-json\/wp\/v2\/posts\/33086\/revisions"}],"predecessor-version":[{"id":33100,"href":"https:\/\/www.adra.sk\/en\/wp-json\/wp\/v2\/posts\/33086\/revisions\/33100"}],"wp:featuredmedia":[{"embeddable":true,"href":"https:\/\/www.adra.sk\/en\/wp-json\/wp\/v2\/media\/33097"}],"wp:attachment":[{"href":"https:\/\/www.adra.sk\/en\/wp-json\/wp\/v2\/media?parent=33086"}],"wp:term":[{"taxonomy":"category","embeddable":true,"href":"https:\/\/www.adra.sk\/en\/wp-json\/wp\/v2\/categories?post=33086"},{"taxonomy":"post_tag","embeddable":true,"href":"https:\/\/www.adra.sk\/en\/wp-json\/wp\/v2\/tags?post=33086"}],"curies":[{"name":"wp","href":"https:\/\/api.w.org\/{rel}","templated":true}]}}