{"id":33805,"date":"2025-05-21T08:33:53","date_gmt":"2025-05-21T08:33:53","guid":{"rendered":"https:\/\/www.adra.sk\/?p=33805"},"modified":"2025-05-26T18:50:29","modified_gmt":"2025-05-26T18:50:29","slug":"medzinarodny-trening-krizovej-intervencie-simulacia-alebo-realita","status":"publish","type":"post","link":"https:\/\/www.adra.sk\/en\/medzinarodny-trening-krizovej-intervencie-simulacia-alebo-realita\/","title":{"rendered":"International crisis intervention training: simulation or reality? | Part 2"},"content":{"rendered":"<h1 class=\"wp-block-heading has-vivid-green-cyan-color has-text-color\"><\/h1>\n\n\n\n<p class=\"has-black-color has-text-color\"><strong>Participants of the international crisis intervention training, which we organised in Slovakia, tested their readiness for intervention directly in the field.<\/strong><\/p>\n\n\n\n<p><\/p>\n\n\n<div>\n<div class=\"x11i5rnm xat24cr x1mh8g0r x1vvkbs xtlvy1s x126k92a\">\n<div dir=\"auto\">\n<div class=\"\" data-block=\"true\" data-editor=\"ap2m8\" data-offset-key=\"788g7-0-0\">\n<div dir=\"auto\">\n<div class=\"x11i5rnm xat24cr x1mh8g0r x1vvkbs xtlvy1s x126k92a\">\n<div dir=\"auto\">\n<div class=\"x11i5rnm xat24cr x1mh8g0r x1vvkbs xtlvy1s x126k92a\">\n<div dir=\"auto\">\n<div class=\"x11i5rnm xat24cr x1mh8g0r x1vvkbs xtlvy1s x126k92a\">\n<div dir=\"auto\">\n<div class=\"xdj266r x11i5rnm xat24cr x1mh8g0r x1vvkbs x126k92a\">\n<div class=\"x11i5rnm xat24cr x1mh8g0r x1vvkbs xtlvy1s x126k92a\">\n<div dir=\"auto\">\n<div class=\"x11i5rnm xat24cr x1mh8g0r x1vvkbs xtlvy1s x126k92a\">\n<div dir=\"auto\">\n<div class=\"\" data-block=\"true\" data-editor=\"134m\" data-offset-key=\"8shne-0-0\">\n<div class=\"_1mf _1mj\" data-offset-key=\"8shne-0-0\">\n<div class=\"x11i5rnm xat24cr x1mh8g0r x1vvkbs xtlvy1s x126k92a\">\n<div dir=\"auto\">\n<div class=\"x11i5rnm xat24cr x1mh8g0r x1vvkbs xtlvy1s x126k92a\">\n<div dir=\"auto\">\n<div class=\"\" data-block=\"true\" data-editor=\"ap2m8\" data-offset-key=\"788g7-0-0\">\n<div dir=\"auto\">\n<div class=\"x11i5rnm xat24cr x1mh8g0r x1vvkbs xtlvy1s x126k92a\">\n<div dir=\"auto\">\n<div class=\"x11i5rnm xat24cr x1mh8g0r x1vvkbs xtlvy1s x126k92a\">\n<div dir=\"auto\">\n<div class=\"x11i5rnm xat24cr x1mh8g0r x1vvkbs xtlvy1s x126k92a\">\n<div dir=\"auto\">\n<div class=\"xdj266r x11i5rnm xat24cr x1mh8g0r x1vvkbs x126k92a\">\n<div class=\"x11i5rnm xat24cr x1mh8g0r x1vvkbs xtlvy1s x126k92a\">\n<div dir=\"auto\">\n<div class=\"x11i5rnm xat24cr x1mh8g0r x1vvkbs xtlvy1s x126k92a\">\n<div class=\"xdj266r x11i5rnm xat24cr x1mh8g0r x1vvkbs x126k92a\">\n<div dir=\"auto\">\n<div class=\"x11i5rnm xat24cr x1mh8g0r x1vvkbs xtlvy1s x126k92a\">&nbsp;<\/div>\n<div class=\"x11i5rnm xat24cr x1mh8g0r x1vvkbs xtlvy1s x126k92a\">\n<div dir=\"auto\">\n<p style=\"margin: 0cm; margin-bottom: .0001pt; tab-stops: 170.4pt;\"><span class=\"fadeinm1hgl8\" style=\"color: #000000;\">In every humanitarian disaster, we encounter people who are left without access to electricity, drinking water and basic sanitation, surviving in makeshift shelters, lacking basic food and hygiene products. They are left without jobs and a stable income, many children are out of school, and even the municipality has no idea how many people are left and who is living where.<\/span><\/p>\n<p><span class=\"fadeinm1hgl8\" style=\"color: #000000;\">There was no need to simulate this situation at all, because this is a common picture of the conditions in which many people still live in marginalised Roma settlements. ADRA's Rapid Response Crisis Team conducted a needs assessment, assessed the situation and provided assistance in the settlement of Rak\u00fasy.<img fetchpriority=\"high\" decoding=\"async\" class=\"wp-image-33835 alignright\" src=\"https:\/\/www.adra.sk\/wp-content\/uploads\/2025\/05\/IMG-20250506-WA0050-300x200.jpg\" alt=\"\" width=\"521\" height=\"347\" srcset=\"https:\/\/www.adra.sk\/wp-content\/uploads\/2025\/05\/IMG-20250506-WA0050-300x200.jpg 300w, https:\/\/www.adra.sk\/wp-content\/uploads\/2025\/05\/IMG-20250506-WA0050-1024x683.jpg 1024w, https:\/\/www.adra.sk\/wp-content\/uploads\/2025\/05\/IMG-20250506-WA0050-768x512.jpg 768w, https:\/\/www.adra.sk\/wp-content\/uploads\/2025\/05\/IMG-20250506-WA0050-1536x1024.jpg 1536w, https:\/\/www.adra.sk\/wp-content\/uploads\/2025\/05\/IMG-20250506-WA0050-18x12.jpg 18w, https:\/\/www.adra.sk\/wp-content\/uploads\/2025\/05\/IMG-20250506-WA0050-2000x1333.jpg 2000w, https:\/\/www.adra.sk\/wp-content\/uploads\/2025\/05\/IMG-20250506-WA0050.jpg 2048w\" sizes=\"(max-width: 521px) 100vw, 521px\" \/><\/span><\/p>\n<p><span class=\"fadeinm1hgl8\" style=\"color: #000000;\">A total of 40 participants from 16 countries (Brazil, USA, Australia, Lebanon, Syria, Germany, France, Hungary, Spain, Estonia, Sweden, Ukraine, England, Bulgaria, Czech Republic and Slovakia) formed a real international rapid deployment crisis team.<\/span><\/p>\n<p><span style=\"color: #000000;\"><span class=\"fadeinm1hgl8\">A list of families with more than four minors or disabled children or in a difficult social situation was created in agreement with the local authorities and fieldwork coordinators. As part of a rapid needs survey <\/span>(Rapid Needs Assessment) <span class=\"fadeinm1hgl8\">The teams, together with local fieldwork coordinators, first visited 80 families and then assessed their situation and most urgent needs.<\/span><\/span><\/p>\n<p><span class=\"fadeinm1hgl8\" style=\"color: #000000;\"><img decoding=\"async\" class=\"wp-image-33836 alignleft\" src=\"https:\/\/www.adra.sk\/wp-content\/uploads\/2025\/05\/IMG-20250506-WA0057-300x200.jpg\" alt=\"\" width=\"429\" height=\"286\" srcset=\"https:\/\/www.adra.sk\/wp-content\/uploads\/2025\/05\/IMG-20250506-WA0057-300x200.jpg 300w, https:\/\/www.adra.sk\/wp-content\/uploads\/2025\/05\/IMG-20250506-WA0057-1024x683.jpg 1024w, https:\/\/www.adra.sk\/wp-content\/uploads\/2025\/05\/IMG-20250506-WA0057-768x512.jpg 768w, https:\/\/www.adra.sk\/wp-content\/uploads\/2025\/05\/IMG-20250506-WA0057-1536x1024.jpg 1536w, https:\/\/www.adra.sk\/wp-content\/uploads\/2025\/05\/IMG-20250506-WA0057-18x12.jpg 18w, https:\/\/www.adra.sk\/wp-content\/uploads\/2025\/05\/IMG-20250506-WA0057-2000x1333.jpg 2000w, https:\/\/www.adra.sk\/wp-content\/uploads\/2025\/05\/IMG-20250506-WA0057.jpg 2048w\" sizes=\"(max-width: 429px) 100vw, 429px\" \/><\/span><\/p>\n<p><span class=\"fadeinm1hgl8\" style=\"color: #000000;\"><b>What did we find?<\/b> In the study group of 80 families, there are a total of 588 people, 62 boys and 47 girls of pre-school age, 178 school children (90 boys \/ 88 girls).<\/span><\/p>\n<p><span class=\"fadeinm1hgl8\" style=\"color: #000000;\">Only 24 families have piped water at home, 52 families fetch water from a public source using a prepaid smart card. Only 23 families have a toilet in the house and 57 families reported that they do not even have a latrine and go outside to use the toilet - even in winter. Only 9 families have a legal connection to an electricity source, most draw electricity through an extension cord from neighbours, and 17 families have no electricity at all.<\/span><\/p>\n<p><span class=\"fadeinm1hgl8\" style=\"color: #000000;\">Of the 40 boys of secondary school age, 13 are in education, the remaining 27 are unemployed. The same age category includes 29 girls, of whom 6 are studying, 2 are working and 21 are unemployed. For young people of secondary school age who are neither in school nor in employment, this poses a major problem for the future. The most common needs mentioned by the residents were: clothes, shoes, the need for renovation work, furniture and equipment (most often a new stove or solid fuel stove).<\/span><\/p>\n<p><span class=\"fadeinm1hgl8\" style=\"color: #000000;\">The Rapid Response Crisis Team prepared a study, the results of which were presented at a personal meeting with the Mayor as well as with the fieldwork coordinators. They were not so surprised by the figures. But even the local coordinators, when they entered the modest dwellings with us, expressed surprise at the conditions in which some people were still living.<img decoding=\"async\" class=\"wp-image-33837 alignright\" src=\"https:\/\/www.adra.sk\/wp-content\/uploads\/2025\/05\/Obrazok-WhatsApp-2025-05-08-o-11.44.50_3419075d-300x225.jpg\" alt=\"\" width=\"427\" height=\"320\" srcset=\"https:\/\/www.adra.sk\/wp-content\/uploads\/2025\/05\/Obrazok-WhatsApp-2025-05-08-o-11.44.50_3419075d-300x225.jpg 300w, https:\/\/www.adra.sk\/wp-content\/uploads\/2025\/05\/Obrazok-WhatsApp-2025-05-08-o-11.44.50_3419075d-1024x768.jpg 1024w, https:\/\/www.adra.sk\/wp-content\/uploads\/2025\/05\/Obrazok-WhatsApp-2025-05-08-o-11.44.50_3419075d-768x576.jpg 768w, https:\/\/www.adra.sk\/wp-content\/uploads\/2025\/05\/Obrazok-WhatsApp-2025-05-08-o-11.44.50_3419075d-1536x1152.jpg 1536w, https:\/\/www.adra.sk\/wp-content\/uploads\/2025\/05\/Obrazok-WhatsApp-2025-05-08-o-11.44.50_3419075d-16x12.jpg 16w, https:\/\/www.adra.sk\/wp-content\/uploads\/2025\/05\/Obrazok-WhatsApp-2025-05-08-o-11.44.50_3419075d-1000x750.jpg 1000w, https:\/\/www.adra.sk\/wp-content\/uploads\/2025\/05\/Obrazok-WhatsApp-2025-05-08-o-11.44.50_3419075d.jpg 1600w\" sizes=\"(max-width: 427px) 100vw, 427px\" \/><\/span><\/p>\n<p><span class=\"fadeinm1hgl8\" style=\"color: #000000;\"><b>Practical help.<\/b> After assessing the needs, the teams concluded that the most effective quick help was to provide financial assistance in the form of prepaid cards to purchase goods.<\/span><br \/><span class=\"fadeinm1hgl8\" style=\"color: #000000;\">In cooperation with the LIDL branch in Ke\u017emarok, we prepared a special edition of humanitarian gift cards worth \u20ac20 and \u20ac10, which people could use to buy basic food and hygiene products (but not alcohol and cigarettes).<\/span><\/p>\n<p><span class=\"fadeinm1hgl8\" style=\"color: #000000;\">The teams handed over the cards in person to 103 families in greatest social need. During the third field visit, they monitored how people used the cards and how much it helped them.<\/span><\/p>\n<p><span class=\"fadeinm1hgl8\" style=\"color: #000000;\">Successful graduates completed the crisis intervention training with an international certificate. ADRA International now has an additional team of professionals ready to deploy anywhere in the world within 48 hours of a disaster or humanitarian crisis to reinforce local teams and coordinate humanitarian aid.<\/span><\/p>\n<p><span class=\"fadeinm1hgl8\" style=\"color: #000000;\"><b>And what did the trainees say?<\/b><\/span><br \/><span class=\"fadeinm1hgl8\" style=\"color: #000000;\">\u201eWe have tried all possible extreme situations. From the truly superior care at the Bachledka Hotel to the most miserable misery of the people in the shacks in the settlement. From the mud, dirt and garbage to the beauty of the mountains of the High Tatras National Park. And this is what life is all about.\u201c<\/span><br \/><span class=\"fadeinm1hgl8\" style=\"color: #000000;\">\u201eThe personal encounters with the poorest have been the most powerful.\u201c<\/span><br \/><span class=\"fadeinm1hgl8\" style=\"color: #000000;\">\u201eWe couldn't talk, but we could smile,\u201c said Lama from Syria, who almost became a godmother to a newborn in one of the houses. That's something you just don't forget.<\/span><\/p>\n<p><span class=\"fadeinm1hgl8\" style=\"color: #000000;\">And believe me, I wouldn't be afraid to step in with this team to help with any disaster in the world.<\/span><\/p>\n<\/div>\n<\/div>\n<div dir=\"auto\">\nngg_shortcode_0_placeholder\n<\/div>\n<\/div>\n<\/div>\n<\/div>\n<div class=\"x11i5rnm xat24cr x1mh8g0r x1vvkbs xtlvy1s x126k92a\">\n<div class=\"x11i5rnm xat24cr x1mh8g0r x1vvkbs xtlvy1s x126k92a\">&nbsp;<\/div>\n<\/div>\n<\/div>\n<\/div>\n<\/div>\n<\/div>\n<\/div>\n<\/div>\n<\/div>\n<\/div>\n<\/div>\n<\/div>\n<\/div>\n<\/div>\n<\/div>\n<\/div>\n<\/div>\n<\/div>\n<\/div>\n<\/div>\n<\/div>\n<\/div>\n<\/div>\n<\/div>\n<\/div>\n<\/div>\n<\/div>\n<\/div>\n<\/div>\n<\/div>\n<\/div>\n<\/div>\n<\/div>\n<\/div>\n<\/div>\n<p><span style=\"color: #000000;\"><!--more--><\/span><\/p>\n\n\n<p><\/p>","protected":false},"excerpt":{"rendered":"<p>\u00da\u010dastn\u00edci medzin\u00e1rodn\u00e9ho tr\u00e9ningu kr\u00edzovej intervencie, ktor\u00fd sme organizovali na Slovensku, si otestovali svoju pripravenos\u0165 na z\u00e1sah priamo v ter\u00e9ne. &nbsp; Pri ka\u017edej humanit\u00e1rnej katastrofe sa stret\u00e1vame s \u013eu\u010fmi, ktor\u00ed ostali bez pr\u00edstupu k elektrine, pitnej vode a z\u00e1kladnej hygiene, pre\u017e\u00edvaj\u00fa v proviz\u00f3rnych pr\u00edstre\u0161iach, ch\u00fdbaj\u00fa im z\u00e1kladn\u00e9 potraviny a hygienick\u00e9 prostriedky. Ostali bez pr\u00e1ce a stabiln\u00e9ho [&hellip;]<\/p>\n","protected":false},"author":64,"featured_media":33806,"comment_status":"closed","ping_status":"closed","sticky":false,"template":"","format":"standard","meta":{"_acf_changed":false,"ngg_post_thumbnail":0,"footnotes":""},"categories":[288],"tags":[341,346],"class_list":["post-33805","post","type-post","status-publish","format-standard","has-post-thumbnail","hentry","category-na-slovensku","tag-slovensko","tag-sos"],"acf":[],"_links":{"self":[{"href":"https:\/\/www.adra.sk\/en\/wp-json\/wp\/v2\/posts\/33805","targetHints":{"allow":["GET"]}}],"collection":[{"href":"https:\/\/www.adra.sk\/en\/wp-json\/wp\/v2\/posts"}],"about":[{"href":"https:\/\/www.adra.sk\/en\/wp-json\/wp\/v2\/types\/post"}],"author":[{"embeddable":true,"href":"https:\/\/www.adra.sk\/en\/wp-json\/wp\/v2\/users\/64"}],"replies":[{"embeddable":true,"href":"https:\/\/www.adra.sk\/en\/wp-json\/wp\/v2\/comments?post=33805"}],"version-history":[{"count":3,"href":"https:\/\/www.adra.sk\/en\/wp-json\/wp\/v2\/posts\/33805\/revisions"}],"predecessor-version":[{"id":33871,"href":"https:\/\/www.adra.sk\/en\/wp-json\/wp\/v2\/posts\/33805\/revisions\/33871"}],"wp:featuredmedia":[{"embeddable":true,"href":"https:\/\/www.adra.sk\/en\/wp-json\/wp\/v2\/media\/33806"}],"wp:attachment":[{"href":"https:\/\/www.adra.sk\/en\/wp-json\/wp\/v2\/media?parent=33805"}],"wp:term":[{"taxonomy":"category","embeddable":true,"href":"https:\/\/www.adra.sk\/en\/wp-json\/wp\/v2\/categories?post=33805"},{"taxonomy":"post_tag","embeddable":true,"href":"https:\/\/www.adra.sk\/en\/wp-json\/wp\/v2\/tags?post=33805"}],"curies":[{"name":"wp","href":"https:\/\/api.w.org\/{rel}","templated":true}]}}