{"id":34137,"date":"2025-07-05T04:35:05","date_gmt":"2025-07-05T04:35:05","guid":{"rendered":"https:\/\/www.adra.sk\/?p=34137"},"modified":"2025-07-30T09:29:04","modified_gmt":"2025-07-30T09:29:04","slug":"adra-help-team-camp","status":"publish","type":"post","link":"https:\/\/www.adra.sk\/en\/adra-help-team-camp\/","title":{"rendered":"ADRA camp"},"content":{"rendered":"<h1 class=\"wp-block-heading has-vivid-green-cyan-color has-text-color\"><\/h1>\n\n\n<div>\n<div class=\"x11i5rnm xat24cr x1mh8g0r x1vvkbs xtlvy1s x126k92a\">\n<div dir=\"auto\">\n<div class=\"\" data-block=\"true\" data-editor=\"ap2m8\" data-offset-key=\"788g7-0-0\">\n<div dir=\"auto\">\n<div class=\"x11i5rnm xat24cr x1mh8g0r x1vvkbs xtlvy1s x126k92a\">\n<div dir=\"auto\">\n<div class=\"x11i5rnm xat24cr x1mh8g0r x1vvkbs xtlvy1s x126k92a\">\n<div dir=\"auto\">\n<div class=\"x11i5rnm xat24cr x1mh8g0r x1vvkbs xtlvy1s x126k92a\">\n<div dir=\"auto\">\n<div class=\"xdj266r x11i5rnm xat24cr x1mh8g0r x1vvkbs x126k92a\">\n<div class=\"x11i5rnm xat24cr x1mh8g0r x1vvkbs xtlvy1s x126k92a\">\n<div dir=\"auto\">\n<div class=\"x11i5rnm xat24cr x1mh8g0r x1vvkbs xtlvy1s x126k92a\">\n<div dir=\"auto\">\n<div class=\"\" data-block=\"true\" data-editor=\"134m\" data-offset-key=\"8shne-0-0\">\n<div class=\"_1mf _1mj\" data-offset-key=\"8shne-0-0\">\n<div class=\"x11i5rnm xat24cr x1mh8g0r x1vvkbs xtlvy1s x126k92a\">\n<div dir=\"auto\">\n<div class=\"x11i5rnm xat24cr x1mh8g0r x1vvkbs xtlvy1s x126k92a\">\n<div dir=\"auto\">\n<div class=\"\" data-block=\"true\" data-editor=\"ap2m8\" data-offset-key=\"788g7-0-0\">\n<div dir=\"auto\">\n<div class=\"x11i5rnm xat24cr x1mh8g0r x1vvkbs xtlvy1s x126k92a\">\n<div dir=\"auto\">\n<div class=\"x11i5rnm xat24cr x1mh8g0r x1vvkbs xtlvy1s x126k92a\">\n<div dir=\"auto\">\n<div class=\"x11i5rnm xat24cr x1mh8g0r x1vvkbs xtlvy1s x126k92a\">\n<div dir=\"auto\">\n<div class=\"xdj266r x11i5rnm xat24cr x1mh8g0r x1vvkbs x126k92a\">\n<div class=\"x11i5rnm xat24cr x1mh8g0r x1vvkbs xtlvy1s x126k92a\">\n<div dir=\"auto\">\n<div class=\"x11i5rnm xat24cr x1mh8g0r x1vvkbs xtlvy1s x126k92a\">\n<div class=\"xdj266r x11i5rnm xat24cr x1mh8g0r x1vvkbs x126k92a\">\n<div dir=\"auto\">\n<div class=\"x11i5rnm xat24cr x1mh8g0r x1vvkbs xtlvy1s x126k92a\">\n<div dir=\"auto\">&nbsp;<\/div>\n<\/div>\n<p><strong>Team ADRA is again helping in Pohorelska Masha.<\/strong><\/p>\n<p>This summer we also came to help in the home for mentally and physically handicapped clients in Pohor<img fetchpriority=\"high\" decoding=\"async\" class=\"wp-image-34139 alignleft\" src=\"https:\/\/www.adra.sk\/wp-content\/uploads\/2025\/07\/20250703_102835-300x225.jpg\" alt=\"\" width=\"267\" height=\"200\" srcset=\"https:\/\/www.adra.sk\/wp-content\/uploads\/2025\/07\/20250703_102835-300x225.jpg 300w, https:\/\/www.adra.sk\/wp-content\/uploads\/2025\/07\/20250703_102835-1024x768.jpg 1024w, https:\/\/www.adra.sk\/wp-content\/uploads\/2025\/07\/20250703_102835-768x576.jpg 768w, https:\/\/www.adra.sk\/wp-content\/uploads\/2025\/07\/20250703_102835-1536x1152.jpg 1536w, https:\/\/www.adra.sk\/wp-content\/uploads\/2025\/07\/20250703_102835-2048x1536.jpg 2048w, https:\/\/www.adra.sk\/wp-content\/uploads\/2025\/07\/20250703_102835-16x12.jpg 16w, https:\/\/www.adra.sk\/wp-content\/uploads\/2025\/07\/20250703_102835-1000x750.jpg 1000w, https:\/\/www.adra.sk\/wp-content\/uploads\/2025\/07\/20250703_102835-2000x1500.jpg 2000w\" sizes=\"(max-width: 267px) 100vw, 267px\" \/>el masha. Traditionally, trips to the surroundings are the most successful. Pohronsk\u00e1 \u017eelezni\u010dka is a popular place where we can transport clients by help team bus and vans. Along the way and on the trains there is time to chat together and answer lots of curious questions.<\/p>\n<p><img decoding=\"async\" class=\"wp-image-34140 alignright\" src=\"https:\/\/www.adra.sk\/wp-content\/uploads\/2025\/07\/20250703_100255-300x225.jpg\" alt=\"\" width=\"431\" height=\"323\" srcset=\"https:\/\/www.adra.sk\/wp-content\/uploads\/2025\/07\/20250703_100255-300x225.jpg 300w, https:\/\/www.adra.sk\/wp-content\/uploads\/2025\/07\/20250703_100255-1024x768.jpg 1024w, https:\/\/www.adra.sk\/wp-content\/uploads\/2025\/07\/20250703_100255-768x576.jpg 768w, https:\/\/www.adra.sk\/wp-content\/uploads\/2025\/07\/20250703_100255-1536x1152.jpg 1536w, https:\/\/www.adra.sk\/wp-content\/uploads\/2025\/07\/20250703_100255-2048x1536.jpg 2048w, https:\/\/www.adra.sk\/wp-content\/uploads\/2025\/07\/20250703_100255-16x12.jpg 16w, https:\/\/www.adra.sk\/wp-content\/uploads\/2025\/07\/20250703_100255-1000x750.jpg 1000w, https:\/\/www.adra.sk\/wp-content\/uploads\/2025\/07\/20250703_100255-2000x1500.jpg 2000w\" sizes=\"(max-width: 431px) 100vw, 431px\" \/>Thank you to the team of volunteers (24 of us this year) who sacrificed their valuable holiday time for those who have time to spare but cannot use it themselves. For young people and students, it is also a difficult but extremely rewarding experience at times - to touch the reality of people with severe disabilities, to listen to their stories (if they can talk) and to be part of caring and helping. As well as the trips, we also get the chance to do lots of manual labour in building maintenance, which is also a big help.<\/p>\n<p>Thank you to all of you who, with your systematic support, help us to be able to help...&nbsp;<\/p>\n<\/div>\n<\/div>\n<\/div>\n<\/div>\n<\/div>\n<\/div>\n<\/div>\n<\/div>\n<\/div>\n<\/div>\n<\/div>\n<\/div>\n<\/div>\n<\/div>\n<\/div>\n<\/div>\n<\/div>\n<\/div>\n<\/div>\n<\/div>\n<\/div>\n<\/div>\n<\/div>\n<\/div>\n<\/div>\n<\/div>\n<\/div>\n<\/div>\n<\/div>\n<\/div>\n<\/div>\n<\/div>\n<\/div>\n<\/div>\n<\/div>\n<\/div>\n<p><span style=\"color: #000000;\"><!--more--><\/span><\/p>\n\n\n<p><\/p>\n\n\n\nngg_shortcode_0_placeholder","protected":false},"excerpt":{"rendered":"<p>&nbsp; Team ADRA op\u00e4\u0165 pom\u00e1ha v&nbsp;Pohorelskej Ma\u0161i. Aj toto leto sme pri\u0161li , aby sme pomohli v&nbsp;domove pre klientov s&nbsp;ment\u00e1lnym i&nbsp;telesn\u00fdm znev\u00fdhodnen\u00edm v&nbsp;Pohorelskej Ma\u0161i. Najv\u00e4\u010d\u0161\u00ed \u00faspech maj\u00fa u\u017e tradi\u010dne v\u00fdlety do okolia. Pohronsk\u00e1 \u017eelezni\u010dka je ob\u013e\u00faben\u00fdm miestom, kde vieme klientov prepravi\u0165 help team busom a&nbsp;dod\u00e1vkami. Cestou i&nbsp;vo vl\u00e1\u010dikoch je \u010das rozpr\u00e1va\u0165 sa spolu a&nbsp;odpoveda\u0165 na [&hellip;]<\/p>\n","protected":false},"author":11,"featured_media":34165,"comment_status":"closed","ping_status":"closed","sticky":false,"template":"","format":"standard","meta":{"_acf_changed":false,"ngg_post_thumbnail":0,"footnotes":""},"categories":[288],"tags":[341,346],"class_list":["post-34137","post","type-post","status-publish","format-standard","has-post-thumbnail","hentry","category-na-slovensku","tag-slovensko","tag-sos"],"acf":[],"_links":{"self":[{"href":"https:\/\/www.adra.sk\/en\/wp-json\/wp\/v2\/posts\/34137","targetHints":{"allow":["GET"]}}],"collection":[{"href":"https:\/\/www.adra.sk\/en\/wp-json\/wp\/v2\/posts"}],"about":[{"href":"https:\/\/www.adra.sk\/en\/wp-json\/wp\/v2\/types\/post"}],"author":[{"embeddable":true,"href":"https:\/\/www.adra.sk\/en\/wp-json\/wp\/v2\/users\/11"}],"replies":[{"embeddable":true,"href":"https:\/\/www.adra.sk\/en\/wp-json\/wp\/v2\/comments?post=34137"}],"version-history":[{"count":6,"href":"https:\/\/www.adra.sk\/en\/wp-json\/wp\/v2\/posts\/34137\/revisions"}],"predecessor-version":[{"id":34162,"href":"https:\/\/www.adra.sk\/en\/wp-json\/wp\/v2\/posts\/34137\/revisions\/34162"}],"wp:featuredmedia":[{"embeddable":true,"href":"https:\/\/www.adra.sk\/en\/wp-json\/wp\/v2\/media\/34165"}],"wp:attachment":[{"href":"https:\/\/www.adra.sk\/en\/wp-json\/wp\/v2\/media?parent=34137"}],"wp:term":[{"taxonomy":"category","embeddable":true,"href":"https:\/\/www.adra.sk\/en\/wp-json\/wp\/v2\/categories?post=34137"},{"taxonomy":"post_tag","embeddable":true,"href":"https:\/\/www.adra.sk\/en\/wp-json\/wp\/v2\/tags?post=34137"}],"curies":[{"name":"wp","href":"https:\/\/api.w.org\/{rel}","templated":true}]}}