{"id":34218,"date":"2025-10-11T06:21:19","date_gmt":"2025-10-11T06:21:19","guid":{"rendered":"https:\/\/www.adra.sk\/?p=34218"},"modified":"2025-10-13T10:52:14","modified_gmt":"2025-10-13T10:52:14","slug":"hladame-dobrovolnika-do-ugandy-2","status":"publish","type":"post","link":"https:\/\/www.adra.sk\/en\/hladame-dobrovolnika-do-ugandy-2\/","title":{"rendered":"We are looking for a volunteer in Uganda"},"content":{"rendered":"<h1 class=\"wp-block-heading has-vivid-green-cyan-color has-text-color\"><\/h1>\n\n\n\n<p class=\"has-black-color has-text-color\"><strong>Do you have digital or communication skills and want to use them to support people in one of Africa's most inspiring countries? Join <strong>10 months<\/strong> to the team <strong>ADRA Uganda<\/strong> and help change people's lives through technology, education and stories that deserve to be heard.<\/strong><\/p>\n\n\n\n<p><\/p>\n\n\n<div>\n<div class=\"x11i5rnm xat24cr x1mh8g0r x1vvkbs xtlvy1s x126k92a\">\n<div dir=\"auto\">\n<div class=\"\" data-block=\"true\" data-editor=\"ap2m8\" data-offset-key=\"788g7-0-0\">\n<div dir=\"auto\">\n<div class=\"x11i5rnm xat24cr x1mh8g0r x1vvkbs xtlvy1s x126k92a\">\n<div dir=\"auto\">\n<div class=\"x11i5rnm xat24cr x1mh8g0r x1vvkbs xtlvy1s x126k92a\">\n<div dir=\"auto\">\n<div class=\"x11i5rnm xat24cr x1mh8g0r x1vvkbs xtlvy1s x126k92a\">\n<div dir=\"auto\">\n<div class=\"xdj266r x11i5rnm xat24cr x1mh8g0r x1vvkbs x126k92a\">\n<div class=\"x11i5rnm xat24cr x1mh8g0r x1vvkbs xtlvy1s x126k92a\">\n<div dir=\"auto\">\n<div class=\"x11i5rnm xat24cr x1mh8g0r x1vvkbs xtlvy1s x126k92a\">\n<div dir=\"auto\">\n<div class=\"\" data-block=\"true\" data-editor=\"134m\" data-offset-key=\"8shne-0-0\">\n<div class=\"_1mf _1mj\" data-offset-key=\"8shne-0-0\">\n<div class=\"x11i5rnm xat24cr x1mh8g0r x1vvkbs xtlvy1s x126k92a\">\n<p><span style=\"color: #000000;\">Uganda is home to nearly two million refugees and countless communities facing challenges related to access to education, livelihoods and healthcare. <strong>ADRA Uganda<\/strong> has been working since 1987 and since 1999 has been intensively helping refugees in camps such as Kyaka II, Bidi Bidi and Rwarwanja. <\/span><\/p>\n<p><span style=\"color: #000000;\">The project focuses on <strong>strengthening digital and communication capacities<\/strong> local actors, in particular the ADRA Uganda team, to implement development and humanitarian projects more effectively.<\/span><\/p>\n<p><span style=\"color: #000000;\">Through his or her work, the volunteer will contribute to raising the visibility of important issues such as the right to education and environmental protection, and will leave behind a lasting legacy in the form of educational materials and tools that will be used by the local organisation after the volunteer's departure.<\/span><\/p>\n<p><span style=\"color: #000000;\"><strong>Description of activity<\/strong><\/span><\/p>\n<p><span style=\"color: #000000;\">The volunteer will be primarily dedicated to building the digital and communication capacity of ADRA Uganda staff:<\/span><br><span style=\"color: #000000;\">- IT and software skills training<\/span><br><span style=\"color: #000000;\">- creation of educational materials and manuals<\/span><br><span style=\"color: #000000;\">- providing workshops at different levels of sophistication<\/span><br><span style=\"color: #000000;\">- analysis of staff needs and design of individual training plans<\/span><br><span style=\"color: #000000;\">- support in social media management, content creation and online communication<\/span><br><span style=\"color: #000000;\">- translations and assistance in creating PR outputs (newsletters, blogs, campaigns)<\/span><br><span style=\"color: #000000;\">- participation in the field in documenting activities and creating success stories<\/span><br><span style=\"color: #000000;\">- preparation of documents for reporting<\/span><\/p>\n<\/div>\n<div class=\"x11i5rnm xat24cr x1mh8g0r x1vvkbs xtlvy1s x126k92a\">\n<div dir=\"auto\">\n<div class=\"x11i5rnm xat24cr x1mh8g0r x1vvkbs xtlvy1s x126k92a\">\n<div dir=\"auto\">\n<div class=\"\" data-block=\"true\" data-editor=\"ap2m8\" data-offset-key=\"788g7-0-0\">\n<div dir=\"auto\">\n<div class=\"x11i5rnm xat24cr x1mh8g0r x1vvkbs xtlvy1s x126k92a\">\n<div dir=\"auto\">\n<div class=\"x11i5rnm xat24cr x1mh8g0r x1vvkbs xtlvy1s x126k92a\">\n<div dir=\"auto\">\n<div class=\"x11i5rnm xat24cr x1mh8g0r x1vvkbs xtlvy1s x126k92a\">\n<div dir=\"auto\">\n<div class=\"xdj266r x11i5rnm xat24cr x1mh8g0r x1vvkbs x126k92a\">\n<div class=\"x11i5rnm xat24cr x1mh8g0r x1vvkbs xtlvy1s x126k92a\">\n<div dir=\"auto\">\n<p><iframe title=\"A day in the life of our volunteers\" width=\"800\" height=\"450\" src=\"https:\/\/www.youtube.com\/embed\/gGNEMq_vb5Q?feature=oembed\" frameborder=\"0\" allow=\"accelerometer; autoplay; clipboard-write; encrypted-media; gyroscope; picture-in-picture; web-share\" referrerpolicy=\"strict-origin-when-cross-origin\" allowfullscreen><\/iframe><\/p>\n<p><span style=\"color: #000000;\"><strong>What do you get?<\/strong><\/span><\/p>\n<ul>\n<li><span style=\"color: #000000;\">Real experience of working in an international development organisation<\/span><\/li>\n<li><span style=\"color: #000000;\">Opportunity to influence the quality of education, health, environment and human rights projects<\/span><\/li>\n<li><span style=\"color: #000000;\">Building intercultural and communication skills<\/span><\/li>\n<li><span style=\"color: #000000;\">Developing expertise in digital literacy, PR and social media management<\/span><\/li>\n<li><span style=\"color: #000000;\">A chance to make a visible difference for people living in difficult circumstances<\/span><\/li>\n<li><span style=\"color: #000000;\"><strong>The costs of volunteering, including flights, insurance, vaccinations, are fully covered by ADRA and donors. Volunteers receive a monthly pocket allowance (lump sum) of \u20ac850 net to cover additional costs in the field. These costs include e.g. food, local travel costs, communication, etc.<\/strong><\/span><\/li>\n<\/ul>\n<p><span style=\"color: #000000;\"><strong>Requirements<\/strong><\/span><\/p>\n<ul>\n<li><span style=\"color: #000000;\">education or experience in IT, digital literacy, programming, network administration, graphic design or related fields<\/span><\/li>\n<li><span style=\"color: #000000;\">experience in teaching or training in ICT - an advantage<\/span><\/li>\n<li><span style=\"color: #000000;\">Advanced office suite skills (Word, Excel, PowerPoint, Google Workspace)<\/span><\/li>\n<li><span style=\"color: #000000;\">basics of network infrastructure, software installation and hardware maintenance<\/span><\/li>\n<li><span style=\"color: #000000;\">Experience with digital learning tools (Canva, Moodle, Kahoot, Zoom, WordPress)<\/span><\/li>\n<li><span style=\"color: #000000;\">interest in creating digital content (graphics, videos, presentations)<\/span><\/li>\n<li><span style=\"color: #000000;\">English at an advanced level (communication, training, preparation of materials)<\/span><\/li>\n<li><span style=\"color: #000000;\">Patience and ability to work with people with varying levels of digital skills<\/span><\/li>\n<li><span style=\"color: #000000;\">cultural sensitivity and the ability to adapt to simpler conditions<\/span><\/li>\n<li><span style=\"color: #000000;\">Communication and facilitation skills, ability to lead group and individual training sessions<\/span><\/li>\n<li><span style=\"color: #000000;\">basics of programming (HTML\/CSS, Python, Scratch) - an advantage<\/span><\/li>\n<\/ul>\n<p><span style=\"color: #ff0000;\"><strong>Deadline for applications: 2.11.2025<\/strong><\/span><\/p>\n<p><span style=\"color: #ff0000;\"><strong><span style=\"color: #000000;\">The application must include a CV in Slovak language, a cover letter and a completed <a href=\"https:\/\/www.adra.sk\/wp-content\/uploads\/2024\/10\/Suhlas-so-spracovanim-osobnych-udajov_TEMPLATE.docx\">consent to the processing of personal data<\/a>. Send applications to<\/span> <a href=\"mailto:dominique.burchel@adra.sk\" target=\"_blank\" rel=\"noopener\">dominique.burchel@adra.sk<\/a><span style=\"color: #000000;\">.<\/span><\/strong><\/span><\/p>\n<p>.  .  .<\/p>\n<p><span style=\"color: #000000;\">The deployment of volunteers is funded by the Official Development Assistance of the Slovak Republic.<\/span><\/p>\n<p><img fetchpriority=\"high\" decoding=\"async\" class=\"aligncenter wp-image-25951 size-large\" src=\"https:\/\/www.adra.sk\/wp-content\/uploads\/2022\/08\/SlovakAid-GIS-MALE-1024x488.jpg\" alt=\"\" width=\"800\" height=\"381\" srcset=\"https:\/\/www.adra.sk\/wp-content\/uploads\/2022\/08\/SlovakAid-GIS-MALE-1024x488.jpg 1024w, https:\/\/www.adra.sk\/wp-content\/uploads\/2022\/08\/SlovakAid-GIS-MALE-300x143.jpg 300w, https:\/\/www.adra.sk\/wp-content\/uploads\/2022\/08\/SlovakAid-GIS-MALE-768x366.jpg 768w, https:\/\/www.adra.sk\/wp-content\/uploads\/2022\/08\/SlovakAid-GIS-MALE-1536x731.jpg 1536w, https:\/\/www.adra.sk\/wp-content\/uploads\/2022\/08\/SlovakAid-GIS-MALE-2048x975.jpg 2048w, https:\/\/www.adra.sk\/wp-content\/uploads\/2022\/08\/SlovakAid-GIS-MALE-18x9.jpg 18w, https:\/\/www.adra.sk\/wp-content\/uploads\/2022\/08\/SlovakAid-GIS-MALE-2000x952.jpg 2000w\" sizes=\"(max-width: 800px) 100vw, 800px\" \/><\/p>\n<p>&nbsp;<\/p>\n<\/div>\n<\/div>\n<\/div>\n<\/div>\n<\/div>\n<\/div>\n<\/div>\n<\/div>\n<\/div>\n<\/div>\n<\/div>\n<\/div>\n<\/div>\n<\/div>\n<\/div>\n<\/div>\n<\/div>\n<\/div>\n<\/div>\n<\/div>\n<\/div>\n<\/div>\n<\/div>\n<\/div>\n<\/div>\n<\/div>\n<\/div>\n<\/div>\n<\/div>\n<\/div>\n<\/div>\n<\/div>\n<\/div>\n<p><span style=\"color: #000000;\"><!--more--><\/span><\/p>\n\n\n<p><\/p>","protected":false},"excerpt":{"rendered":"<p>M\u00e1\u0161 digit\u00e1lne alebo komunika\u010dn\u00e9 zru\u010dnosti a chce\u0161 ich vyu\u017ei\u0165 na podporu \u013eud\u00ed v jednej z najin\u0161pirat\u00edvnej\u0161\u00edch kraj\u00edn Afriky? Pridaj sa na 10 mesiacov k t\u00edmu ADRA Uganda a pom\u00f4\u017e meni\u0165 \u017eivoty \u013eud\u00ed prostredn\u00edctvom technol\u00f3gi\u00ed, vzdel\u00e1vania a pr\u00edbehov, ktor\u00e9 si zasl\u00fa\u017eia by\u0165 vypo\u010dut\u00e9. Uganda je domovom pre takmer dva mili\u00f3ny ute\u010dencov a nespo\u010detn\u00e9 mno\u017estvo komun\u00edt, ktor\u00e9 [&hellip;]<\/p>\n","protected":false},"author":64,"featured_media":32510,"comment_status":"closed","ping_status":"closed","sticky":false,"template":"","format":"standard","meta":{"_acf_changed":false,"ngg_post_thumbnail":0,"footnotes":""},"categories":[380],"tags":[317,337,322],"class_list":["post-34218","post","type-post","status-publish","format-standard","has-post-thumbnail","hentry","category-dobrovolnictvo","tag-dobrovolnictvo","tag-slovakaid","tag-uganda"],"acf":[],"_links":{"self":[{"href":"https:\/\/www.adra.sk\/en\/wp-json\/wp\/v2\/posts\/34218","targetHints":{"allow":["GET"]}}],"collection":[{"href":"https:\/\/www.adra.sk\/en\/wp-json\/wp\/v2\/posts"}],"about":[{"href":"https:\/\/www.adra.sk\/en\/wp-json\/wp\/v2\/types\/post"}],"author":[{"embeddable":true,"href":"https:\/\/www.adra.sk\/en\/wp-json\/wp\/v2\/users\/64"}],"replies":[{"embeddable":true,"href":"https:\/\/www.adra.sk\/en\/wp-json\/wp\/v2\/comments?post=34218"}],"version-history":[{"count":3,"href":"https:\/\/www.adra.sk\/en\/wp-json\/wp\/v2\/posts\/34218\/revisions"}],"predecessor-version":[{"id":34472,"href":"https:\/\/www.adra.sk\/en\/wp-json\/wp\/v2\/posts\/34218\/revisions\/34472"}],"wp:featuredmedia":[{"embeddable":true,"href":"https:\/\/www.adra.sk\/en\/wp-json\/wp\/v2\/media\/32510"}],"wp:attachment":[{"href":"https:\/\/www.adra.sk\/en\/wp-json\/wp\/v2\/media?parent=34218"}],"wp:term":[{"taxonomy":"category","embeddable":true,"href":"https:\/\/www.adra.sk\/en\/wp-json\/wp\/v2\/categories?post=34218"},{"taxonomy":"post_tag","embeddable":true,"href":"https:\/\/www.adra.sk\/en\/wp-json\/wp\/v2\/tags?post=34218"}],"curies":[{"name":"wp","href":"https:\/\/api.w.org\/{rel}","templated":true}]}}