{"id":34420,"date":"2025-10-11T10:07:15","date_gmt":"2025-10-11T10:07:15","guid":{"rendered":"https:\/\/www.adra.sk\/?p=34420"},"modified":"2025-10-11T10:37:34","modified_gmt":"2025-10-11T10:37:34","slug":"pomoc-pre-cernihiv","status":"publish","type":"post","link":"https:\/\/www.adra.sk\/en\/pomoc-pre-cernihiv\/","title":{"rendered":"Help for Chernihiv"},"content":{"rendered":"<h1 class=\"wp-block-heading has-vivid-green-cyan-color has-text-color\"><\/h1>\n\n\n\n<p class=\"has-black-color has-text-color\">Another shipment of humanitarian aid was transported by vans and vans to frontline hospitals, despite the deteriorating security situation.<\/p>\n\n\n\n<p><\/p>\n\n\n<div>\n<div class=\"x11i5rnm xat24cr x1mh8g0r x1vvkbs xtlvy1s x126k92a\">\n<div dir=\"auto\">\n<div class=\"\" data-block=\"true\" data-editor=\"ap2m8\" data-offset-key=\"788g7-0-0\">\n<div dir=\"auto\">\n<div class=\"x11i5rnm xat24cr x1mh8g0r x1vvkbs xtlvy1s x126k92a\">\n<div dir=\"auto\">\n<div class=\"x11i5rnm xat24cr x1mh8g0r x1vvkbs xtlvy1s x126k92a\">\n<div dir=\"auto\">\n<div class=\"x11i5rnm xat24cr x1mh8g0r x1vvkbs xtlvy1s x126k92a\">\n<div dir=\"auto\">\n<div class=\"xdj266r x11i5rnm xat24cr x1mh8g0r x1vvkbs x126k92a\">\n<div class=\"x11i5rnm xat24cr x1mh8g0r x1vvkbs xtlvy1s x126k92a\">\n<div dir=\"auto\">\n<div class=\"x11i5rnm xat24cr x1mh8g0r x1vvkbs xtlvy1s x126k92a\">\n<div dir=\"auto\">\n<div class=\"\" data-block=\"true\" data-editor=\"134m\" data-offset-key=\"8shne-0-0\">\n<div class=\"_1mf _1mj\" data-offset-key=\"8shne-0-0\">\n<div class=\"x11i5rnm xat24cr x1mh8g0r x1vvkbs xtlvy1s x126k92a\">\n<div class=\"x11i5rnm xat24cr x1mh8g0r x1vvkbs xtlvy1s x126k92a\">\n<div dir=\"auto\">\n<div class=\"x11i5rnm xat24cr x1mh8g0r x1vvkbs xtlvy1s x126k92a\">\n<div dir=\"auto\">\n<div class=\"x11i5rnm xat24cr x1mh8g0r x1vvkbs xtlvy1s\">\n<div class=\"x11i5rnm xat24cr x1mh8g0r x1vvkbs xtlvy1s x126k92a\">\n<p><img fetchpriority=\"high\" decoding=\"async\" class=\"wp-image-34425 alignleft\" src=\"https:\/\/www.adra.sk\/wp-content\/uploads\/2025\/10\/IMG-20251005-WA0034-1-300x225.jpg\" alt=\"\" width=\"391\" height=\"293\" srcset=\"https:\/\/www.adra.sk\/wp-content\/uploads\/2025\/10\/IMG-20251005-WA0034-1-300x225.jpg 300w, https:\/\/www.adra.sk\/wp-content\/uploads\/2025\/10\/IMG-20251005-WA0034-1-1024x768.jpg 1024w, https:\/\/www.adra.sk\/wp-content\/uploads\/2025\/10\/IMG-20251005-WA0034-1-768x576.jpg 768w, https:\/\/www.adra.sk\/wp-content\/uploads\/2025\/10\/IMG-20251005-WA0034-1-1536x1152.jpg 1536w, https:\/\/www.adra.sk\/wp-content\/uploads\/2025\/10\/IMG-20251005-WA0034-1-16x12.jpg 16w, https:\/\/www.adra.sk\/wp-content\/uploads\/2025\/10\/IMG-20251005-WA0034-1-1000x750.jpg 1000w, https:\/\/www.adra.sk\/wp-content\/uploads\/2025\/10\/IMG-20251005-WA0034-1-2000x1500.jpg 2000w, https:\/\/www.adra.sk\/wp-content\/uploads\/2025\/10\/IMG-20251005-WA0034-1.jpg 2048w\" sizes=\"(max-width: 391px) 100vw, 391px\" \/>At 11 we were supposed to unload in Chernihiv, but Mikhail - the aid coordinator called: \u201eDon't even come here! There are 9 drones flying quite low over the industrial zone where we have a warehouse and there was a missile attack. In the afternoon the sirens stopped blaring, so we rushed to the unloading site. There was a huge fire in the next compound, high flames and smoke plumes rising to the sky. So we just hoped they had run out of ammunition for today... We quickly unloaded the medical supplies, generators, incubators and food parcels that would be distributed in the area and immediately rushed back to the hotel downtown.<\/p>\n<p><img decoding=\"async\" class=\"size-medium wp-image-34434 alignleft\" src=\"https:\/\/www.adra.sk\/wp-content\/uploads\/2025\/10\/Dron-3-223x300.jpg\" alt=\"\" width=\"223\" height=\"300\" srcset=\"https:\/\/www.adra.sk\/wp-content\/uploads\/2025\/10\/Dron-3-223x300.jpg 223w, https:\/\/www.adra.sk\/wp-content\/uploads\/2025\/10\/Dron-3-9x12.jpg 9w, https:\/\/www.adra.sk\/wp-content\/uploads\/2025\/10\/Dron-3.jpg 507w\" sizes=\"(max-width: 223px) 100vw, 223px\" \/>In the evening the sirens sounded again. The unpleasant wailing sound of flying Shahids directly over the city centre terrified us. Even the birds were flying away to safety...<\/p>\n<p>The locals got used to it and just watched them from the restaurant terrace. Nobody rushes to the shelter anymore, people are lethargic. But we haven't got used to it yet... &nbsp;<\/p>\n<p><img decoding=\"async\" class=\"wp-image-34427 alignright\" src=\"https:\/\/www.adra.sk\/wp-content\/uploads\/2025\/10\/IMG_1115-300x169.jpg\" alt=\"\" width=\"448\" height=\"252\" srcset=\"https:\/\/www.adra.sk\/wp-content\/uploads\/2025\/10\/IMG_1115-300x169.jpg 300w, https:\/\/www.adra.sk\/wp-content\/uploads\/2025\/10\/IMG_1115-1024x576.jpg 1024w, https:\/\/www.adra.sk\/wp-content\/uploads\/2025\/10\/IMG_1115-768x432.jpg 768w, https:\/\/www.adra.sk\/wp-content\/uploads\/2025\/10\/IMG_1115-1536x864.jpg 1536w, https:\/\/www.adra.sk\/wp-content\/uploads\/2025\/10\/IMG_1115-2048x1152.jpg 2048w, https:\/\/www.adra.sk\/wp-content\/uploads\/2025\/10\/IMG_1115-18x10.jpg 18w, https:\/\/www.adra.sk\/wp-content\/uploads\/2025\/10\/IMG_1115-2000x1125.jpg 2000w\" sizes=\"(max-width: 448px) 100vw, 448px\" \/>Those who have not lived through this will probably not even understand how much fear, suffering and psychological trauma is experienced by people who are exposed to the consequences of senseless war on a daily basis. We will not dwell on the causes because we have no power to change it. Our mission is to help, so we will continue to do so. Thank you to all of you who support us so that we can continue our humanitarian mission and alleviate the suffering of innocent victims.&nbsp;<\/p>\n<p>You can also support our ministry through our <a href=\"https:\/\/www.adra.sk\/en\/help-shop\/daruj\/\">HelpShop.<\/a>&nbsp;<\/p>\n<\/div>\n<\/div>\n<\/div>\n<\/div>\n<\/div>\n<\/div>\n<\/div>\n<\/div>\n<\/div>\n<div>&nbsp;<\/div>\n<\/div>\n<\/div>\n<\/div>\n<\/div>\n<\/div>\n<\/div>\n<\/div>\n<\/div>\n<\/div>\n<\/div>\n<\/div>\n<\/div>\n<\/div>\n<\/div>\n<\/div>\n<\/div>\n<p><span style=\"color: #000000;\"><!--more--><\/span><\/p>\n\n\n<p><\/p>","protected":false},"excerpt":{"rendered":"<p>\u010eal\u0161iu z\u00e1sielku humanit\u00e1rnej pomoci sme napriek zhor\u0161enej bezpe\u010dnostnej situ\u00e1cii dopravili komi\u00f3nmi a dod\u00e1vkami do nemocn\u00edc v prifrontovej l\u00ednii. O 11 sme mali vyklada\u0165 v \u010cernihive, ale Michail \u2013 koordin\u00e1tor pomoci volal: \u201eAni sem necho\u010fte! Nad priemyselnou z\u00f3nou, kde m\u00e1me sklad lieta celkom n\u00edzko 9 dronov a bol aj raketov\u00fd \u00fatok. Zavol\u00e1m v\u00e1m, ke\u010f sa to [&hellip;]<\/p>\n","protected":false},"author":11,"featured_media":34424,"comment_status":"closed","ping_status":"closed","sticky":false,"template":"","format":"standard","meta":{"_acf_changed":false,"ngg_post_thumbnail":0,"footnotes":""},"categories":[333],"tags":[332],"class_list":["post-34420","post","type-post","status-publish","format-standard","has-post-thumbnail","hentry","category-ukrajina","tag-ukrajina"],"acf":[],"_links":{"self":[{"href":"https:\/\/www.adra.sk\/en\/wp-json\/wp\/v2\/posts\/34420","targetHints":{"allow":["GET"]}}],"collection":[{"href":"https:\/\/www.adra.sk\/en\/wp-json\/wp\/v2\/posts"}],"about":[{"href":"https:\/\/www.adra.sk\/en\/wp-json\/wp\/v2\/types\/post"}],"author":[{"embeddable":true,"href":"https:\/\/www.adra.sk\/en\/wp-json\/wp\/v2\/users\/11"}],"replies":[{"embeddable":true,"href":"https:\/\/www.adra.sk\/en\/wp-json\/wp\/v2\/comments?post=34420"}],"version-history":[{"count":6,"href":"https:\/\/www.adra.sk\/en\/wp-json\/wp\/v2\/posts\/34420\/revisions"}],"predecessor-version":[{"id":34435,"href":"https:\/\/www.adra.sk\/en\/wp-json\/wp\/v2\/posts\/34420\/revisions\/34435"}],"wp:featuredmedia":[{"embeddable":true,"href":"https:\/\/www.adra.sk\/en\/wp-json\/wp\/v2\/media\/34424"}],"wp:attachment":[{"href":"https:\/\/www.adra.sk\/en\/wp-json\/wp\/v2\/media?parent=34420"}],"wp:term":[{"taxonomy":"category","embeddable":true,"href":"https:\/\/www.adra.sk\/en\/wp-json\/wp\/v2\/categories?post=34420"},{"taxonomy":"post_tag","embeddable":true,"href":"https:\/\/www.adra.sk\/en\/wp-json\/wp\/v2\/tags?post=34420"}],"curies":[{"name":"wp","href":"https:\/\/api.w.org\/{rel}","templated":true}]}}