{"id":35299,"date":"2026-04-06T05:02:51","date_gmt":"2026-04-06T05:02:51","guid":{"rendered":"https:\/\/www.adra.sk\/?p=35299"},"modified":"2026-04-06T05:12:40","modified_gmt":"2026-04-06T05:12:40","slug":"staviame-hniezdo","status":"publish","type":"post","link":"https:\/\/www.adra.sk\/en\/staviame-hniezdo\/","title":{"rendered":"We are building \u201eThe Nest\u201c"},"content":{"rendered":"<h1 class=\"wp-block-heading has-vivid-green-cyan-color has-text-color\"><\/h1>\n\n\n<div>\n<div class=\"x11i5rnm xat24cr x1mh8g0r x1vvkbs xtlvy1s x126k92a\">\n<div dir=\"auto\">\n<div class=\"\" data-block=\"true\" data-editor=\"ap2m8\" data-offset-key=\"788g7-0-0\">\n<div dir=\"auto\">\n<div class=\"x11i5rnm xat24cr x1mh8g0r x1vvkbs xtlvy1s x126k92a\">\n<div dir=\"auto\">\n<div class=\"x11i5rnm xat24cr x1mh8g0r x1vvkbs xtlvy1s x126k92a\">\n<div dir=\"auto\">\n<div class=\"x11i5rnm xat24cr x1mh8g0r x1vvkbs xtlvy1s x126k92a\">\n<div dir=\"auto\">\n<div class=\"xdj266r x11i5rnm xat24cr x1mh8g0r x1vvkbs x126k92a\">\n<div class=\"x11i5rnm xat24cr x1mh8g0r x1vvkbs xtlvy1s x126k92a\">\n<div dir=\"auto\">\n<div class=\"x11i5rnm xat24cr x1mh8g0r x1vvkbs xtlvy1s x126k92a\">\n<div dir=\"auto\">\n<div class=\"\" data-block=\"true\" data-editor=\"134m\" data-offset-key=\"8shne-0-0\">\n<div class=\"_1mf _1mj\" data-offset-key=\"8shne-0-0\">\n<div class=\"x11i5rnm xat24cr x1mh8g0r x1vvkbs xtlvy1s x126k92a\">\n<div dir=\"auto\">\n<div class=\"x11i5rnm xat24cr x1mh8g0r x1vvkbs xtlvy1s x126k92a\">\n<div dir=\"auto\">\n<div class=\"\" data-block=\"true\" data-editor=\"ap2m8\" data-offset-key=\"788g7-0-0\">\n<div dir=\"auto\">\n<div class=\"xdj266r x11i5rnm xat24cr x1mh8g0r x1vvkbs x126k92a\">\n<section class=\"elementor-section elementor-top-section elementor-element elementor-element-59c7cfa elementor-section-boxed elementor-section-height-default elementor-section-height-default\" data-id=\"59c7cfa\" data-element_type=\"section\" data-e-type=\"section\">\n<div class=\"elementor-container elementor-column-gap-default\">\n<div class=\"elementor-column elementor-col-100 elementor-top-column elementor-element elementor-element-4036822\" data-id=\"4036822\" data-element_type=\"column\" data-e-type=\"column\">\n<div class=\"elementor-widget-wrap elementor-element-populated\">\n<div class=\"elementor-element elementor-element-cc3615f elementor-widget__width-initial elementor-widget elementor-widget-text-editor\" data-id=\"cc3615f\" data-element_type=\"widget\" data-e-type=\"widget\" data-widget_type=\"text-editor.default\">\n<div class=\"elementor-widget-container\">\n<p>In the special school in \u010cervenice we are building a new pavilion for children with combined disabilities: deaf and blind at the same time, but also with physical, mental and other combinations of severe disabilities.<\/p>\n<p><img fetchpriority=\"high\" decoding=\"async\" class=\"wp-image-35275 alignleft\" src=\"https:\/\/www.adra.sk\/wp-content\/uploads\/2026\/04\/studia-2b-300x208.jpg\" alt=\"\" width=\"394\" height=\"273\" srcset=\"https:\/\/www.adra.sk\/wp-content\/uploads\/2026\/04\/studia-2b-300x208.jpg 300w, https:\/\/www.adra.sk\/wp-content\/uploads\/2026\/04\/studia-2b-1024x711.jpg 1024w, https:\/\/www.adra.sk\/wp-content\/uploads\/2026\/04\/studia-2b-768x534.jpg 768w, https:\/\/www.adra.sk\/wp-content\/uploads\/2026\/04\/studia-2b-1536x1067.jpg 1536w, https:\/\/www.adra.sk\/wp-content\/uploads\/2026\/04\/studia-2b-2048x1423.jpg 2048w, https:\/\/www.adra.sk\/wp-content\/uploads\/2026\/04\/studia-2b-18x12.jpg 18w, https:\/\/www.adra.sk\/wp-content\/uploads\/2026\/04\/studia-2b-2000x1389.jpg 2000w\" sizes=\"(max-width: 394px) 100vw, 394px\" \/>The new pavilion will house specialist classes, a multisensory laboratory and hydrotherapy, while also creating a connecting corridor and barrier-free link between the school, boarding, dining and gymnasium.<\/p>\n<p>Become a donor to this extraordinary project that helps change the lives of children with severe disabilities. Click on Helpshop and <a href=\"https:\/\/www.adra.sk\/en\/help-shop\/pridaj_tehlu\/\"><strong>ADD A BRICK.<\/strong><\/a>&nbsp;<\/p>\n<p>With your support, we will create the conditions for educators and caregivers to make a real and positive difference for children. Together, we will also give these children a chance to learn and integrate into everyday life.<\/p>\n<p><strong>Current conditions:&nbsp;<\/strong><\/p>\n<p><img decoding=\"async\" class=\"wp-image-35274 alignright\" src=\"https:\/\/www.adra.sk\/wp-content\/uploads\/2026\/04\/schody-300x233.jpg\" alt=\"\" width=\"363\" height=\"282\" srcset=\"https:\/\/www.adra.sk\/wp-content\/uploads\/2026\/04\/schody-300x233.jpg 300w, https:\/\/www.adra.sk\/wp-content\/uploads\/2026\/04\/schody-1024x795.jpg 1024w, https:\/\/www.adra.sk\/wp-content\/uploads\/2026\/04\/schody-768x596.jpg 768w, https:\/\/www.adra.sk\/wp-content\/uploads\/2026\/04\/schody-15x12.jpg 15w, https:\/\/www.adra.sk\/wp-content\/uploads\/2026\/04\/schody.jpg 1172w\" sizes=\"(max-width: 363px) 100vw, 363px\" \/>The school does not have hydrotherapy facilities, which are particularly needed for children with multiple disabilities and bedridden children. They temporarily use a bath tub in the bathroom, but it is not accessible for wheelchair users and is not suitable for rehabilitation.<\/p>\n<p>The school has a small rehabilitation gym in an adjacent building on the first floor, but it is not connected by a corridor and this building does not have an elevator. Therefore, children who are lying down or in wheelchairs do not have access or have to be carried up the stairs by their carers.<\/p>\n<\/div>\n<\/div>\n<\/div>\n<\/div>\n<\/div>\n<\/section>\n<section class=\"elementor-section elementor-top-section elementor-element elementor-element-9604cb6 elementor-section-boxed elementor-section-height-default elementor-section-height-default\" data-id=\"9604cb6\" data-element_type=\"section\" data-e-type=\"section\">\n<div class=\"elementor-container elementor-column-gap-default\">\n<div class=\"elementor-column elementor-col-100 elementor-top-column elementor-element elementor-element-ca3ea01\" data-id=\"ca3ea01\" data-element_type=\"column\" data-e-type=\"column\">\n<div class=\"elementor-widget-wrap elementor-element-populated\">\n<div class=\"elementor-element elementor-element-0518ae9 elementor-widget__width-initial elementor-widget elementor-widget-text-editor\" data-id=\"0518ae9\" data-element_type=\"widget\" data-e-type=\"widget\" data-widget_type=\"text-editor.default\">\n<div class=\"elementor-widget-container\">\n<p>With your support, we will create the conditions for educators and caregivers to make a real and positive difference for children. Together, we will also give these children a chance to learn and integrate into everyday life.<\/p>\n<\/div>\n<\/div>\n<\/div>\n<\/div>\n<\/div>\n<\/section>\n<\/div>\nngg_shortcode_0_placeholder\n<\/div>\n<\/div>\n<\/div>\n<\/div>\n<\/div>\n<\/div>\n<\/div>\n<\/div>\n<\/div>\n<\/div>\n<\/div>\n<\/div>\n<\/div>\n<\/div>\n<\/div>\n<\/div>\n<\/div>\n<\/div>\n<\/div>\n<\/div>\n<\/div>\n<\/div>\n<\/div>\n<\/div>","protected":false},"excerpt":{"rendered":"<p>V \u0161peci\u00e1lnej \u0161kole v \u010cervenici budujeme nov\u00fd pavil\u00f3n, pre deti s kombinovan\u00fdm postihnut\u00edm: nepo\u010duj\u00face aj nevidiace s\u00fa\u010dasne, ale aj s fyzick\u00fdm, ment\u00e1lnym a in\u00fdmi kombin\u00e1ciami \u0165a\u017ek\u00fdch postihnut\u00ed. V novom pavil\u00f3ne bud\u00fa \u0161pecializovan\u00e9 triedy, multisenzorick\u00e9 laborat\u00f3rium a hydroterapia, pri\u010dom z\u00e1rove\u0148 vytvor\u00ed prepojovac\u00ed koridor a bezbari\u00e9rov\u00e9 prepojenie medzi \u0161kolou, intern\u00e1tom, jed\u00e1l\u0148ou a telocvi\u010d\u0148ou. Sta\u0148te sa donorom tohto [&hellip;]<\/p>\n","protected":false},"author":11,"featured_media":35221,"comment_status":"closed","ping_status":"closed","sticky":false,"template":"","format":"standard","meta":{"_acf_changed":false,"ngg_post_thumbnail":0,"footnotes":""},"categories":[288,312],"tags":[332],"class_list":["post-35299","post","type-post","status-publish","format-standard","has-post-thumbnail","hentry","category-na-slovensku","category-top","tag-ukrajina"],"acf":[],"_links":{"self":[{"href":"https:\/\/www.adra.sk\/en\/wp-json\/wp\/v2\/posts\/35299","targetHints":{"allow":["GET"]}}],"collection":[{"href":"https:\/\/www.adra.sk\/en\/wp-json\/wp\/v2\/posts"}],"about":[{"href":"https:\/\/www.adra.sk\/en\/wp-json\/wp\/v2\/types\/post"}],"author":[{"embeddable":true,"href":"https:\/\/www.adra.sk\/en\/wp-json\/wp\/v2\/users\/11"}],"replies":[{"embeddable":true,"href":"https:\/\/www.adra.sk\/en\/wp-json\/wp\/v2\/comments?post=35299"}],"version-history":[{"count":4,"href":"https:\/\/www.adra.sk\/en\/wp-json\/wp\/v2\/posts\/35299\/revisions"}],"predecessor-version":[{"id":35305,"href":"https:\/\/www.adra.sk\/en\/wp-json\/wp\/v2\/posts\/35299\/revisions\/35305"}],"wp:featuredmedia":[{"embeddable":true,"href":"https:\/\/www.adra.sk\/en\/wp-json\/wp\/v2\/media\/35221"}],"wp:attachment":[{"href":"https:\/\/www.adra.sk\/en\/wp-json\/wp\/v2\/media?parent=35299"}],"wp:term":[{"taxonomy":"category","embeddable":true,"href":"https:\/\/www.adra.sk\/en\/wp-json\/wp\/v2\/categories?post=35299"},{"taxonomy":"post_tag","embeddable":true,"href":"https:\/\/www.adra.sk\/en\/wp-json\/wp\/v2\/tags?post=35299"}],"curies":[{"name":"wp","href":"https:\/\/api.w.org\/{rel}","templated":true}]}}