{"id":35847,"date":"2026-09-03T08:00:31","date_gmt":"2026-09-03T08:00:31","guid":{"rendered":"https:\/\/www.adra.sk\/?p=35847"},"modified":"2026-09-03T11:14:18","modified_gmt":"2026-09-03T11:14:18","slug":"vratili-sa-so-skusenostou-ktora-ich-zmenila","status":"publish","type":"post","link":"https:\/\/www.adra.sk\/en\/vratili-sa-so-skusenostou-ktora-ich-zmenila\/","title":{"rendered":"They returned with an experience that changed them"},"content":{"rendered":"<h1 class=\"wp-block-heading has-vivid-green-cyan-color has-text-color\"><\/h1>\n\n\n\n<p class=\"has-black-color has-text-color wp-block-paragraph\"><\/p>\n\n\n<div>\n<div class=\"x11i5rnm xat24cr x1mh8g0r x1vvkbs xtlvy1s x126k92a\">\n<div dir=\"auto\">\n<div class=\"\" data-block=\"true\" data-editor=\"ap2m8\" data-offset-key=\"788g7-0-0\">\n<div dir=\"auto\">\n<div class=\"x11i5rnm xat24cr x1mh8g0r x1vvkbs xtlvy1s x126k92a\">\n<div dir=\"auto\">\n<div class=\"x11i5rnm xat24cr x1mh8g0r x1vvkbs xtlvy1s x126k92a\">\n<div dir=\"auto\">\n<div class=\"x11i5rnm xat24cr x1mh8g0r x1vvkbs xtlvy1s x126k92a\">\n<div dir=\"auto\">\n<div class=\"xdj266r x11i5rnm xat24cr x1mh8g0r x1vvkbs x126k92a\">\n<div class=\"x11i5rnm xat24cr x1mh8g0r x1vvkbs xtlvy1s x126k92a\">\n<div dir=\"auto\">\n<div class=\"x11i5rnm xat24cr x1mh8g0r x1vvkbs xtlvy1s x126k92a\">\n<div dir=\"auto\">\n<div class=\"\" data-block=\"true\" data-editor=\"134m\" data-offset-key=\"8shne-0-0\">\n<div class=\"_1mf _1mj\" data-offset-key=\"8shne-0-0\">\n<div class=\"x11i5rnm xat24cr x1mh8g0r x1vvkbs xtlvy1s x126k92a\">\n<div dir=\"auto\">\n<div class=\"x11i5rnm xat24cr x1mh8g0r x1vvkbs xtlvy1s x126k92a\">\n<div dir=\"auto\">\n<div class=\"\" data-block=\"true\" data-editor=\"ap2m8\" data-offset-key=\"788g7-0-0\">\n<div dir=\"auto\">\n<div class=\"x11i5rnm xat24cr x1mh8g0r x1vvkbs xtlvy1s x126k92a\">\n<div dir=\"auto\">\n<div class=\"x11i5rnm xat24cr x1mh8g0r x1vvkbs xtlvy1s x126k92a\">\n<div dir=\"auto\">\n<div class=\"x11i5rnm xat24cr x1mh8g0r x1vvkbs xtlvy1s x126k92a\">\n<div dir=\"auto\">\n<div class=\"xdj266r x11i5rnm xat24cr x1mh8g0r x1vvkbs x126k92a\">\n<div class=\"x11i5rnm xat24cr x1mh8g0r x1vvkbs xtlvy1s x126k92a\">\n<p>Would you like to know what humanitarian volunteering abroad is really like? What does a volunteer experience over the course of a few months, what challenges do they face, and what can such an experience offer them?<\/p>\n<p><img fetchpriority=\"high\" decoding=\"async\" class=\"size-medium wp-image-35849 alignright\" src=\"https:\/\/www.adra.sk\/wp-content\/uploads\/2026\/09\/e1225402-3e40-4499-83bc-8368f2ab5c7b-225x300.jpg\" alt=\"\" width=\"225\" height=\"300\" srcset=\"https:\/\/www.adra.sk\/wp-content\/uploads\/2026\/09\/e1225402-3e40-4499-83bc-8368f2ab5c7b-225x300.jpg 225w, https:\/\/www.adra.sk\/wp-content\/uploads\/2026\/09\/e1225402-3e40-4499-83bc-8368f2ab5c7b-9x12.jpg 9w, https:\/\/www.adra.sk\/wp-content\/uploads\/2026\/09\/e1225402-3e40-4499-83bc-8368f2ab5c7b.jpg 765w\" sizes=\"(max-width: 225px) 100vw, 225px\" \/><\/p>\n<p>That's exactly what our online webinar will be about&nbsp;<strong>Humanitarian Volunteering Through the Eyes of European Youth. <\/strong>Our <span style=\"font-weight: 400;\">Former volunteers from Spain and Portugal will share their personal experiences from their time in Uganda and Serbia. They will share with participants what surprised them during their stay, what they learned, what volunteering gave them, and how others interested in such an experience can get involved.<\/span><\/p>\n<p><strong>Linda Kukkola from Finland<\/strong> She spent several months in Uganda, where she worked to support a local school. She taught English and physical education, worked with children who needed more individualized support, led training sessions for local teachers, and was also involved in digital education and fundraising.<\/p>\n<\/div>\n<p><strong>Marina Gomez Garcia from Spain<\/strong>&nbsp;She worked in Novi Pazar, Serbia. She focused on children and young people, led creative workshops, and explored topics such as self-expression, identity, and social issues. She also introduced young people to opportunities for international volunteer work and helped them navigate the options for traveling abroad.<\/p>\n<p><img decoding=\"async\" class=\"size-medium wp-image-35807 alignleft\" src=\"https:\/\/www.adra.sk\/wp-content\/uploads\/2026\/08\/546515414_18073538009146370_1950851280417653932_n-300x210.jpg\" alt=\"\" width=\"300\" height=\"210\" srcset=\"https:\/\/www.adra.sk\/wp-content\/uploads\/2026\/08\/546515414_18073538009146370_1950851280417653932_n-300x210.jpg 300w, https:\/\/www.adra.sk\/wp-content\/uploads\/2026\/08\/546515414_18073538009146370_1950851280417653932_n-1024x717.jpg 1024w, https:\/\/www.adra.sk\/wp-content\/uploads\/2026\/08\/546515414_18073538009146370_1950851280417653932_n-768x538.jpg 768w, https:\/\/www.adra.sk\/wp-content\/uploads\/2026\/08\/546515414_18073538009146370_1950851280417653932_n-1536x1076.jpg 1536w, https:\/\/www.adra.sk\/wp-content\/uploads\/2026\/08\/546515414_18073538009146370_1950851280417653932_n-18x12.jpg 18w, https:\/\/www.adra.sk\/wp-content\/uploads\/2026\/08\/546515414_18073538009146370_1950851280417653932_n.jpg 1733w\" sizes=\"(max-width: 300px) 100vw, 300px\" \/><\/p>\n<p>During the webinar, they\u2019ll share their experiences, lessons learned, and challenges they faced during their stay. You\u2019ll learn what a volunteer\u2019s daily life is like, what volunteering has given them, and what advice they would offer to those considering a similar experience.<\/p>\n<p>The webinar will also include practical information on how to get involved in humanitarian volunteer work and what steps are needed to secure a volunteer position abroad.<\/p>\n<h3>Would you like to get involved in humanitarian volunteer work?<\/h3>\n<p><strong>ADRA Online Webinar: Humanitarian Volunteering Through the Eyes of European Youth<\/strong><\/p>\n<p><strong>September 10, 2026, at 6:00 p.m.<\/strong><br><strong>Length:<\/strong>&nbsp;90 minutes<br><strong>Language:<\/strong>&nbsp;Slovak and English, without interpretation<br><strong>Condition:<\/strong>&nbsp;communicative proficiency in English<\/p>\n<p><b>Webinar Registration:<\/b><b><br><\/b><a href=\"https:\/\/us06web.zoom.us\/j\/87806503879\"><b>https:\/\/us06web.zoom.us\/j\/87806503879<\/b><\/a><b>&nbsp;<\/b><\/p>\n<p><span style=\"font-weight: 400;\">Project <\/span><b>Humanitarian Volunteering for Solidarity Activities<\/b><span style=\"font-weight: 400;\"> It is co-financed by the European Union under the European Solidarity Corps.&nbsp;<\/span><\/p>\n<\/div>\n<\/div>\n<\/div>\n<\/div>\n<\/div>\n<\/div>\n<\/div>\n<\/div>\n<\/div>\n<div class=\"\" data-block=\"true\" data-editor=\"ap2m8\" data-offset-key=\"788g7-0-0\">\n<div dir=\"auto\">\n<div class=\"x11i5rnm xat24cr x1mh8g0r x1vvkbs xtlvy1s x126k92a\">\n<div dir=\"auto\">\n<div class=\"x11i5rnm xat24cr x1mh8g0r x1vvkbs xtlvy1s x126k92a\">\n<div dir=\"auto\">\n<div class=\"x11i5rnm xat24cr x1mh8g0r x1vvkbs xtlvy1s x126k92a\">\n<div dir=\"auto\">\n<div class=\"xdj266r x11i5rnm xat24cr x1mh8g0r x1vvkbs x126k92a\">\n<div dir=\"auto\">\n<p><img decoding=\"async\" class=\"alignnone wp-image-35820 size-medium\" src=\"https:\/\/www.adra.sk\/wp-content\/uploads\/2026\/08\/EU-ESC-logos-1-300x75.png\" alt=\"\" width=\"300\" height=\"75\" srcset=\"https:\/\/www.adra.sk\/wp-content\/uploads\/2026\/08\/EU-ESC-logos-1-300x75.png 300w, https:\/\/www.adra.sk\/wp-content\/uploads\/2026\/08\/EU-ESC-logos-1-18x4.png 18w, https:\/\/www.adra.sk\/wp-content\/uploads\/2026\/08\/EU-ESC-logos-1.png 450w\" sizes=\"(max-width: 300px) 100vw, 300px\" \/>&nbsp;<\/p>\n<p>&nbsp;<\/p>\n<\/div>\n<\/div>\n<\/div>\n<\/div>\n<\/div>\n<\/div>\n<\/div>\n<\/div>\n<\/div>\n<\/div>\n<\/div>\n<\/div>\n<\/div>\n<\/div>\n<\/div>\n<\/div>\n<\/div>\n<\/div>\n<\/div>\n<\/div>\n<\/div>\n<\/div>\n<\/div>\n<\/div>\n<\/div>\n<\/div>\n<\/div>\n<\/div>\n<\/div>\n<\/div>\n<\/div>\n<\/div>\n<p><span style=\"color: #000000;\"><!--more--><\/span><\/p>\n\n\n<p class=\"wp-block-paragraph\"><\/p>","protected":false},"excerpt":{"rendered":"<p>Chcete vedie\u0165, ako vyzer\u00e1 humanit\u00e1rne dobrovo\u013en\u00edctvo v zahrani\u010d\u00ed naozaj? \u010co dobrovo\u013en\u00edk po\u010das nieko\u013ek\u00fdch mesiacov za\u017eije, s ak\u00fdmi v\u00fdzvami sa stretne a \u010do mu tak\u00e1to sk\u00fasenos\u0165 m\u00f4\u017ee prinies\u0165? Pr\u00e1ve o tom bude n\u00e1\u0161 online webin\u00e1r&nbsp;Humanit\u00e1rne dobrovo\u013en\u00edctvo o\u010dami eur\u00f3pskej ml\u00e1de\u017ee. Na\u0161e b\u00fdval\u00e9 dobrovo\u013en\u00ed\u010dky zo \u0160panielska a Portugalska predstavia svoje vlastn\u00e9 sk\u00fasenosti z p\u00f4sobenia v Ugande a Srbsku. [&hellip;]<\/p>\n","protected":false},"author":2125,"featured_media":35852,"comment_status":"closed","ping_status":"closed","sticky":false,"template":"","format":"standard","meta":{"_acf_changed":false,"ngg_post_thumbnail":0,"footnotes":""},"categories":[292,380,331,312,305],"tags":[317],"class_list":["post-35847","post","type-post","status-publish","format-standard","has-post-thumbnail","hentry","category-blog","category-dobrovolnictvo","category-srbsko","category-top","category-uganda","tag-dobrovolnictvo"],"acf":[],"_links":{"self":[{"href":"https:\/\/www.adra.sk\/en\/wp-json\/wp\/v2\/posts\/35847","targetHints":{"allow":["GET"]}}],"collection":[{"href":"https:\/\/www.adra.sk\/en\/wp-json\/wp\/v2\/posts"}],"about":[{"href":"https:\/\/www.adra.sk\/en\/wp-json\/wp\/v2\/types\/post"}],"author":[{"embeddable":true,"href":"https:\/\/www.adra.sk\/en\/wp-json\/wp\/v2\/users\/2125"}],"replies":[{"embeddable":true,"href":"https:\/\/www.adra.sk\/en\/wp-json\/wp\/v2\/comments?post=35847"}],"version-history":[{"count":6,"href":"https:\/\/www.adra.sk\/en\/wp-json\/wp\/v2\/posts\/35847\/revisions"}],"predecessor-version":[{"id":35856,"href":"https:\/\/www.adra.sk\/en\/wp-json\/wp\/v2\/posts\/35847\/revisions\/35856"}],"wp:featuredmedia":[{"embeddable":true,"href":"https:\/\/www.adra.sk\/en\/wp-json\/wp\/v2\/media\/35852"}],"wp:attachment":[{"href":"https:\/\/www.adra.sk\/en\/wp-json\/wp\/v2\/media?parent=35847"}],"wp:term":[{"taxonomy":"category","embeddable":true,"href":"https:\/\/www.adra.sk\/en\/wp-json\/wp\/v2\/categories?post=35847"},{"taxonomy":"post_tag","embeddable":true,"href":"https:\/\/www.adra.sk\/en\/wp-json\/wp\/v2\/tags?post=35847"}],"curies":[{"name":"wp","href":"https:\/\/api.w.org\/{rel}","templated":true}]}}